{"id":90323,"date":"2025-12-30T20:29:07","date_gmt":"2025-12-30T20:29:07","guid":{"rendered":"https:\/\/www.europesays.com\/lv\/90323\/"},"modified":"2025-12-30T20:29:07","modified_gmt":"2025-12-30T20:29:07","slug":"sesi-ievainoti-evakueti-100-cilveku-lente-lv","status":"publish","type":"post","link":"https:\/\/www.europesays.com\/lv\/90323\/","title":{"rendered":"se\u0161i ievainoti, evaku\u0113ti 100 cilv\u0113ku\u00a0\u2014\u00a0Lente.lv"},"content":{"rendered":"<p>Tra\u0123\u0113dija Pjemont\u0101<\/p>\n<p>It\u0101lijas Pjemontas re\u0123ion\u0101 otrdien noticis nopietns funikulierier\u012bces negad\u012bjums, kur\u0101 ievainoti vismaz se\u0161i cilv\u0113ki. Aptuveni 100 cilv\u0113ki tika evaku\u0113ti, izmantojot helikopterus, zi\u0146o viet\u0113j\u0101s amatpersonas. K\u0101 inform\u0113 telekan\u0101ls EuroNews, negad\u012bjums noticis ap plkst. 11:25 pie Makugnanas ciema, kad divas kab\u012bnes sad\u016br\u0101s ar funikulierier\u012bces aug\u0161\u0113jo un apak\u0161\u0113jo staciju.<\/p>\n<p>Negad\u012bjuma apst\u0101k\u013ci un gl\u0101b\u0161anas darbi<\/p>\n<p>Notikuma viet\u0101 nekav\u0113joties ierad\u0101s Kalnu gl\u0101b\u0161anas dienests, policija un ugunsdz\u0113s\u0113ji. Apk\u0101rt\u0113j\u0101s sl\u0113po\u0161anas trases tika sl\u0113gtas, un funikulierier\u012bces darb\u012bba tika aptur\u0113ta. Str\u0101d\u0101jot gl\u0101b\u0113jiem, tika evaku\u0113ti kaln\u0101 iesprostotie cilv\u0113ki, galvenok\u0101rt t\u016bristi.<\/p>\n<p>Komp\u0101nijas vad\u012bt\u0101ja skaidrojums<\/p>\n<p>Funikulierier\u012bces operators, uz\u0146\u0113muma \u201cMacugnaga Trasporti e Servizi\u201d vad\u012bt\u0101js Filipo Besoci, skaidroja, ka viena no kab\u012bn\u0113m nav sp\u0113jusi laic\u012bgi samazin\u0101t \u0101trumu un ietriec\u0101s stacijas barjer\u0101. \u201cPar laimi, nav nopietnu traumu, neviena dz\u012bv\u012bba nav apdraud\u0113ta. Vienam 59 gadus vecam v\u012brietim ir br\u016bce rok\u0101. Citi guvu\u0161i nelielus nobr\u0101zumus,\u201d vi\u0146\u0161 piebilda.<\/p>\n<p>Infrastrukt\u016bras v\u0113sture un iepriek\u0161\u0113jie negad\u012bjumi<\/p>\n<p>Makugnanas funikulierier\u012bce tika uzb\u016bv\u0113ta 1962. gad\u0101 un tika renov\u0113ta 2023. gad\u0101, nomainot dzin\u0113jus un kab\u012bnes par aptuveni 2 miljoniem eiro. P\u0113d\u0113jos gados It\u0101lij\u0101 ir notiku\u0161i vair\u0101ki nopietni funikulierier\u012b\u010du negad\u012bjumi. P\u0113d\u0113jais \u0161\u0101ds incidents notika apr\u012bl\u012b net\u0101lu no Kastelamare di Stabijas, kur dz\u012bv\u012bbu zaud\u0113ja \u010detri cilv\u0113ki.<\/p>\n","protected":false},"excerpt":{"rendered":"Tra\u0123\u0113dija Pjemont\u0101 It\u0101lijas Pjemontas re\u0123ion\u0101 otrdien noticis nopietns funikulierier\u012bces negad\u012bjums, kur\u0101 ievainoti vismaz se\u0161i cilv\u0113ki. Aptuveni 100 cilv\u0113ki&hellip;\n","protected":false},"author":2,"featured_media":90324,"comment_status":"","ping_status":"","sticky":false,"template":"","format":"standard","meta":{"footnotes":""},"categories":[14],"tags":[23,57,28,29,5854,32,33,22778,16446,22,22779,2316,30,31,35,39,38,36,37,34,40,20,26,27,24,25,54,55,56,21,58],"class_list":{"0":"post-90323","1":"post","2":"type-post","3":"status-publish","4":"format-standard","5":"has-post-thumbnail","7":"category-zinas-no-arvalstim","8":"tag-aktualitates","9":"tag-arvalstim","10":"tag-breaking-news","11":"tag-breakingnews","12":"tag-evakuacija","13":"tag-featured-news","14":"tag-featurednews","15":"tag-funikulierierices-negadijums","16":"tag-glabsanas-darbi","17":"tag-headlines","18":"tag-ievainoti","19":"tag-italija","20":"tag-latest-news","21":"tag-latestnews","22":"tag-latvia","23":"tag-latvian","24":"tag-latviesu","25":"tag-latviesu-valoda","26":"tag-latviesuvaloda","27":"tag-latvija","28":"tag-lv","29":"tag-news","30":"tag-popularakas-zinas","31":"tag-popularakaszinas","32":"tag-top-stories","33":"tag-topstories","34":"tag-world","35":"tag-world-news","36":"tag-worldnews","37":"tag-zinas","38":"tag-zinas-no-arvalstim"},"share_on_mastodon":{"url":"https:\/\/pubeurope.com\/@lv\/115810412987349474","error":""},"_links":{"self":[{"href":"https:\/\/www.europesays.com\/lv\/wp-json\/wp\/v2\/posts\/90323","targetHints":{"allow":["GET"]}}],"collection":[{"href":"https:\/\/www.europesays.com\/lv\/wp-json\/wp\/v2\/posts"}],"about":[{"href":"https:\/\/www.europesays.com\/lv\/wp-json\/wp\/v2\/types\/post"}],"author":[{"embeddable":true,"href":"https:\/\/www.europesays.com\/lv\/wp-json\/wp\/v2\/users\/2"}],"replies":[{"embeddable":true,"href":"https:\/\/www.europesays.com\/lv\/wp-json\/wp\/v2\/comments?post=90323"}],"version-history":[{"count":0,"href":"https:\/\/www.europesays.com\/lv\/wp-json\/wp\/v2\/posts\/90323\/revisions"}],"wp:featuredmedia":[{"embeddable":true,"href":"https:\/\/www.europesays.com\/lv\/wp-json\/wp\/v2\/media\/90324"}],"wp:attachment":[{"href":"https:\/\/www.europesays.com\/lv\/wp-json\/wp\/v2\/media?parent=90323"}],"wp:term":[{"taxonomy":"category","embeddable":true,"href":"https:\/\/www.europesays.com\/lv\/wp-json\/wp\/v2\/categories?post=90323"},{"taxonomy":"post_tag","embeddable":true,"href":"https:\/\/www.europesays.com\/lv\/wp-json\/wp\/v2\/tags?post=90323"}],"curies":[{"name":"wp","href":"https:\/\/api.w.org\/{rel}","templated":true}]}}