{"id":90327,"date":"2025-12-30T20:35:07","date_gmt":"2025-12-30T20:35:07","guid":{"rendered":"https:\/\/www.europesays.com\/lv\/90327\/"},"modified":"2025-12-30T20:35:07","modified_gmt":"2025-12-30T20:35:07","slug":"arestets-sanktpeterburgas-pasvaldibas-rajona-vaditajs","status":"publish","type":"post","link":"https:\/\/www.europesays.com\/lv\/90327\/","title":{"rendered":"Arest\u0113ts Sanktp\u0113terburgas pa\u0161vald\u012bbas rajona vad\u012bt\u0101js"},"content":{"rendered":"<p class=\"descr\">Sanktp\u0113terburg\u0101 dro\u0161\u012bbas sp\u0113ki aiztur\u0113ja Da\u010dnojes pa\u0161vald\u012bbas rajona vad\u012bt\u0101ju Vadimu Sagalajevu un vi\u0146a vietnieku Igoru Zabolotniju, raksta The Moscow Times.<\/p>\n<p> Vi\u0146i tiek aps\u016bdz\u0113ti tr\u012bsk\u0101r\u0161as slepkav\u012bbas organiz\u0113\u0161an\u0101 un uz\u0146\u0113m\u0113ja atent\u0101ta m\u0113\u0123in\u0101jum\u0101, zi\u0146o Baza. P\u0113c izmekl\u0113t\u0101ju teikt\u0101, noziegums notika zieme\u013cu galvaspils\u0113t\u0101 2003. gada vasar\u0101. Hidrol\u012bzes p\u0113tniec\u012bbas instit\u016bta \u0123ener\u0101ldirektors Jevg\u0113\u0146ijs Dorfmans kop\u0101 ar sievu un apsargu tika no\u0161auti vi\u0146u daudzdz\u012bvok\u013cu m\u0101jas ieej\u0101. P\u0113c vi\u0146u slepkav\u012bbas Sagalajevs p\u0101r\u0146\u0113ma uz\u0146\u0113muma kontroli, bet gadu v\u0113l\u0101k k\u013cuva par parlamenta deput\u0101tu un pa\u0161vald\u012bbas rajona vad\u012bt\u0101ju.<\/p>\n<blockquote><p>Ar\u012b 2003. gada ruden\u012b net\u0101lu no Smo\u013cnija tika m\u0113\u0123in\u0101ts <a href=\"https:\/\/nra.lv\/tautaruna\/kriminali\/510152-sievietei-piespriez-navessodu-par-gimenes-loceklu-noindesanu.htm\" data-item-link=\"true\" data-item-id=\"510152\" rel=\"nofollow noopener\" target=\"_blank\">uzspridzin\u0101t <\/a>uz\u0146\u0113m\u0113ja Mercedes automa\u0161\u012bnu, ta\u010du gar\u0101mg\u0101j\u0113js paman\u012bja spridzin\u0101t\u0101ju, un atent\u0101ta m\u0113\u0123in\u0101jums tika nov\u0113rsts. Pag\u0101ju\u0161aj\u0101 ned\u0113\u013c\u0101 dro\u0161\u012bbas sp\u0113ki arest\u0113ja neveiksm\u012bg\u0101s atent\u0101ta vaininieku Juriju Vasi\u013cjevu. Tiek zi\u0146ots, ka vi\u0146\u0161 sniedza liec\u012bbas, kas \u013c\u0101va identific\u0113t iesp\u0113jamos organizatorus &#8211; 60 gadus veco Silajevu un 55 gadus veco Zabolotniju. P\u0113d\u0113jais bija biju\u0161ais specvien\u012bbu brig\u0101des karav\u012brs un piedal\u012bj\u0101s milit\u0101raj\u0101s oper\u0101cij\u0101s Kalnu Karabah\u0101 un Tad\u017eikist\u0101n\u0101. Abu m\u0101ju p\u0101rmekl\u0113\u0161ana notika 29. decembr\u012b.<\/p><\/blockquote>\n<p>Saska\u0146\u0101 ar Fontankas sniegto inform\u0101ciju, lietu izmekl\u0113 Izmekl\u0113\u0161anas komitejas, <a href=\"https:\/\/nra.lv\/pasaule\/494404-sanktpeterburga-atslegts-mobilais-internets-pastav-sazverstibas-teorija-kapec-ta-notika.htm\" data-item-link=\"true\" data-item-id=\"494404\" rel=\"nofollow noopener\" target=\"_blank\">Sanktp\u0113terburgas <\/a>Iek\u0161lietu ministrijas Krimin\u0101lizmekl\u0113\u0161anas departamenta un FSB &#8220;M&#8221; direktor\u0101ta darbinieki. Publik\u0101cij\u0101 nor\u0101d\u012bts, ka Vasi\u013cjevs bija Mali\u0161evskajas organiz\u0113t\u0101s noziedz\u012bbas grupas loceklis, kas Sanktp\u0113terburg\u0101 darboj\u0101s no 20. gadsimta 80. gadu beig\u0101m l\u012bdz 90. gadu vidum. Vi\u0146\u0161 nav atzinis savu vainu.<\/p>\n<p>Sagalajevs Da\u010dnojes pa\u0161vald\u012bbas rajonu vad\u012bja vair\u0101k nek\u0101 20 gadus. Katru reizi vi\u0146\u0161 tika iev\u0113l\u0113ts k\u0101 Vienot\u0101s Krievijas kandid\u0101ts. P\u0113c vi\u0146a aresta partija aptur\u0113ja Sagalajeva dal\u012bbu partij\u0101 &#8220;l\u012bdz sprieduma pasludin\u0101\u0161anai&#8221; un iz\u0146\u0113ma vi\u0146a lapu no savas t\u012bmek\u013ca vietnes.<\/p>\n<p>\t\t\t\t\t\tinfo<\/p>\n<p>Uzzini pirmais<br \/>kas interesants noticis Latvij\u0101 un pasaul\u0113,<br \/>pievienojoties mums <a href=\"https:\/\/t.me\/neatkariga\" rel=\"nofollow\">Telegram<\/a> vai <a href=\"https:\/\/whatsapp.com\/channel\/0029VaMLFUH5K3zLU5s4wm3y\" rel=\"nofollow noopener\" target=\"_blank\">Whatsapp<\/a> kan\u0101l\u0101<\/p>\n","protected":false},"excerpt":{"rendered":"Sanktp\u0113terburg\u0101 dro\u0161\u012bbas sp\u0113ki aiztur\u0113ja Da\u010dnojes pa\u0161vald\u012bbas rajona vad\u012bt\u0101ju Vadimu Sagalajevu un vi\u0146a vietnieku Igoru Zabolotniju, raksta The Moscow&hellip;\n","protected":false},"author":2,"featured_media":90328,"comment_status":"","ping_status":"","sticky":false,"template":"","format":"standard","meta":{"footnotes":""},"categories":[14],"tags":[23,57,28,29,32,33,22,30,31,35,39,38,36,37,34,40,20,26,27,24,25,54,55,56,21,58],"class_list":{"0":"post-90327","1":"post","2":"type-post","3":"status-publish","4":"format-standard","5":"has-post-thumbnail","7":"category-zinas-no-arvalstim","8":"tag-aktualitates","9":"tag-arvalstim","10":"tag-breaking-news","11":"tag-breakingnews","12":"tag-featured-news","13":"tag-featurednews","14":"tag-headlines","15":"tag-latest-news","16":"tag-latestnews","17":"tag-latvia","18":"tag-latvian","19":"tag-latviesu","20":"tag-latviesu-valoda","21":"tag-latviesuvaloda","22":"tag-latvija","23":"tag-lv","24":"tag-news","25":"tag-popularakas-zinas","26":"tag-popularakaszinas","27":"tag-top-stories","28":"tag-topstories","29":"tag-world","30":"tag-world-news","31":"tag-worldnews","32":"tag-zinas","33":"tag-zinas-no-arvalstim"},"share_on_mastodon":{"url":"https:\/\/pubeurope.com\/@lv\/115810436553782388","error":""},"_links":{"self":[{"href":"https:\/\/www.europesays.com\/lv\/wp-json\/wp\/v2\/posts\/90327","targetHints":{"allow":["GET"]}}],"collection":[{"href":"https:\/\/www.europesays.com\/lv\/wp-json\/wp\/v2\/posts"}],"about":[{"href":"https:\/\/www.europesays.com\/lv\/wp-json\/wp\/v2\/types\/post"}],"author":[{"embeddable":true,"href":"https:\/\/www.europesays.com\/lv\/wp-json\/wp\/v2\/users\/2"}],"replies":[{"embeddable":true,"href":"https:\/\/www.europesays.com\/lv\/wp-json\/wp\/v2\/comments?post=90327"}],"version-history":[{"count":0,"href":"https:\/\/www.europesays.com\/lv\/wp-json\/wp\/v2\/posts\/90327\/revisions"}],"wp:featuredmedia":[{"embeddable":true,"href":"https:\/\/www.europesays.com\/lv\/wp-json\/wp\/v2\/media\/90328"}],"wp:attachment":[{"href":"https:\/\/www.europesays.com\/lv\/wp-json\/wp\/v2\/media?parent=90327"}],"wp:term":[{"taxonomy":"category","embeddable":true,"href":"https:\/\/www.europesays.com\/lv\/wp-json\/wp\/v2\/categories?post=90327"},{"taxonomy":"post_tag","embeddable":true,"href":"https:\/\/www.europesays.com\/lv\/wp-json\/wp\/v2\/tags?post=90327"}],"curies":[{"name":"wp","href":"https:\/\/api.w.org\/{rel}","templated":true}]}}