{"id":90329,"date":"2025-12-30T20:37:08","date_gmt":"2025-12-30T20:37:08","guid":{"rendered":"https:\/\/www.europesays.com\/lv\/90329\/"},"modified":"2025-12-30T20:37:08","modified_gmt":"2025-12-30T20:37:08","slug":"ignoreja-visparpienemtas-uzvedibas-normas-zurnalists-rezekne-veicot-darba-pienakumus-demonstre-necienu","status":"publish","type":"post","link":"https:\/\/www.europesays.com\/lv\/90329\/","title":{"rendered":"\u201cIgnor\u0113ja visp\u0101rpie\u0146emt\u0101s uzved\u012bbas normas\u201d \u2013 \u017eurn\u0101lists R\u0113zekn\u0113, veicot darba pien\u0101kumus, demonstr\u0113 necie\u0146u"},"content":{"rendered":"<p>    <img decoding=\"async\" src=\"https:\/\/www.europesays.com\/lv\/wp-content\/uploads\/2025\/12\/Screenshot-2025-12-30-at-19.38.27-1024x606.png\" alt=\"&#10;Tenis Bikovskis.&#10;\"\/><\/p>\n<p>Tenis Bikovskis.<\/p>\n<p>FOTO: Ekr\u0101n\u0161\u0101vi\u0146\u0161\/ LSM\n<\/p>\n<p>19:44, 30. decembris 2025<\/p>\n<p>\u0160odien R\u0113zeknes pa\u0161vald\u012bb\u0101 notikusi darba grupas s\u0113de, ta\u010du to n\u0101cies p\u0101rtraukt \u017eurn\u0101lista necie\u0146as d\u0113\u013c.<\/p>\n<p>        Las\u012bt\u0101kie<br \/>\n        <a data-imagesrc=\"{&quot;300&quot;:&quot;https:\\\/\\\/lastatic.ams3.cdn.digitaloceanspaces.com\\\/2017\\\/12\\\/jaunais-300x200.jpg&quot;,&quot;768&quot;:&quot;https:\\\/\\\/lastatic.ams3.cdn.digitaloceanspaces.com\\\/2017\\\/12\\\/jaunais-768x512.jpg&quot;,&quot;80&quot;:&quot;https:\\\/\\\/lastatic.ams3.cdn.digitaloceanspaces.com\\\/2017\\\/12\\\/jaunais-80x48.jpg&quot;,&quot;112&quot;:&quot;https:\\\/\\\/lastatic.ams3.cdn.digitaloceanspaces.com\\\/2017\\\/12\\\/jaunais-112x64.jpg&quot;,&quot;664&quot;:&quot;https:\\\/\\\/lastatic.ams3.cdn.digitaloceanspaces.com\\\/2017\\\/12\\\/jaunais-664x443.jpg&quot;,&quot;240&quot;:&quot;https:\\\/\\\/lastatic.ams3.cdn.digitaloceanspaces.com\\\/2017\\\/12\\\/jaunais-240x160.jpg&quot;,&quot;263&quot;:&quot;https:\\\/\\\/lastatic.ams3.cdn.digitaloceanspaces.com\\\/2017\\\/12\\\/jaunais-263x175.jpg&quot;,&quot;507&quot;:&quot;https:\\\/\\\/lastatic.ams3.cdn.digitaloceanspaces.com\\\/2017\\\/12\\\/jaunais-507x338.jpg&quot;,&quot;118&quot;:&quot;https:\\\/\\\/lastatic.ams3.cdn.digitaloceanspaces.com\\\/2017\\\/12\\\/jaunais-118x70.jpg&quot;,&quot;348&quot;:&quot;https:\\\/\\\/lastatic.ams3.cdn.digitaloceanspaces.com\\\/2017\\\/12\\\/jaunais-348x225.jpg&quot;,&quot;640&quot;:&quot;https:\\\/\\\/lastatic.ams3.cdn.digitaloceanspaces.com\\\/2017\\\/12\\\/jaunais-640x640.jpg&quot;,&quot;90&quot;:&quot;https:\\\/\\\/lastatic.ams3.cdn.digitaloceanspaces.com\\\/2017\\\/12\\\/jaunais-90x58.jpg&quot;,&quot;960&quot;:&quot;https:\\\/\\\/lastatic.ams3.cdn.digitaloceanspaces.com\\\/2017\\\/12\\\/jaunais.jpg&quot;}\" data-focuspoint=\"&quot;&quot;\" data-p=\"2477013\" href=\"https:\/\/www.la.lv\/ko-vilkt-mugura-sagaidot-uguniga-zirga-gadu-padomi-katrai-zodiaka-zimei-lai-piesaistitu-veiksmi-un-harmoniju\" class=\"content-item lazy-load\" wp_automatic_readability=\"27.5\" rel=\"nofollow noopener\" target=\"_blank\"><\/p>\n<p>                                <img decoding=\"async\" src=\"\" alt=\"\" style=\"\" data-imageid=\"\"\/><\/p>\n<p>                                Kokteilis<\/p>\n<p>\n                                                Ko vilkt mugur\u0101, sagaidot Ugun\u012bg\u0101 Zirga gadu? Padomi katrai zodiaka z\u012bmei, lai piesaist\u012btu veiksmi un harmoniju\n                            <\/p>\n<p><\/a><a data-imagesrc=\"{&quot;300&quot;:&quot;https:\\\/\\\/lastatic.ams3.cdn.digitaloceanspaces.com\\\/2025\\\/08\\\/FOTO-300x199.jpeg&quot;,&quot;1024&quot;:&quot;https:\\\/\\\/lastatic.ams3.cdn.digitaloceanspaces.com\\\/2025\\\/08\\\/FOTO-1024x680.jpeg&quot;,&quot;768&quot;:&quot;https:\\\/\\\/lastatic.ams3.cdn.digitaloceanspaces.com\\\/2025\\\/08\\\/FOTO-768x510.jpeg&quot;,&quot;1536&quot;:&quot;https:\\\/\\\/lastatic.ams3.cdn.digitaloceanspaces.com\\\/2025\\\/08\\\/FOTO-1536x1019.jpeg&quot;,&quot;200&quot;:&quot;https:\\\/\\\/lastatic.ams3.cdn.digitaloceanspaces.com\\\/2025\\\/08\\\/FOTO-200x133.jpeg&quot;,&quot;400&quot;:&quot;https:\\\/\\\/lastatic.ams3.cdn.digitaloceanspaces.com\\\/2025\\\/08\\\/FOTO-400x265.jpeg&quot;,&quot;500&quot;:&quot;https:\\\/\\\/lastatic.ams3.cdn.digitaloceanspaces.com\\\/2025\\\/08\\\/FOTO-500x332.jpeg&quot;,&quot;800&quot;:&quot;https:\\\/\\\/lastatic.ams3.cdn.digitaloceanspaces.com\\\/2025\\\/08\\\/FOTO-800x531.jpeg&quot;,&quot;1000&quot;:&quot;https:\\\/\\\/lastatic.ams3.cdn.digitaloceanspaces.com\\\/2025\\\/08\\\/FOTO-1000x664.jpeg&quot;,&quot;1588&quot;:&quot;https:\\\/\\\/lastatic.ams3.cdn.digitaloceanspaces.com\\\/2025\\\/08\\\/FOTO.jpeg&quot;}\" data-focuspoint=\"&quot;&quot;\" data-p=\"2486622\" href=\"https:\/\/www.la.lv\/gastroenterologs-vilkoite-ja-burcina-ir-pelejuma-virskarta-tad-viss-burcinas-saturs-ir-sabojats\" class=\"content-item lazy-load\" wp_automatic_readability=\"27\" rel=\"nofollow noopener\" target=\"_blank\"><\/p>\n<p>                                <img decoding=\"async\" src=\"\" alt=\"\" style=\"\" data-imageid=\"\"\/><\/p>\n<p>                                Veselam<\/p>\n<p>\n                                                Gastroenterologs Vilkoite: Ja burci\u0146\u0101 ir pel\u0113juma virsk\u0101rta, tad viss burci\u0146as saturs ir saboj\u0101ts\n                            <\/p>\n<p><\/a><a data-imagesrc=\"{&quot;300&quot;:&quot;https:\\\/\\\/lastatic.ams3.cdn.digitaloceanspaces.com\\\/2025\\\/01\\\/DSC05647--300x200.jpg&quot;,&quot;1024&quot;:&quot;https:\\\/\\\/lastatic.ams3.cdn.digitaloceanspaces.com\\\/2025\\\/01\\\/DSC05647--1024x683.jpg&quot;,&quot;768&quot;:&quot;https:\\\/\\\/lastatic.ams3.cdn.digitaloceanspaces.com\\\/2025\\\/01\\\/DSC05647--768x512.jpg&quot;,&quot;1536&quot;:&quot;https:\\\/\\\/lastatic.ams3.cdn.digitaloceanspaces.com\\\/2025\\\/01\\\/DSC05647--1536x1024.jpg&quot;,&quot;2048&quot;:&quot;https:\\\/\\\/lastatic.ams3.cdn.digitaloceanspaces.com\\\/2025\\\/01\\\/DSC05647--2048x1365.jpg&quot;,&quot;200&quot;:&quot;https:\\\/\\\/lastatic.ams3.cdn.digitaloceanspaces.com\\\/2025\\\/01\\\/DSC05647--200x133.jpg&quot;,&quot;400&quot;:&quot;https:\\\/\\\/lastatic.ams3.cdn.digitaloceanspaces.com\\\/2025\\\/01\\\/DSC05647--400x267.jpg&quot;,&quot;500&quot;:&quot;https:\\\/\\\/lastatic.ams3.cdn.digitaloceanspaces.com\\\/2025\\\/01\\\/DSC05647--500x333.jpg&quot;,&quot;800&quot;:&quot;https:\\\/\\\/lastatic.ams3.cdn.digitaloceanspaces.com\\\/2025\\\/01\\\/DSC05647--800x533.jpg&quot;,&quot;1000&quot;:&quot;https:\\\/\\\/lastatic.ams3.cdn.digitaloceanspaces.com\\\/2025\\\/01\\\/DSC05647--1000x667.jpg&quot;,&quot;2560&quot;:&quot;https:\\\/\\\/lastatic.ams3.cdn.digitaloceanspaces.com\\\/2025\\\/01\\\/DSC05647--scaled.jpg&quot;}\" data-focuspoint=\"&quot;&quot;\" data-p=\"2486718\" href=\"https:\/\/www.la.lv\/viens-no-rupjakajiem-parkapumiem-saja-gadijuma-ir-zverinats-advokats-izanalizejis-raimonda-paula-dziesmu-svetku-rikosanu-no-tiesibu-prizmas\" class=\"content-item lazy-load\" wp_automatic_readability=\"26.5\" rel=\"nofollow noopener\" target=\"_blank\"><\/p>\n<p>                                <img decoding=\"async\" src=\"\" alt=\"\" style=\"\" data-imageid=\"\"\/><\/p>\n<p>\n                                                \u201cViens no rupj\u0101kajiem p\u0101rk\u0101pumiem \u0161aj\u0101 gad\u012bjum\u0101 ir\u2026\u201d Advok\u0101ts izanaliz\u0113jis Raimonda Paula Dziesmu sv\u0113tku r\u012bko\u0161anu no ties\u012bbu prizmas\n                            <\/p>\n<p><\/a><br \/>\n        <a class=\"read-more\" href=\"https:\/\/www.la.lv\/top\" rel=\"nofollow noopener\" target=\"_blank\">Las\u012bt citas zi\u0146as<\/a><\/p>\n<p>R\u0113zeknes \u201cFacebook\u201d profil\u0101 tiek l\u0113sts: \u201cOtrdien, 30. decembr\u012b, R\u0113zeknes valstspils\u0113tas pa\u0161vald\u012bb\u0101 notika darba grupas k\u0101rt\u0113j\u0101 s\u0113de, lai izv\u0113rt\u0113tu pa\u0161vald\u012bbas kapit\u0101lsabiedr\u012bbas SIA \u201cAustrumlatvijas koncertz\u0101le\u201d un pa\u0161vald\u012bbas a\u0123ent\u016bras \u201cR\u0113zeknes Kult\u016bras un t\u016brisma centrs\u201d turpm\u0101k\u0101s darb\u012bbas mode\u013cus.<\/p>\n<p>Rea\u0123\u0113jot uz Latvijas Radio Latgales studijas \u017eurn\u0101lista Te\u0146a Bikovska klaju necie\u0146u un provokat\u012bvu uzved\u012bbu un apzin\u0101tu darba grupas norises trauc\u0113\u0161anu 30. decembra san\u0101ksm\u0113, darba grupas vad\u012bt\u0101ja Kar\u012bna Bartkevi\u010da bija spiesta p\u0101rtraukt san\u0101ksmi.<\/p>\n<p>    CITI \u0160OBR\u012aD LASA<\/p>\n<p>Par rupju darba procesa k\u0101rt\u012bbas trauc\u0113\u0161anu pa\u0161vald\u012bba iesniedza iesniegumu Valsts policij\u0101 un l\u016bdza par \u0161o faktu uzs\u0101kt krimin\u0101lprocesu. T\u0101pat pa\u0161vald\u012bba pl\u0101no v\u0113rsties Latvijas \u017durn\u0101listu mediju padom\u0113, l\u016bdzot izv\u0113rt\u0113t \u017eurn\u0101lista r\u012bc\u012bbas atbilst\u012bbu profesion\u0101l\u0101s \u0113tikas norm\u0101m.\u201d<\/p>\n<p>K\u0101 nor\u0101d\u012bts R\u0113zeknes m\u0101jaslap\u0101, \u201cmin\u0113tais \u017eurn\u0101lists, ignor\u0113jot visp\u0101rpie\u0146emt\u0101s uzved\u012bbas normas un trauc\u0113jot darba grupas darbu, neskatoties uz atk\u0101rtotiem l\u016bgumiem atst\u0101t s\u0113\u017eu z\u0101li, atteic\u0101s p\u0101rtraukt film\u0113\u0161anu. T\u0101pat T.Bikovskis demonstr\u0113ja atkl\u0101tu un uzkr\u012bto\u0161u necie\u0146u pret atsevi\u0161\u0137iem darba grupas locek\u013ciem, ignor\u0113jot element\u0101ras profesion\u0101l\u0101s komunik\u0101cijas normas.\u201d<\/p>\n<p>T\u0113mas<\/p>\n<p>    SAIST\u012aTIE RAKSTI<\/p>\n","protected":false},"excerpt":{"rendered":"Tenis Bikovskis. FOTO: Ekr\u0101n\u0161\u0101vi\u0146\u0161\/ LSM 19:44, 30. decembris 2025 \u0160odien R\u0113zeknes pa\u0161vald\u012bb\u0101 notikusi darba grupas s\u0113de, ta\u010du to&hellip;\n","protected":false},"author":2,"featured_media":90330,"comment_status":"","ping_status":"","sticky":false,"template":"","format":"standard","meta":{"footnotes":""},"categories":[5],"tags":[23,28,29,32,33,22,30,31,35,39,38,36,37,34,40,20,26,27,24,25,21],"class_list":{"0":"post-90329","1":"post","2":"type-post","3":"status-publish","4":"format-standard","5":"has-post-thumbnail","7":"category-aktualitates","8":"tag-aktualitates","9":"tag-breaking-news","10":"tag-breakingnews","11":"tag-featured-news","12":"tag-featurednews","13":"tag-headlines","14":"tag-latest-news","15":"tag-latestnews","16":"tag-latvia","17":"tag-latvian","18":"tag-latviesu","19":"tag-latviesu-valoda","20":"tag-latviesuvaloda","21":"tag-latvija","22":"tag-lv","23":"tag-news","24":"tag-popularakas-zinas","25":"tag-popularakaszinas","26":"tag-top-stories","27":"tag-topstories","28":"tag-zinas"},"share_on_mastodon":{"url":"https:\/\/pubeurope.com\/@lv\/115810444448432885","error":""},"_links":{"self":[{"href":"https:\/\/www.europesays.com\/lv\/wp-json\/wp\/v2\/posts\/90329","targetHints":{"allow":["GET"]}}],"collection":[{"href":"https:\/\/www.europesays.com\/lv\/wp-json\/wp\/v2\/posts"}],"about":[{"href":"https:\/\/www.europesays.com\/lv\/wp-json\/wp\/v2\/types\/post"}],"author":[{"embeddable":true,"href":"https:\/\/www.europesays.com\/lv\/wp-json\/wp\/v2\/users\/2"}],"replies":[{"embeddable":true,"href":"https:\/\/www.europesays.com\/lv\/wp-json\/wp\/v2\/comments?post=90329"}],"version-history":[{"count":0,"href":"https:\/\/www.europesays.com\/lv\/wp-json\/wp\/v2\/posts\/90329\/revisions"}],"wp:featuredmedia":[{"embeddable":true,"href":"https:\/\/www.europesays.com\/lv\/wp-json\/wp\/v2\/media\/90330"}],"wp:attachment":[{"href":"https:\/\/www.europesays.com\/lv\/wp-json\/wp\/v2\/media?parent=90329"}],"wp:term":[{"taxonomy":"category","embeddable":true,"href":"https:\/\/www.europesays.com\/lv\/wp-json\/wp\/v2\/categories?post=90329"},{"taxonomy":"post_tag","embeddable":true,"href":"https:\/\/www.europesays.com\/lv\/wp-json\/wp\/v2\/tags?post=90329"}],"curies":[{"name":"wp","href":"https:\/\/api.w.org\/{rel}","templated":true}]}}