{"id":90333,"date":"2025-12-30T20:41:22","date_gmt":"2025-12-30T20:41:22","guid":{"rendered":"https:\/\/www.europesays.com\/lv\/90333\/"},"modified":"2025-12-30T20:41:22","modified_gmt":"2025-12-30T20:41:22","slug":"islama-valsts-kaujinieki-turcija-nosauj-tris-policistus-jauns-lv","status":"publish","type":"post","link":"https:\/\/www.europesays.com\/lv\/90333\/","title":{"rendered":"&quot;Isl\u0101ma valsts&quot; kaujinieki Turcij\u0101 no\u0161auj tr\u012bs policistus &#8211; Jauns.lv"},"content":{"rendered":"<ol>\n<li><a href=\"https:\/\/news.google.com\/rss\/articles\/CBMimgFBVV95cUxOa0lrZ1JRUXNuaS04cVRydUxRaUcwcTlXazBnQVZNblUxMzYtTTZ1Nmk2UXlOZ3NHZ04wbHZfb1FvVDh6cmZaZXZNVE1aTWRLMTI5V0VyNW54dVQwcFlzeWRJSF9Rd2d3N0h0aE9kWGlYTV9vb0RubWFDUkRhOWg0Ykg2ai1kNEhKZjZMNDh0RHo4dVRoSE1lOHlB?oc=5\" target=\"_blank\" rel=\"nofollow noopener\">&#8220;Isl\u0101ma valsts&#8221; kaujinieki Turcij\u0101 no\u0161auj tr\u012bs policistus<\/a>&nbsp;&nbsp;Jauns.lv<\/li>\n<li><a href=\"https:\/\/news.google.com\/rss\/articles\/CBMivgFBVV95cUxNd251eGMwS0dTaTQ2WUtWa3Nsel9OVmFSRnlCNUVsSWx2Vl9zRkY0TkEwTVptSmZpenFhMmV1eGQyUFZPckNtODVvWFc1VXV4T1MxYXFBS0taVGpndUt1TGJmR0JydnlRNmNXVE5LbWxyZ0tnbGlvcjhVcjB6bXN6UE56TkNBYklRN1gwQU80MU5tbXBSemxaNlA3c1pSVC1wMkhtdHBxaHd6TDh1NnZvRDdjd3hPQ0NxUWVsSDN3?oc=5\" target=\"_blank\" rel=\"nofollow noopener\">Aizdom\u0101s par uzbrukumu pl\u0101no\u0161anu Turcij\u0101 aiztur\u0113ti vair\u0101k nek\u0101 100 &#8220;Isl\u0101ma valsts&#8221; dal\u012bbnieku<\/a>&nbsp;&nbsp;Apollo.lv<\/li>\n<li><a href=\"https:\/\/news.google.com\/rss\/articles\/CBMi0gFBVV95cUxOS1RhM0ktajdXUzdYSWJnNVFnUjVMODUzU2dsRS1IZ1loMjZQWU1kT0JWMG1WWDVVRzEzRW52VDNyUGtvUDA2ZGdla0luSmpSRElBTFViazQtUUJWSExxSkUxVTloNmZ0Z21HYms2MndDUzNnbXo2ZHk3aWRROElTakFza19VYkZCY0FqcGRyZWc4OVRQYzJJdU92a3JiNUI0SWhVR1hldlIxSUpiLWdvWENDTFZaQ2hPTWJYanN2NzRwa3JCZkdXSUYyb3Z3NHhTeUE?oc=5\" target=\"_blank\" rel=\"nofollow noopener\">Nov\u0113r\u0161 asi\u0146ainus teroraktus: Stambul\u0101 aiztur\u0113tas 115 personas par uzbrukumu pl\u0101no\u0161anu sv\u0113tku laik\u0101<\/a>&nbsp;&nbsp;Jauns.lv<\/li>\n<li><a href=\"https:\/\/news.google.com\/rss\/articles\/CBMiwgFBVV95cUxOUWNacWlxUUFCT0JWM0VBYWx6QVJEWlBsZnpxMWlwZXFDVmlzdW5GM0FWVE5fSXl1dGtfcE1qdGVVc3NuVkJQRHlZV0VlZ1J2aFRGS0tOOEp4TER4SmdHem4yc09FeHRrMVBpd0JDUFVUdHJvcjJEWl9VUnptei0wVGNzRnd3ODhpVktkTjh2ckRkM2RQVDN1Szk3a1VuS3czdUhxQTVMN3VKRjI1MjY5MzFmekxHSFkxcDV2N2l3dWMyZ9IBxwFBVV95cUxOZDhvQ1pMMXlCYWxXNkZGdzZhQjBiaE9pRy1XRVR3OXlzZEFsWnQ2d2ZEN0JsbnZHem5sc014SEVsdmlyc0hhMld5bTNfd1M0QUJ3T2U3TXZiVUVzU2ZZZXBoWlhUMjE1bGZKQlc1amdScnlFaWk0V2ZaYUpKZ1pMeExid3hhZWVQVzBQZlIyUVRTT1hLcHFRZ2lyZkdHUkdXZWduSGl1QjZVSlN6RnRhaWVBUW5ObEVnOEwyNW9mSHRWVUFNSnJZ?oc=5\" target=\"_blank\" rel=\"nofollow noopener\">Turcij\u0101 sadursm\u0113 ar \u00abIsl\u0101ma valsts\u00bb kaujiniekiem ievainoti septi\u0146i policisti<\/a>&nbsp;&nbsp;bb.lv<\/li>\n<li><a href=\"https:\/\/news.google.com\/rss\/articles\/CBMi_AFBVV95cUxPOTUySlNZUkljRGhZUnF0M3VVSkFzLUZndDFvYUN3SzF2dG9QR2dTZHFna3BXYXh6SWh3UUtMNTBTUWRIc0hjOEhZTzJ3RHVYemlZOTRfUWFLZlM2T1RiUGlsa0NxU0RCNElLY0cyQXQzR2tqaHF6WDFFYUstTFJBdkFtT2N6VU16OWFpSk13TzZGaW1mcnVYOURxNmFDX1RZVzZfZHUtNm8zN2pLWE55LUhKZllfTC1tNXhVVC1DTHI1V1JBQ19qeElvSTVHQ3RYbHJUREZnR3BtYmYxRzJiUnB5TFFHcHd3S3FwOWVoaHRlNjc4MDZPSC15TUI?oc=5\" target=\"_blank\" rel=\"nofollow noopener\">Tir\u0101\u017e\u0113t\u0101 pretterorisma oper\u0101cij\u0101 Jilova provinces S\u012brijas grup\u0113juma kaujinieku uzbrukum\u0101 nogalin\u0101ti tr\u012bs policisti<\/a>&nbsp;&nbsp;Lente.lv<\/li>\n<\/ol>\n","protected":false},"excerpt":{"rendered":"&#8220;Isl\u0101ma valsts&#8221; kaujinieki Turcij\u0101 no\u0161auj tr\u012bs policistus&nbsp;&nbsp;Jauns.lv Aizdom\u0101s par uzbrukumu pl\u0101no\u0161anu Turcij\u0101 aiztur\u0113ti vair\u0101k nek\u0101 100 &#8220;Isl\u0101ma valsts&#8221;&hellip;\n","protected":false},"author":2,"featured_media":90334,"comment_status":"","ping_status":"","sticky":false,"template":"","format":"standard","meta":{"footnotes":""},"categories":[14],"tags":[23,57,28,29,32,33,22,30,31,35,39,38,36,37,34,40,20,26,27,24,25,54,55,56,21,58],"class_list":{"0":"post-90333","1":"post","2":"type-post","3":"status-publish","4":"format-standard","5":"has-post-thumbnail","7":"category-zinas-no-arvalstim","8":"tag-aktualitates","9":"tag-arvalstim","10":"tag-breaking-news","11":"tag-breakingnews","12":"tag-featured-news","13":"tag-featurednews","14":"tag-headlines","15":"tag-latest-news","16":"tag-latestnews","17":"tag-latvia","18":"tag-latvian","19":"tag-latviesu","20":"tag-latviesu-valoda","21":"tag-latviesuvaloda","22":"tag-latvija","23":"tag-lv","24":"tag-news","25":"tag-popularakas-zinas","26":"tag-popularakaszinas","27":"tag-top-stories","28":"tag-topstories","29":"tag-world","30":"tag-world-news","31":"tag-worldnews","32":"tag-zinas","33":"tag-zinas-no-arvalstim"},"share_on_mastodon":{"url":"https:\/\/pubeurope.com\/@lv\/115810460168967070","error":""},"_links":{"self":[{"href":"https:\/\/www.europesays.com\/lv\/wp-json\/wp\/v2\/posts\/90333","targetHints":{"allow":["GET"]}}],"collection":[{"href":"https:\/\/www.europesays.com\/lv\/wp-json\/wp\/v2\/posts"}],"about":[{"href":"https:\/\/www.europesays.com\/lv\/wp-json\/wp\/v2\/types\/post"}],"author":[{"embeddable":true,"href":"https:\/\/www.europesays.com\/lv\/wp-json\/wp\/v2\/users\/2"}],"replies":[{"embeddable":true,"href":"https:\/\/www.europesays.com\/lv\/wp-json\/wp\/v2\/comments?post=90333"}],"version-history":[{"count":0,"href":"https:\/\/www.europesays.com\/lv\/wp-json\/wp\/v2\/posts\/90333\/revisions"}],"wp:featuredmedia":[{"embeddable":true,"href":"https:\/\/www.europesays.com\/lv\/wp-json\/wp\/v2\/media\/90334"}],"wp:attachment":[{"href":"https:\/\/www.europesays.com\/lv\/wp-json\/wp\/v2\/media?parent=90333"}],"wp:term":[{"taxonomy":"category","embeddable":true,"href":"https:\/\/www.europesays.com\/lv\/wp-json\/wp\/v2\/categories?post=90333"},{"taxonomy":"post_tag","embeddable":true,"href":"https:\/\/www.europesays.com\/lv\/wp-json\/wp\/v2\/tags?post=90333"}],"curies":[{"name":"wp","href":"https:\/\/api.w.org\/{rel}","templated":true}]}}