{"id":90345,"date":"2025-12-30T21:00:08","date_gmt":"2025-12-30T21:00:08","guid":{"rendered":"https:\/\/www.europesays.com\/lv\/90345\/"},"modified":"2025-12-30T21:00:08","modified_gmt":"2025-12-30T21:00:08","slug":"panika-iecava-piedzeries-pasazieris-sacis-saudities-autobusa","status":"publish","type":"post","link":"https:\/\/www.europesays.com\/lv\/90345\/","title":{"rendered":"Panika Iecav\u0101: piedz\u0113ries pasa\u017eieris s\u0101cis \u0161aud\u012bties autobus\u0101"},"content":{"rendered":"<p>    <img decoding=\"async\" src=\"https:\/\/www.europesays.com\/lv\/wp-content\/uploads\/2025\/10\/autobuss-1024x669.jpg\" alt=\"&#10;Ilustrat\u012bvs att\u0113ls.&#10;\"\/><\/p>\n<p>Ilustrat\u012bvs att\u0113ls.<\/p>\n<p>Foto: Shutterstock\n<\/p>\n<p>22:03, 30. decembris 2025<\/p>\n<p>Kaulus stindzino\u0161i notikumi vakar norisin\u0101ju\u0161ies Iecav\u0101. Piedz\u0113ries v\u012brietis, v\u0113loties pier\u0101d\u012bt savu taisn\u012bbu, s\u0101cis \u0161aud\u012bties, v\u0113sta \u201cDegpunkt\u0101\u201d.<\/p>\n<p>        Las\u012bt\u0101kie<br \/>\n        <a data-imagesrc=\"{&quot;300&quot;:&quot;https:\\\/\\\/lastatic.ams3.cdn.digitaloceanspaces.com\\\/2025\\\/03\\\/pexels-rakicevic-nenad-233369-769525-300x249.jpg&quot;,&quot;1024&quot;:&quot;https:\\\/\\\/lastatic.ams3.cdn.digitaloceanspaces.com\\\/2025\\\/03\\\/pexels-rakicevic-nenad-233369-769525-1024x851.jpg&quot;,&quot;768&quot;:&quot;https:\\\/\\\/lastatic.ams3.cdn.digitaloceanspaces.com\\\/2025\\\/03\\\/pexels-rakicevic-nenad-233369-769525-768x638.jpg&quot;,&quot;1536&quot;:&quot;https:\\\/\\\/lastatic.ams3.cdn.digitaloceanspaces.com\\\/2025\\\/03\\\/pexels-rakicevic-nenad-233369-769525-1536x1276.jpg&quot;,&quot;2048&quot;:&quot;https:\\\/\\\/lastatic.ams3.cdn.digitaloceanspaces.com\\\/2025\\\/03\\\/pexels-rakicevic-nenad-233369-769525-2048x1701.jpg&quot;,&quot;200&quot;:&quot;https:\\\/\\\/lastatic.ams3.cdn.digitaloceanspaces.com\\\/2025\\\/03\\\/pexels-rakicevic-nenad-233369-769525-200x166.jpg&quot;,&quot;400&quot;:&quot;https:\\\/\\\/lastatic.ams3.cdn.digitaloceanspaces.com\\\/2025\\\/03\\\/pexels-rakicevic-nenad-233369-769525-400x332.jpg&quot;,&quot;500&quot;:&quot;https:\\\/\\\/lastatic.ams3.cdn.digitaloceanspaces.com\\\/2025\\\/03\\\/pexels-rakicevic-nenad-233369-769525-500x415.jpg&quot;,&quot;800&quot;:&quot;https:\\\/\\\/lastatic.ams3.cdn.digitaloceanspaces.com\\\/2025\\\/03\\\/pexels-rakicevic-nenad-233369-769525-800x665.jpg&quot;,&quot;1000&quot;:&quot;https:\\\/\\\/lastatic.ams3.cdn.digitaloceanspaces.com\\\/2025\\\/03\\\/pexels-rakicevic-nenad-233369-769525-1000x831.jpg&quot;,&quot;2560&quot;:&quot;https:\\\/\\\/lastatic.ams3.cdn.digitaloceanspaces.com\\\/2025\\\/03\\\/pexels-rakicevic-nenad-233369-769525-scaled.jpg&quot;}\" data-focuspoint=\"&quot;&quot;\" data-p=\"2470324\" href=\"https:\/\/www.la.lv\/ko-vilkt-jaungada-nakti-astrologi-sniedz-precizas-norades-katrai-zodiaka-zimei\" class=\"content-item lazy-load\" wp_automatic_readability=\"1\" rel=\"nofollow noopener\" target=\"_blank\"><\/p>\n<p>                                <img decoding=\"async\" src=\"\" alt=\"\" style=\"\" data-imageid=\"\"\/><\/p>\n<p>                                Kokteilis<\/p>\n<p>\n                                                Ko vilkt Jaungada nakt\u012b? Astrologi sniedz prec\u012bzas nor\u0101des katrai zodiaka z\u012bmei\n                            <\/p>\n<p><\/a><a data-imagesrc=\"{&quot;300&quot;:&quot;https:\\\/\\\/lastatic.ams3.cdn.digitaloceanspaces.com\\\/2017\\\/12\\\/jaunais-300x200.jpg&quot;,&quot;768&quot;:&quot;https:\\\/\\\/lastatic.ams3.cdn.digitaloceanspaces.com\\\/2017\\\/12\\\/jaunais-768x512.jpg&quot;,&quot;80&quot;:&quot;https:\\\/\\\/lastatic.ams3.cdn.digitaloceanspaces.com\\\/2017\\\/12\\\/jaunais-80x48.jpg&quot;,&quot;112&quot;:&quot;https:\\\/\\\/lastatic.ams3.cdn.digitaloceanspaces.com\\\/2017\\\/12\\\/jaunais-112x64.jpg&quot;,&quot;664&quot;:&quot;https:\\\/\\\/lastatic.ams3.cdn.digitaloceanspaces.com\\\/2017\\\/12\\\/jaunais-664x443.jpg&quot;,&quot;240&quot;:&quot;https:\\\/\\\/lastatic.ams3.cdn.digitaloceanspaces.com\\\/2017\\\/12\\\/jaunais-240x160.jpg&quot;,&quot;263&quot;:&quot;https:\\\/\\\/lastatic.ams3.cdn.digitaloceanspaces.com\\\/2017\\\/12\\\/jaunais-263x175.jpg&quot;,&quot;507&quot;:&quot;https:\\\/\\\/lastatic.ams3.cdn.digitaloceanspaces.com\\\/2017\\\/12\\\/jaunais-507x338.jpg&quot;,&quot;118&quot;:&quot;https:\\\/\\\/lastatic.ams3.cdn.digitaloceanspaces.com\\\/2017\\\/12\\\/jaunais-118x70.jpg&quot;,&quot;348&quot;:&quot;https:\\\/\\\/lastatic.ams3.cdn.digitaloceanspaces.com\\\/2017\\\/12\\\/jaunais-348x225.jpg&quot;,&quot;640&quot;:&quot;https:\\\/\\\/lastatic.ams3.cdn.digitaloceanspaces.com\\\/2017\\\/12\\\/jaunais-640x640.jpg&quot;,&quot;90&quot;:&quot;https:\\\/\\\/lastatic.ams3.cdn.digitaloceanspaces.com\\\/2017\\\/12\\\/jaunais-90x58.jpg&quot;,&quot;960&quot;:&quot;https:\\\/\\\/lastatic.ams3.cdn.digitaloceanspaces.com\\\/2017\\\/12\\\/jaunais.jpg&quot;}\" data-focuspoint=\"&quot;&quot;\" data-p=\"2477013\" href=\"https:\/\/www.la.lv\/ko-vilkt-mugura-sagaidot-uguniga-zirga-gadu-padomi-katrai-zodiaka-zimei-lai-piesaistitu-veiksmi-un-harmoniju\" class=\"content-item lazy-load\" wp_automatic_readability=\"2.5\" rel=\"nofollow noopener\" target=\"_blank\"><\/p>\n<p>                                <img decoding=\"async\" src=\"\" alt=\"\" style=\"\" data-imageid=\"\"\/><\/p>\n<p>                                Kokteilis<\/p>\n<p>\n                                                Ko vilkt mugur\u0101, sagaidot Ugun\u012bg\u0101 Zirga gadu? Padomi katrai zodiaka z\u012bmei, lai piesaist\u012btu veiksmi un harmoniju\n                            <\/p>\n<p><\/a><a data-imagesrc=\"{&quot;300&quot;:&quot;https:\\\/\\\/lastatic.ams3.cdn.digitaloceanspaces.com\\\/2022\\\/10\\\/kaimins_seta-300x193.jpg&quot;,&quot;1024&quot;:&quot;https:\\\/\\\/lastatic.ams3.cdn.digitaloceanspaces.com\\\/2022\\\/10\\\/kaimins_seta-1024x660.jpg&quot;,&quot;768&quot;:&quot;https:\\\/\\\/lastatic.ams3.cdn.digitaloceanspaces.com\\\/2022\\\/10\\\/kaimins_seta-768x495.jpg&quot;,&quot;200&quot;:&quot;https:\\\/\\\/lastatic.ams3.cdn.digitaloceanspaces.com\\\/2022\\\/10\\\/kaimins_seta-200x129.jpg&quot;,&quot;400&quot;:&quot;https:\\\/\\\/lastatic.ams3.cdn.digitaloceanspaces.com\\\/2022\\\/10\\\/kaimins_seta-400x258.jpg&quot;,&quot;500&quot;:&quot;https:\\\/\\\/lastatic.ams3.cdn.digitaloceanspaces.com\\\/2022\\\/10\\\/kaimins_seta-500x322.jpg&quot;,&quot;800&quot;:&quot;https:\\\/\\\/lastatic.ams3.cdn.digitaloceanspaces.com\\\/2022\\\/10\\\/kaimins_seta-800x516.jpg&quot;,&quot;1000&quot;:&quot;https:\\\/\\\/lastatic.ams3.cdn.digitaloceanspaces.com\\\/2022\\\/10\\\/kaimins_seta-1000x645.jpg&quot;,&quot;1444&quot;:&quot;https:\\\/\\\/lastatic.ams3.cdn.digitaloceanspaces.com\\\/2022\\\/10\\\/kaimins_seta.jpg&quot;}\" data-focuspoint=\"&quot;&quot;\" data-p=\"2291359\" href=\"https:\/\/www.la.lv\/10-zelta-frazes-kuras-verts-atcereties-tas-laus-izbeigt-teju-katru-stridu\" class=\"content-item lazy-load\" wp_automatic_readability=\"1.5\" rel=\"nofollow noopener\" target=\"_blank\"><\/p>\n<p>                                <img decoding=\"async\" src=\"\" alt=\"\" style=\"\" data-imageid=\"\"\/><\/p>\n<p>                                Kokteilis<\/p>\n<p>\n                                                10 zelta fr\u0101zes, kuras v\u0113rts atcer\u0113ties \u2013 t\u0101s \u013caus izbeigt teju katru str\u012bdu\n                            <\/p>\n<p><\/a><br \/>\n        <a class=\"read-more\" href=\"https:\/\/www.la.lv\/top\" rel=\"nofollow noopener\" target=\"_blank\">Las\u012bt citas zi\u0146as<\/a><\/p>\n<p>Pirmdienas vakar\u0101 Iecavas autoost\u0101 noticis incidents ar \u0161\u0101vienu. \u0160\u0101vienu raid\u012bjis k\u0101ds pasa\u017eieris satiksmes autobus\u0101, kas dev\u0101s Bauskas virzien\u0101. Par notikumu zi\u0146oju\u0161i ar\u012b apk\u0101rtnes iedz\u012bvot\u0101ji, kuri nebija autobus\u0101, bet dzird\u0113ju\u0161i \u0161\u0101vienu.<\/p>\n<p>Aculiecinieki st\u0101st\u012bju\u0161i, ka notikuma viet\u0101 vald\u012bjusi panika \u2013 cilv\u0113ki steig\u0161us b\u0113gu\u0161i prom, pat nesagaidot policijas iera\u0161anos.<br \/>Autobusa pasa\u017eieri secin\u0101ju\u0161i, ka konflikts s\u0101k\u0101s, jo viens no cilv\u0113kiem centies p\u0101rliecin\u0101t apk\u0101rt\u0113jos par saviem uzskatiem, izraisot nesaska\u0146as.<\/p>\n<p>    CITI \u0160OBR\u012aD LASA<\/p>\n<p>\u201cIecav\u0101 tika aiztur\u0113ts satiksmes autobusa pasa\u017eieris, kur\u0161, b\u016bdams alkohola reibum\u0101 konflikt\u0113ja ar citiem pasa\u017eieriem un vienu reizi iz\u0161\u0101va ar g\u0101zes pistoli (trok\u0161\u0146u mun\u012bciju). Notiku\u0161aj\u0101 neviena persona fiziski necieta,\u201d \u201cDegpunkt\u0101\u201d nor\u0101da Valsts policijas p\u0101rst\u0101ve R\u016bta Strautniece.<\/p>\n<p>T\u0113mas<\/p>\n<p>    SAIST\u012aTIE RAKSTI<\/p>\n","protected":false},"excerpt":{"rendered":"Ilustrat\u012bvs att\u0113ls. Foto: Shutterstock 22:03, 30. decembris 2025 Kaulus stindzino\u0161i notikumi vakar norisin\u0101ju\u0161ies Iecav\u0101. Piedz\u0113ries v\u012brietis, v\u0113loties pier\u0101d\u012bt&hellip;\n","protected":false},"author":2,"featured_media":23815,"comment_status":"","ping_status":"","sticky":false,"template":"","format":"standard","meta":{"footnotes":""},"categories":[12],"tags":[23,28,29,32,33,22,30,31,35,39,38,36,37,34,40,20,26,27,24,25,21],"class_list":{"0":"post-90345","1":"post","2":"type-post","3":"status-publish","4":"format-standard","5":"has-post-thumbnail","7":"category-latvija","8":"tag-aktualitates","9":"tag-breaking-news","10":"tag-breakingnews","11":"tag-featured-news","12":"tag-featurednews","13":"tag-headlines","14":"tag-latest-news","15":"tag-latestnews","16":"tag-latvia","17":"tag-latvian","18":"tag-latviesu","19":"tag-latviesu-valoda","20":"tag-latviesuvaloda","21":"tag-latvija","22":"tag-lv","23":"tag-news","24":"tag-popularakas-zinas","25":"tag-popularakaszinas","26":"tag-top-stories","27":"tag-topstories","28":"tag-zinas"},"share_on_mastodon":{"url":"https:\/\/pubeurope.com\/@lv\/115810534868731156","error":""},"_links":{"self":[{"href":"https:\/\/www.europesays.com\/lv\/wp-json\/wp\/v2\/posts\/90345","targetHints":{"allow":["GET"]}}],"collection":[{"href":"https:\/\/www.europesays.com\/lv\/wp-json\/wp\/v2\/posts"}],"about":[{"href":"https:\/\/www.europesays.com\/lv\/wp-json\/wp\/v2\/types\/post"}],"author":[{"embeddable":true,"href":"https:\/\/www.europesays.com\/lv\/wp-json\/wp\/v2\/users\/2"}],"replies":[{"embeddable":true,"href":"https:\/\/www.europesays.com\/lv\/wp-json\/wp\/v2\/comments?post=90345"}],"version-history":[{"count":0,"href":"https:\/\/www.europesays.com\/lv\/wp-json\/wp\/v2\/posts\/90345\/revisions"}],"wp:featuredmedia":[{"embeddable":true,"href":"https:\/\/www.europesays.com\/lv\/wp-json\/wp\/v2\/media\/23815"}],"wp:attachment":[{"href":"https:\/\/www.europesays.com\/lv\/wp-json\/wp\/v2\/media?parent=90345"}],"wp:term":[{"taxonomy":"category","embeddable":true,"href":"https:\/\/www.europesays.com\/lv\/wp-json\/wp\/v2\/categories?post=90345"},{"taxonomy":"post_tag","embeddable":true,"href":"https:\/\/www.europesays.com\/lv\/wp-json\/wp\/v2\/tags?post=90345"}],"curies":[{"name":"wp","href":"https:\/\/api.w.org\/{rel}","templated":true}]}}