{"id":90350,"date":"2025-12-30T21:08:07","date_gmt":"2025-12-30T21:08:07","guid":{"rendered":"https:\/\/www.europesays.com\/lv\/90350\/"},"modified":"2025-12-30T21:08:07","modified_gmt":"2025-12-30T21:08:07","slug":"kazahstanas-prezidents-parakstijis-jaunu-likumu-valsti-turpmak-bus-aizliegta-lgbt-propaganda-tv3-lv","status":"publish","type":"post","link":"https:\/\/www.europesays.com\/lv\/90350\/","title":{"rendered":"Kazahst\u0101nas prezidents parakst\u012bjis jaunu likumu \u2013 valst\u012b turpm\u0101k b\u016bs aizliegta \u201cLGBT propaganda\u201d &#8211; tv3.lv"},"content":{"rendered":"<ol>\n<li><a href=\"https:\/\/news.google.com\/rss\/articles\/CBMiwgFBVV95cUxPUG5EYzRQazhSbUR4ZEVULTdKZlVTMUk5YjJwUmtlbm44czNJXzlfOVplTkRmV1VBOXVkWmFma011VmxkcllZUkRQd0dTb0FWUzZmZ2xqUldlVkFYZ2RPeGt2TlY0eTFOQmZLN28tSWZCUVJIN095WG52aVVxcTFyRnJkTXBkSlJGWERJb0Z5YUpJd0lXY3lFOHMwR1JEYmxpX1hnN0VhQUNURm5mWE5CZTM0UExpOXIxMmZsU2YtUXZGZw?oc=5\" target=\"_blank\" rel=\"nofollow noopener\">Kazahst\u0101nas prezidents parakst\u012bjis jaunu likumu \u2013 valst\u012b turpm\u0101k b\u016bs aizliegta \u201cLGBT propaganda\u201d<\/a>&nbsp;&nbsp;tv3.lv<\/li>\n<li><a href=\"https:\/\/news.google.com\/rss\/articles\/CBMi0gFBVV95cUxPdWt1TzJjeVlmRUZjSGN3a1VXNDBRMmNiWU5lY0RBTU5XeDRwSERkaWtPNkFBd2JTRnNseEI3amZYNjhiVGZjVnJPUVlZTmdvY21ONEJIWGNabzl3Nm5LWVNaT1lpS21zZFpqcjQ3MFlSTHM3dDZDelhqbUYtNHFKamxZX3FoU1ZlMDdES3BSMmh0cmxGbkdGY2dDamsxZTliNzQ2UWZJRUEyOC1pQnQtaDlsVnZhWXBET3lHelFzT3NFbWxHV3QxZl94TE9LRHNaUWc?oc=5\" target=\"_blank\" rel=\"nofollow noopener\">Rets \u0123imenes mirklis: Kur\u0146ikova pirmoreiz publisko foto ar visiem \u010detriem b\u0113rniem<\/a>&nbsp;&nbsp;Delfi<\/li>\n<li><a href=\"https:\/\/news.google.com\/rss\/articles\/CBMimAFBVV95cUxNNDRsNlBYV2d2N1NoY0NtbmxraUtFSGxVSnhjOTJUUGF6alpmY3ZtRVhLRkFndXNKa2I3Z1JFYkl5T0ZJS2pJYUx3NUZNWnZ2Ui1CeW1QeG9pZVpRMmo1NWpQOTQxN2pLemQtcmphZUNrR3g1V1NOeDFOYlpVXzZiU2wyamJnekNNa2tpQUpfTjN5SENPWTg1Qg?oc=5\" target=\"_blank\" rel=\"nofollow noopener\">Enrike Iglesiass un Anna Kur\u0146ikova sagaid\u012bju\u0161i ceturto b\u0113rni\u0146u<\/a>&nbsp;&nbsp;Sejas.lv<\/li>\n<li><a href=\"https:\/\/news.google.com\/rss\/articles\/CBMiqgFBVV95cUxQNy1lMDRLU0V3Sy1sMXVMR2FpMkRzZWl3NTRkYi1JOU9iNEJpUmtlNXRMTXBSM05ycm01WFZMZWtReXJvSjlhRXVLd2VqME1aNS1qYlVvWU5YNWdhcGp6YUlwdHh1SHVUdkJzM2pLbmZvdVk2am9wcUoxZ05lbEx1TkNUQk8wbVRDeWRmbzBsR0V5RjhJNkZEX0sxWTlyX09GamJubXItYlkwUdIBrwFBVV95cUxQV200dUFVWmVyRTN3REJvX0VoUEU5N0NDNGVpNHNkZzJsQTlBNlpDTEV2T051NkM4U2RmdExNTW9rblZfbVNtTk1SZVNzNTlLeFZMdjF3Mnd5RHNKWEhkNUNJX1h0TF9aa2pFTkU2OW9xbDdPaVNmQzBrN290b2N2NE5xUjNJZ1AwMjAxdl9rczE5b3FYVUNRZjNMMjZfMTdYLWhxRzJPSUJsUVRtbXEw?oc=5\" target=\"_blank\" rel=\"nofollow noopener\">Kur\u0146ikovas un Iglesiasa dz\u012bv\u0113 iemirdz\u0113jusies jauna saul\u012bte<\/a>&nbsp;&nbsp;bb.lv<\/li>\n<li><a href=\"https:\/\/news.google.com\/rss\/articles\/CBMitgFBVV95cUxON1JSMGRjUmNmVE93M1F6c0JfM0ZmSGJ1eDFjeXp4Rm5JRHdlRFpSYjI0STNvS0xNZTNpdkd1c3AtdUFCWVFnZFh6Y1NCNWw0VmFFdUhSNHBrdFRSelZNdXVNRGctWk9kbmtaMHRuWDVGSTZVTGJBSk5PWUVqeEFWRFdodEgxQkhmVjV4bzNtbHVMVmkwNnd6ZUk5U2Ita1BZSkl2SGhLLW9CLU5WLVRMUEU1T1VuQQ?oc=5\" target=\"_blank\" rel=\"nofollow noopener\">Kur\u0146ikova un Iglesiass m\u012b\u013c\u0101 \u0123imenes foto atr\u0101da jaundzimu\u0161o<\/a>&nbsp;&nbsp;tv3.lv<\/li>\n<\/ol>\n","protected":false},"excerpt":{"rendered":"Kazahst\u0101nas prezidents parakst\u012bjis jaunu likumu \u2013 valst\u012b turpm\u0101k b\u016bs aizliegta \u201cLGBT propaganda\u201d&nbsp;&nbsp;tv3.lv Rets \u0123imenes mirklis: Kur\u0146ikova pirmoreiz publisko&hellip;\n","protected":false},"author":2,"featured_media":90351,"comment_status":"","ping_status":"","sticky":false,"template":"","format":"standard","meta":{"footnotes":""},"categories":[19],"tags":[89,90,22784,35,39,38,36,37,34,40],"class_list":{"0":"post-90350","1":"post","2":"type-post","3":"status-publish","4":"format-standard","5":"has-post-thumbnail","7":"category-izklaide","8":"tag-entertainment","9":"tag-izklaide","10":"tag-kazahstanalgbt","11":"tag-latvia","12":"tag-latvian","13":"tag-latviesu","14":"tag-latviesu-valoda","15":"tag-latviesuvaloda","16":"tag-latvija","17":"tag-lv"},"share_on_mastodon":{"url":"https:\/\/pubeurope.com\/@lv\/115810566385000253","error":""},"_links":{"self":[{"href":"https:\/\/www.europesays.com\/lv\/wp-json\/wp\/v2\/posts\/90350","targetHints":{"allow":["GET"]}}],"collection":[{"href":"https:\/\/www.europesays.com\/lv\/wp-json\/wp\/v2\/posts"}],"about":[{"href":"https:\/\/www.europesays.com\/lv\/wp-json\/wp\/v2\/types\/post"}],"author":[{"embeddable":true,"href":"https:\/\/www.europesays.com\/lv\/wp-json\/wp\/v2\/users\/2"}],"replies":[{"embeddable":true,"href":"https:\/\/www.europesays.com\/lv\/wp-json\/wp\/v2\/comments?post=90350"}],"version-history":[{"count":0,"href":"https:\/\/www.europesays.com\/lv\/wp-json\/wp\/v2\/posts\/90350\/revisions"}],"wp:featuredmedia":[{"embeddable":true,"href":"https:\/\/www.europesays.com\/lv\/wp-json\/wp\/v2\/media\/90351"}],"wp:attachment":[{"href":"https:\/\/www.europesays.com\/lv\/wp-json\/wp\/v2\/media?parent=90350"}],"wp:term":[{"taxonomy":"category","embeddable":true,"href":"https:\/\/www.europesays.com\/lv\/wp-json\/wp\/v2\/categories?post=90350"},{"taxonomy":"post_tag","embeddable":true,"href":"https:\/\/www.europesays.com\/lv\/wp-json\/wp\/v2\/tags?post=90350"}],"curies":[{"name":"wp","href":"https:\/\/api.w.org\/{rel}","templated":true}]}}