{"id":90362,"date":"2025-12-30T21:22:12","date_gmt":"2025-12-30T21:22:12","guid":{"rendered":"https:\/\/www.europesays.com\/lv\/90362\/"},"modified":"2025-12-30T21:22:12","modified_gmt":"2025-12-30T21:22:12","slug":"vara-cena-sasniegusi-rekordaugstumus-raisot-bazas-un-ceribas-pasaules-tirgos-lente-lv","status":"publish","type":"post","link":"https:\/\/www.europesays.com\/lv\/90362\/","title":{"rendered":"Vara cena sasniegusi rekordaugstumus, raisot ba\u017eas un cer\u012bbas pasaules tirgos\u00a0\u2014\u00a0Lente.lv"},"content":{"rendered":"<p>Vara cenas k\u0101pums sasniedz bezprecedenta l\u012bmeni<\/p>\n<p>\u0160\u012b gada nogal\u0113 vara cena ir piedz\u012bvojusi strauju l\u0113cienu, sasniedzot v\u0113sturiski augst\u0101ko atz\u012bmi \u2013 13 000 ASV dol\u0101ru par tonnu Londonas met\u0101lu bir\u017e\u0101. \u0160\u0101ds iev\u0113rojams k\u0101pums tiek skaidrots ar ba\u017e\u0101m par iesp\u0113jamiem ierobe\u017eojumiem vara pieg\u0101d\u0113s, k\u0101 ar\u012b ar prognoz\u0113m par glob\u0101l\u0101s tirdzniec\u012bbas atdz\u012bvo\u0161anos, \u012bpa\u0161i saist\u012bb\u0101 ar cer\u012bb\u0101m uz mierizl\u012bgumu starp Amerikas Savienotaj\u0101m Valst\u012bm un \u0136\u012bnu. \u0160\u012b dinamika ir piev\u0113rsusi uzman\u012bbu gan investoru, gan r\u016bpnieku aprind\u0101s, radot diskusijas par t\u0101s ietekmi uz pasaules ekonomiku.<\/p>\n<p>Faktori, kas veicina vara cenu k\u0101pumu<\/p>\n<p>Vara, k\u0101 vienas no svar\u012bg\u0101kaj\u0101m r\u016bpniec\u012bbas izejviel\u0101m, cenu sv\u0101rst\u012bbas vienm\u0113r ir cie\u0161i saist\u012btas ar glob\u0101l\u0101s ekonomikas st\u0101vokli. T\u0101 pla\u0161ais pielietojums elektroener\u0123ijas, elektronikas, celtniec\u012bbas, ma\u0161\u012bnb\u016bves un transporta nozar\u0113s padara to par noz\u012bm\u012bgu ekonomikas indikatoru. Pa\u0161reiz\u0113jo cenu rekordu veicina vair\u0101ki faktori. Viens no galvenajiem ir optimistisk\u0101s prognozes par ASV un \u0136\u012bnas tirdzniec\u012bbas attiec\u012bbu uzlabo\u0161anos, kas var\u0113tu veicin\u0101t glob\u0101l\u0101s tirdzniec\u012bbas atdz\u012bvo\u0161anos. Papildus tam, pieaugo\u0161o piepras\u012bjumu veicina glob\u0101l\u0101 za\u013c\u0101 p\u0101reja un tehnolo\u0123iskais progress, jo \u012bpa\u0161i saist\u012bb\u0101 ar elektroauto un atjaunojam\u0101s ener\u0123ijas avotu att\u012bst\u012bbu, kas prasa milz\u012bgu daudzumu vara.<\/p>\n<p>Pieg\u0101\u017eu \u0137\u0113\u017eu izaicin\u0101jumi un tirgus ba\u017eas<\/p>\n<p>Lai gan cer\u012bbas uz tirdzniec\u012bbas attiec\u012bbu uzlabo\u0161anos rada optimismu, past\u0101v ar\u012b nopietnas ba\u017eas par pieg\u0101\u017eu stabilit\u0101ti. Zi\u0146as par svar\u012bgu vara raktuvju sl\u0113g\u0161anu Indon\u0113zij\u0101 p\u0113c zemes nogruvumiem un cit\u0101m ra\u017eo\u0161anas probl\u0113m\u0101m liel\u0101kaj\u0101s vara ieguves viet\u0101s, piem\u0113ram, \u010c\u012bl\u0113, ir rad\u012bju\u0161as spriedzi pieg\u0101\u017eu \u0137\u0113d\u0113s. \u0160ie faktori, kop\u0101 ar raktuvju noveco\u0161anos un nepietiekam\u0101m invest\u012bcij\u0101m jaunu ieguves jaudu att\u012bst\u012bb\u0101, rada ba\u017eas par nesp\u0113ju apmierin\u0101t pieaugo\u0161o piepras\u012bjumu, \u012bpa\u0161i no jaunaj\u0101m ra\u017eo\u0161anas nozar\u0113m, ko p\u0101rst\u0101v &#8220;za\u013c\u0101 ener\u0123ija&#8221; un &#8220;digit\u0101l\u0101 ekonomika&#8221;.<\/p>\n<p>Finan\u0161u tirgus un spekulat\u012bvie fondi<\/p>\n<p>\u0160\u012b gada beig\u0101s glob\u0101l\u0101s finan\u0161u tirgus tendences ir v\u0113l vair\u0101k veicin\u0101ju\u0161as vara cenas k\u0101pumu. Feder\u0101lo rezervju sist\u0113mas uzs\u0101kt\u0101s procentu likmju samazin\u0101\u0161anas politikas rezult\u0101t\u0101 ASV dol\u0101ra v\u0113rt\u012bba ir samazin\u0101jusies, padarot preces, kas tiek tur\u0113tas ASV dol\u0101ros, l\u0113t\u0101kas. Vienlaikus, pateicoties st\u0101st\u012bjumam par ilgtermi\u0146a za\u013co p\u0101rveidi un m\u0101ksl\u012bg\u0101 intelekta revol\u016bciju, vara tirg\u016b iepl\u016bst liels apjoms spekulat\u012bvu l\u012bdzek\u013cu, kas v\u0113l vair\u0101k veicina cenu pieaugumu. Ra\u017eo\u0161anas izmaksu pieaugums, ko rada augst\u0101 vara cena, var\u0113tu rad\u012bt spiedienu uz infl\u0101ciju un palielin\u0101t ra\u017eo\u0161anas izmaksas da\u017e\u0101d\u0101s nozar\u0113s.<\/p>\n","protected":false},"excerpt":{"rendered":"Vara cenas k\u0101pums sasniedz bezprecedenta l\u012bmeni \u0160\u012b gada nogal\u0113 vara cena ir piedz\u012bvojusi strauju l\u0113cienu, sasniedzot v\u0113sturiski augst\u0101ko&hellip;\n","protected":false},"author":2,"featured_media":90363,"comment_status":"","ping_status":"","sticky":false,"template":"","format":"standard","meta":{"footnotes":""},"categories":[16],"tags":[77,76,22786,47,35,39,38,36,37,34,40,22787,845,22785],"class_list":{"0":"post-90362","1":"post","2":"type-post","3":"status-publish","4":"format-standard","5":"has-post-thumbnail","7":"category-bizness","8":"tag-bizness","9":"tag-business","10":"tag-cena","11":"tag-ekonomika","12":"tag-latvia","13":"tag-latvian","14":"tag-latviesu","15":"tag-latviesu-valoda","16":"tag-latviesuvaloda","17":"tag-latvija","18":"tag-lv","19":"tag-metalu-tirgus","20":"tag-rekords","21":"tag-vars"},"share_on_mastodon":{"url":"https:\/\/pubeurope.com\/@lv\/115810621353486862","error":""},"_links":{"self":[{"href":"https:\/\/www.europesays.com\/lv\/wp-json\/wp\/v2\/posts\/90362","targetHints":{"allow":["GET"]}}],"collection":[{"href":"https:\/\/www.europesays.com\/lv\/wp-json\/wp\/v2\/posts"}],"about":[{"href":"https:\/\/www.europesays.com\/lv\/wp-json\/wp\/v2\/types\/post"}],"author":[{"embeddable":true,"href":"https:\/\/www.europesays.com\/lv\/wp-json\/wp\/v2\/users\/2"}],"replies":[{"embeddable":true,"href":"https:\/\/www.europesays.com\/lv\/wp-json\/wp\/v2\/comments?post=90362"}],"version-history":[{"count":0,"href":"https:\/\/www.europesays.com\/lv\/wp-json\/wp\/v2\/posts\/90362\/revisions"}],"wp:featuredmedia":[{"embeddable":true,"href":"https:\/\/www.europesays.com\/lv\/wp-json\/wp\/v2\/media\/90363"}],"wp:attachment":[{"href":"https:\/\/www.europesays.com\/lv\/wp-json\/wp\/v2\/media?parent=90362"}],"wp:term":[{"taxonomy":"category","embeddable":true,"href":"https:\/\/www.europesays.com\/lv\/wp-json\/wp\/v2\/categories?post=90362"},{"taxonomy":"post_tag","embeddable":true,"href":"https:\/\/www.europesays.com\/lv\/wp-json\/wp\/v2\/tags?post=90362"}],"curies":[{"name":"wp","href":"https:\/\/api.w.org\/{rel}","templated":true}]}}