{"id":90380,"date":"2025-12-30T22:05:09","date_gmt":"2025-12-30T22:05:09","guid":{"rendered":"https:\/\/www.europesays.com\/lv\/90380\/"},"modified":"2025-12-30T22:05:09","modified_gmt":"2025-12-30T22:05:09","slug":"pilseta-kur-sena-vesture-satiekas-ar-moderno-dinamismu-lente-lv","status":"publish","type":"post","link":"https:\/\/www.europesays.com\/lv\/90380\/","title":{"rendered":"Pils\u0113ta, kur sena v\u0113sture satiekas ar moderno dinamismu\u00a0\u2014\u00a0Lente.lv"},"content":{"rendered":"<p>Senatnes \u0161arms un m\u016bsdienu pulss<\/p>\n<p>Baku atkl\u0101j savu veco dv\u0113seli un moderno garu caur v\u0113sturisk\u0101m iel\u0101m, atdz\u012bvin\u0101t\u0101m apkaim\u0113m un daudzkult\u016bru identit\u0101ti, ko veidojusi gadsimtiem ilga l\u012bdz\u0101spast\u0101v\u0113\u0161ana. K\u0101 inform\u0113 telekan\u0101ls EuroNews, Baku ir kontrastu pils\u0113ta, kur sena v\u0113sture un m\u016bsdienu dz\u012bve past\u0101v l\u012bdz\u0101s. No bru\u0123\u0113taj\u0101m Iek\u0161\u0113j\u0101s pils\u0113tas (Icheri Sheher) iel\u0101m un t\u0101d\u0101m ikonisk\u0101m viet\u0101m k\u0101 Meite\u0146u tornis (Maiden Tower) apmekl\u0113t\u0101ji dodas \u0101rpus galvaspils\u0113tas uz Balahan\u012b ciemu, kas ir piedz\u012bvojis atdzim\u0161anu.<\/p>\n<p>Balahan\u012b \u2013 naftas mantojuma atdzim\u0161ana<\/p>\n<p>Balahan\u012b ciems, kas reiz bija naftas r\u016bpniec\u012bbas centrs, ir piedz\u012bvojis iev\u0113rojamu atdzim\u0161anu. Restaur\u0101cijas, sabiedrisk\u0101s m\u0101kslas projekti un rado\u0161as telpas, kas balst\u0101s uz t\u0101 naftas mantojumu, ir pie\u0161\u0137\u012bru\u0161as jaunu dz\u012bvi \u0161ai v\u0113sturiskajai vietai. \u0160is projekts demonstr\u0113, k\u0101 pils\u0113tas var godin\u0101t savu pag\u0101tni, vienlaikus veidojot dinamiskas un rado\u0161as n\u0101kotnes.<\/p>\n<p>Daudzkult\u016bru mozaika un arhitekt\u016bras dialogs<\/p>\n<p>Atgrie\u017eoties pils\u0113t\u0101, Baku daudzkult\u016bru raksturs k\u013c\u016bst arvien ac\u012bmredzam\u0101ks. Mo\u0161ejas, sinagogas un bazn\u012bcas atrodas tuvu cita citai, atspogu\u013cojot gadsimtu laik\u0101 veidoto tic\u012bbu un kult\u016bru cie\u0161o savijumu. \u0160\u012b reli\u0123isk\u0101 un kult\u016bras daudzveid\u012bba ir viens no pils\u0113tas galvenajiem raksturlielumiem, radot unik\u0101lu atmosf\u0113ru.<\/p>\n<p>Za\u013c\u0101s o\u0101zes un inovat\u012bvs dizains<\/p>\n<p>Za\u013c\u0101s zonas un modernais dizains papildina pils\u0113tas portretu, kur trad\u012bcijas, atjauno\u0161ana un da\u017e\u0101d\u012bba turpina veidot ikdienas dz\u012bvi. Baku p\u0113d\u0113jos gados ir piedz\u012bvojusi iev\u0113rojamu att\u012bst\u012bbu, integr\u0113jot modernas arhitekt\u016bras p\u0113rles ar v\u0113sturiskajiem rajoniem. Rezult\u0101t\u0101 pils\u0113ta pied\u0101v\u0101 gan tradicion\u0101lu, gan ar\u012b \u013coti m\u016bsdien\u012bgu pieredzi.<\/p>\n<p>Baku \u2013 sap\u0146u pils\u0113ta<\/p>\n<p>\u0160\u012b pils\u0113ta pied\u0101v\u0101 aizraujo\u0161u ce\u013cojumu laik\u0101 un kult\u016br\u0101s, \u013caujot apmekl\u0113t\u0101jiem iepaz\u012bt gan t\u0101s sen\u0101s saknes, gan ar\u012b dinamisko m\u016bsdienu dz\u012bvi. Baku ir vieta, kur v\u0113sture ir ne tikai saglab\u0101ta, bet ar\u012b atdz\u012bvin\u0101ta, radot unik\u0101lu un neaizmirstamu pieredzi ikvienam viesim.<\/p>\n","protected":false},"excerpt":{"rendered":"Senatnes \u0161arms un m\u016bsdienu pulss Baku atkl\u0101j savu veco dv\u0113seli un moderno garu caur v\u0113sturisk\u0101m iel\u0101m, atdz\u012bvin\u0101t\u0101m apkaim\u0113m&hellip;\n","protected":false},"author":2,"featured_media":90381,"comment_status":"","ping_status":"","sticky":false,"template":"","format":"standard","meta":{"footnotes":""},"categories":[14],"tags":[23,57,340,11479,28,29,22797,32,33,22,30,31,35,39,38,36,37,34,40,22796,20,26,27,22795,24,25,54,55,56,21,58],"class_list":{"0":"post-90380","1":"post","2":"type-post","3":"status-publish","4":"format-standard","5":"has-post-thumbnail","7":"category-zinas-no-arvalstim","8":"tag-aktualitates","9":"tag-arvalstim","10":"tag-azerbaidzana","11":"tag-baku","12":"tag-breaking-news","13":"tag-breakingnews","14":"tag-daudzkulturu-pilseta","15":"tag-featured-news","16":"tag-featurednews","17":"tag-headlines","18":"tag-latest-news","19":"tag-latestnews","20":"tag-latvia","21":"tag-latvian","22":"tag-latviesu","23":"tag-latviesu-valoda","24":"tag-latviesuvaloda","25":"tag-latvija","26":"tag-lv","27":"tag-moderna-arhitektura","28":"tag-news","29":"tag-popularakas-zinas","30":"tag-popularakaszinas","31":"tag-sena-vesture","32":"tag-top-stories","33":"tag-topstories","34":"tag-world","35":"tag-world-news","36":"tag-worldnews","37":"tag-zinas","38":"tag-zinas-no-arvalstim"},"share_on_mastodon":{"url":"https:\/\/pubeurope.com\/@lv\/115810790430476841","error":""},"_links":{"self":[{"href":"https:\/\/www.europesays.com\/lv\/wp-json\/wp\/v2\/posts\/90380","targetHints":{"allow":["GET"]}}],"collection":[{"href":"https:\/\/www.europesays.com\/lv\/wp-json\/wp\/v2\/posts"}],"about":[{"href":"https:\/\/www.europesays.com\/lv\/wp-json\/wp\/v2\/types\/post"}],"author":[{"embeddable":true,"href":"https:\/\/www.europesays.com\/lv\/wp-json\/wp\/v2\/users\/2"}],"replies":[{"embeddable":true,"href":"https:\/\/www.europesays.com\/lv\/wp-json\/wp\/v2\/comments?post=90380"}],"version-history":[{"count":0,"href":"https:\/\/www.europesays.com\/lv\/wp-json\/wp\/v2\/posts\/90380\/revisions"}],"wp:featuredmedia":[{"embeddable":true,"href":"https:\/\/www.europesays.com\/lv\/wp-json\/wp\/v2\/media\/90381"}],"wp:attachment":[{"href":"https:\/\/www.europesays.com\/lv\/wp-json\/wp\/v2\/media?parent=90380"}],"wp:term":[{"taxonomy":"category","embeddable":true,"href":"https:\/\/www.europesays.com\/lv\/wp-json\/wp\/v2\/categories?post=90380"},{"taxonomy":"post_tag","embeddable":true,"href":"https:\/\/www.europesays.com\/lv\/wp-json\/wp\/v2\/tags?post=90380"}],"curies":[{"name":"wp","href":"https:\/\/api.w.org\/{rel}","templated":true}]}}