{"id":90399,"date":"2025-12-30T22:33:09","date_gmt":"2025-12-30T22:33:09","guid":{"rendered":"https:\/\/www.europesays.com\/lv\/90399\/"},"modified":"2025-12-30T22:33:09","modified_gmt":"2025-12-30T22:33:09","slug":"sovu-zvaigznes-un-slaveni-muziki","status":"publish","type":"post","link":"https:\/\/www.europesays.com\/lv\/90399\/","title":{"rendered":"\u0160ovu zvaigznes un slaveni m\u016bzi\u0137i"},"content":{"rendered":"<p>Go3 Jaungada \u012bpa\u0161ais raid\u012bjums &#8220;Jaungada rasols&#8221; pied\u0101v\u0101s ko patiesi neparastu \u2013 Jauno gadu var\u0113si sagaid\u012bt kop\u0101 ar slaveniem dal\u012bbniekiem no da\u017e\u0101diem atpaz\u012bstamiem raid\u012bjumiem, k\u0101 ar\u012b slaveniem m\u016bzi\u0137iem un citiem skatuves m\u0101ksliniekiem.<\/p>\n<blockquote class=\"quote ck-widget\" contenteditable=\"false\">\n<p>Raid\u012bjumu vad\u012bs \u017eurn\u0101lists, raid\u012bjumu vad\u012bt\u0101js un m\u016bzi\u0137is \u0112riks Palkavnieks.<\/p>\n<\/blockquote>\n<p><img decoding=\"async\" class=\"figure__image\" onclick=\"triggerEvent('articleImageClick', { id: 17363275, focus: 'single-image', focusIndex: '17363275' })\" onkeydown=\"if (event.key === 'Enter') {&#10;        triggerEvent('articleImageClick', { id: 17363275, focus: 'single-image', focusIndex: '17363275' })&#10;        }\" role=\"button\" tabindex=\"0\" data-focus-from=\"single-image\" data-focus-index=\"17363275\" src=\"https:\/\/www.europesays.com\/lv\/wp-content\/uploads\/2025\/12\/17363275t1h5278.jpg\"  onload=\"this.parentElement.classList.remove('figure__image-loading')\" alt=\"\u0112riks Palkavnieks.\"\/>\u0112riks Palkavnieks. Foto: Publicit\u0101tes foto<\/p>\n<p>&#8220;Jaungada rasol\u0101&#8221; piedal\u012bsies t\u0101das person\u012bbas k\u0101 Marsel\u012bno, Liene, d\u012bd\u017eejs M\u0101rti\u0146\u0161, Liene U\u0161akova ar v\u012bru Juri no \u0161ova &#8220;Amors&#8221;, Artis no &#8220;Randi\u0146\u0161 ar div\u0101m&#8221;, Raivo, Madars, Evel\u012bna un &#8220;maz\u0101&#8221; Laura no &#8220;Karsti. Kr\u0113ta&#8221;, k\u0101 ar\u012b \u0161\u012b \u0161ova pirm\u0101s sezonas &#8220;karst\u0101k\u0101 dal\u012bbniece&#8221; Laura kop\u0101 ar otro pus\u012bti P\u0113teri. Vair\u0101ku \u0161ovu dal\u012bbniece Doloresa Onzule ar\u012b pievienosies sast\u0101vam!<\/p>\n<p><img decoding=\"async\" class=\"figure__image\" onclick=\"triggerEvent('articleImageClick', { id: 17363278, focus: 'single-image', focusIndex: '17363278' })\" onkeydown=\"if (event.key === 'Enter') {&#10;        triggerEvent('articleImageClick', { id: 17363278, focus: 'single-image', focusIndex: '17363278' })&#10;        }\" role=\"button\" tabindex=\"0\" data-focus-from=\"single-image\" data-focus-index=\"17363278\" src=\"https:\/\/www.europesays.com\/lv\/wp-content\/uploads\/2025\/12\/17363278t1h8b3d.jpg\"  onload=\"this.parentElement.classList.remove('figure__image-loading')\" alt=\"&quot;Jaungada rasols&quot;.\"\/>&#8220;Jaungada rasols&#8221;. Foto: Publicit\u0101tes foto<\/p>\n<p>Ikvienam no dal\u012bbniekiem b\u016bs j\u0101piedal\u0101s da\u017e\u0101dos rado\u0161os izaicin\u0101jumos \u2013 uz skatuves redz\u0113sim, piem\u0113ram, Marsel\u012bno baleta priek\u0161nesumu ar grupu &#8220;Baleta Nodarb\u012bbas&#8221;, Lienes &#8220;tverka&#8221; uzst\u0101\u0161anos kop\u0101 ar deju grupu &#8220;Booty Dance Latvia&#8221;, k\u0101 ar\u012b Raivo repa izpild\u012bjumu!<\/p>\n<p>Muzik\u0101lo baud\u012bjumu \u0161ov\u0101 nodro\u0161in\u0101s vair\u0101ki Latvij\u0101 atpaz\u012bstami m\u0101kslinieki: &#8221;Singap\u016bras Sat\u012bns&#8221;, Duets Sandra, Rassell un Sab\u012bne Berezina, &#8221;Sub Scriptum&#8221;, MUUD, Kapteinis Reinis un Roberts Gobzi\u0146\u0161.<\/p>\n<p><img decoding=\"async\" class=\"figure__image\" onclick=\"triggerEvent('articleImageClick', { id: 17363281, focus: 'single-image', focusIndex: '17363281' })\" onkeydown=\"if (event.key === 'Enter') {&#10;        triggerEvent('articleImageClick', { id: 17363281, focus: 'single-image', focusIndex: '17363281' })&#10;        }\" role=\"button\" tabindex=\"0\" data-focus-from=\"single-image\" data-focus-index=\"17363281\" src=\"https:\/\/www.europesays.com\/lv\/wp-content\/uploads\/2025\/12\/17363281t1hd3b5.jpg\"  onload=\"this.parentElement.classList.remove('figure__image-loading')\" alt=\"&quot;Jaungada rasols&quot;.\"\/>&#8220;Jaungada rasols&#8221;. Foto: Publicit\u0101tes foto<\/p>\n<p>Jaungada \u0161ovs neb\u016btu piln\u012bgs bez ieskata n\u0101kotn\u0113 \u2013 par to par\u016bp\u0113sies spilgt\u0101 &#8220;drag queen&#8221; Vencheska, kura sagatavos savus unik\u0101los pare\u0123ojumus 2026. gadam! Vencheska \u0161ov\u0101 debit\u0113s ar\u012b ar savu pirmo dziesmu.<\/p>\n<p>&#8220;Jaungada rasols&#8221; skat\u0101ms jau 31. decembr\u012b Go3 telev\u012bzij\u0101!<\/p>\n","protected":false},"excerpt":{"rendered":"Go3 Jaungada \u012bpa\u0161ais raid\u012bjums &#8220;Jaungada rasols&#8221; pied\u0101v\u0101s ko patiesi neparastu \u2013 Jauno gadu var\u0113si sagaid\u012bt kop\u0101 ar slaveniem&hellip;\n","protected":false},"author":2,"featured_media":90400,"comment_status":"","ping_status":"","sticky":false,"template":"","format":"standard","meta":{"footnotes":""},"categories":[19],"tags":[89,90,35,39,38,36,37,34,40,22468,15960],"class_list":{"0":"post-90399","1":"post","2":"type-post","3":"status-publish","4":"format-standard","5":"has-post-thumbnail","7":"category-izklaide","8":"tag-entertainment","9":"tag-izklaide","10":"tag-latvia","11":"tag-latvian","12":"tag-latviesu","13":"tag-latviesu-valoda","14":"tag-latviesuvaloda","15":"tag-latvija","16":"tag-lv","17":"tag-vecgada-sovs","18":"tag-vecgada-vakars"},"share_on_mastodon":{"url":"https:\/\/pubeurope.com\/@lv\/115810900539449547","error":""},"_links":{"self":[{"href":"https:\/\/www.europesays.com\/lv\/wp-json\/wp\/v2\/posts\/90399","targetHints":{"allow":["GET"]}}],"collection":[{"href":"https:\/\/www.europesays.com\/lv\/wp-json\/wp\/v2\/posts"}],"about":[{"href":"https:\/\/www.europesays.com\/lv\/wp-json\/wp\/v2\/types\/post"}],"author":[{"embeddable":true,"href":"https:\/\/www.europesays.com\/lv\/wp-json\/wp\/v2\/users\/2"}],"replies":[{"embeddable":true,"href":"https:\/\/www.europesays.com\/lv\/wp-json\/wp\/v2\/comments?post=90399"}],"version-history":[{"count":0,"href":"https:\/\/www.europesays.com\/lv\/wp-json\/wp\/v2\/posts\/90399\/revisions"}],"wp:featuredmedia":[{"embeddable":true,"href":"https:\/\/www.europesays.com\/lv\/wp-json\/wp\/v2\/media\/90400"}],"wp:attachment":[{"href":"https:\/\/www.europesays.com\/lv\/wp-json\/wp\/v2\/media?parent=90399"}],"wp:term":[{"taxonomy":"category","embeddable":true,"href":"https:\/\/www.europesays.com\/lv\/wp-json\/wp\/v2\/categories?post=90399"},{"taxonomy":"post_tag","embeddable":true,"href":"https:\/\/www.europesays.com\/lv\/wp-json\/wp\/v2\/tags?post=90399"}],"curies":[{"name":"wp","href":"https:\/\/api.w.org\/{rel}","templated":true}]}}