{"id":90401,"date":"2025-12-30T22:37:11","date_gmt":"2025-12-30T22:37:11","guid":{"rendered":"https:\/\/www.europesays.com\/lv\/90401\/"},"modified":"2025-12-30T22:37:11","modified_gmt":"2025-12-30T22:37:11","slug":"video-%e2%9f%a9-tuksa-lieta-vietejie-iedzivotaji-nav-vienispratis-par-latvijas-krievijas-robezas-zoga-efektivitati","status":"publish","type":"post","link":"https:\/\/www.europesays.com\/lv\/90401\/","title":{"rendered":"VIDEO \u27e9 &#8220;Tuk\u0161a lieta!&#8221; Viet\u0113jie iedz\u012bvot\u0101ji nav vienispr\u0101tis par Latvijas-Krievijas robe\u017eas \u017eoga efektivit\u0101ti"},"content":{"rendered":"<p>Kopum\u0101 uz Latvijas-Krievijas robe\u017eas izb\u016bv\u0113ts \u017eogs aptuveni 280 kilometru garum\u0101, nodro\u0161inot nep\u0101rtrauktu barjeru taj\u0101s viet\u0101s, kur tas tehniski bija paredz\u0113ts.<\/p>\n<p>Viet\u0113jie iedz\u012bvot\u0101ji gan nav vienispr\u0101tis par \u017eoga efektivit\u0101ti.<\/p>\n<p>&#8220;Skat\u012bjos pa televizoru, ka pat vilki izlien pa apak\u0161u cauri. T\u0101 jau nelien tagad cilv\u0113ki, it sevi\u0161\u0137i uz to pusi. Uz \u0161ejieni varb\u016bt kaut kas v\u0113l b\u0113gs no turienes,&#8221; pau\u017e Baltinavas ciema iedz\u012bvot\u0101js Antons.<\/p>\n<p>&#8220;Tuk\u0161a lieta. Tagad visi lido pa gaisu, ko tas \u017eogs? Su\u0146us vai c\u016bkas tur. Vis\u0101das ra\u0137etes lido pa gaisu, ko tas \u017eogs? Tikai naudu pat\u0113r\u0113,&#8221; uzskata Juris no Baltinavas ciema.<\/p>\n","protected":false},"excerpt":{"rendered":"Kopum\u0101 uz Latvijas-Krievijas robe\u017eas izb\u016bv\u0113ts \u017eogs aptuveni 280 kilometru garum\u0101, nodro\u0161inot nep\u0101rtrauktu barjeru taj\u0101s viet\u0101s, kur tas tehniski&hellip;\n","protected":false},"author":2,"featured_media":90402,"comment_status":"","ping_status":"","sticky":false,"template":"","format":"standard","meta":{"footnotes":""},"categories":[12],"tags":[23,625,28,29,32,33,22,234,30,31,321,35,39,38,36,37,34,1590,40,20,26,27,1588,24,25,1591,21],"class_list":{"0":"post-90401","1":"post","2":"type-post","3":"status-publish","4":"format-standard","5":"has-post-thumbnail","7":"category-latvija","8":"tag-aktualitates","9":"tag-austrumu-robeza","10":"tag-breaking-news","11":"tag-breakingnews","12":"tag-featured-news","13":"tag-featurednews","14":"tag-headlines","15":"tag-krievija","16":"tag-latest-news","17":"tag-latestnews","18":"tag-latgale","19":"tag-latvia","20":"tag-latvian","21":"tag-latviesu","22":"tag-latviesu-valoda","23":"tag-latviesuvaloda","24":"tag-latvija","25":"tag-latvijas-robeza","26":"tag-lv","27":"tag-news","28":"tag-popularakas-zinas","29":"tag-popularakaszinas","30":"tag-robeza","31":"tag-top-stories","32":"tag-topstories","33":"tag-uz-robezas","34":"tag-zinas"},"share_on_mastodon":{"url":"https:\/\/pubeurope.com\/@lv\/115810916267053844","error":""},"_links":{"self":[{"href":"https:\/\/www.europesays.com\/lv\/wp-json\/wp\/v2\/posts\/90401","targetHints":{"allow":["GET"]}}],"collection":[{"href":"https:\/\/www.europesays.com\/lv\/wp-json\/wp\/v2\/posts"}],"about":[{"href":"https:\/\/www.europesays.com\/lv\/wp-json\/wp\/v2\/types\/post"}],"author":[{"embeddable":true,"href":"https:\/\/www.europesays.com\/lv\/wp-json\/wp\/v2\/users\/2"}],"replies":[{"embeddable":true,"href":"https:\/\/www.europesays.com\/lv\/wp-json\/wp\/v2\/comments?post=90401"}],"version-history":[{"count":0,"href":"https:\/\/www.europesays.com\/lv\/wp-json\/wp\/v2\/posts\/90401\/revisions"}],"wp:featuredmedia":[{"embeddable":true,"href":"https:\/\/www.europesays.com\/lv\/wp-json\/wp\/v2\/media\/90402"}],"wp:attachment":[{"href":"https:\/\/www.europesays.com\/lv\/wp-json\/wp\/v2\/media?parent=90401"}],"wp:term":[{"taxonomy":"category","embeddable":true,"href":"https:\/\/www.europesays.com\/lv\/wp-json\/wp\/v2\/categories?post=90401"},{"taxonomy":"post_tag","embeddable":true,"href":"https:\/\/www.europesays.com\/lv\/wp-json\/wp\/v2\/tags?post=90401"}],"curies":[{"name":"wp","href":"https:\/\/api.w.org\/{rel}","templated":true}]}}