{"id":90421,"date":"2025-12-30T23:21:29","date_gmt":"2025-12-30T23:21:29","guid":{"rendered":"https:\/\/www.europesays.com\/lv\/90421\/"},"modified":"2025-12-30T23:21:29","modified_gmt":"2025-12-30T23:21:29","slug":"iespaidigas-summas-un-izsolu-rekordi-kas-ir-2025-gada-visdargakas-gleznas","status":"publish","type":"post","link":"https:\/\/www.europesays.com\/lv\/90421\/","title":{"rendered":"Iespaid\u012bgas summas un izso\u013cu rekordi. Kas ir 2025. gada visd\u0101rg\u0101k\u0101s gleznas"},"content":{"rendered":"<p>Neraugoties uz 2024. gad\u0101 piedz\u012bvoto m\u0101kslas tirgus lejupsl\u012bdi un piesardz\u012bgo kolekcion\u0101ru noska\u0146ojumu, \u0161ogad m\u0101kslas darbu izso\u013cu rezult\u0101ti liecina par man\u0101mu tirgus atdz\u012bvo\u0161anos, pateicoties izcil\u0101m kolekcij\u0101m un liel\u0101ko izso\u013cu namu darbam.<\/p>\n<p>B\u016btiska loma bija liel\u0101kajiem izso\u013cu namiem \u2013 p\u0113c gada pirm\u0101s puses, kas daudz neat\u0161\u0137\u012br\u0101s no dr\u016bm\u0101 2024. gada, izso\u013cu nami apzin\u0101ti koncentr\u0113j\u0101s uz augst\u0101k\u0101s klases darbiem, lai atg\u016btu kolekcion\u0101ru uztic\u012bbu. L\u012bdz novembrim izso\u013cu nams &#8220;Sotheby\u2019&#8221; guva iev\u0113rojamus pan\u0101kumus ar darbiem no amerik\u0101\u0146u miljardiera, filantropa un kosm\u0113tika ra\u017eot\u0101ja &#8220;The Est\u00e9e Lauder Companies&#8221; mantinieka Leonarda Laudera kolekcijas, savuk\u0101rt &#8220;Christie\u2019s&#8221; ar amerik\u0101\u0146u p\u0101rtikas veikalu t\u012bkla &#8220;Weis Markets&#8221; k\u0101dreiz\u0113j\u0101 vad\u012bt\u0101ja Roberta Veisa un vi\u0146a sievas Patr\u012bcijas modernisma kolekciju. <\/p>\n<p class=\"m-0\">Seko &#8220;Delfi&#8221; ar\u012b  <a target=\"_blank\" href=\"https:\/\/www.instagram.com\/delfi.lv\/\" rel=\"nofollow noopener\">Instagram<\/a>  un <a target=\"_blank\" href=\"https:\/\/www.youtube.com\/channel\/UCw5foWtcJvAbUm64rv7jwUQ\" rel=\"nofollow noopener\">YouTube<\/a>  profil\u0101 \u2013 pievienojies, lai uzzin\u0101tu svar\u012bg\u0101ko un interesant\u0101ko pirmais!<\/p>\n<p>Publik\u0101cijas saturs vai t\u0101s jebk\u0101da apjoma da\u013ca ir aizsarg\u0101ts autorties\u012bbu objekts Autorties\u012bbu likuma izpratn\u0113, un t\u0101 izmanto\u0161ana bez izdev\u0113ja at\u013caujas ir aizliegta. Vair\u0101k lasi  <a target=\"_blank\" href=\"https:\/\/www.delfi.lv\/noteikumi#autortiesibas\" rel=\"nofollow noopener\">\u0161eit<\/a><script async src=\"\/\/www.instagram.com\/embed.js\"><\/script><\/p>\n","protected":false},"excerpt":{"rendered":"Neraugoties uz 2024. gad\u0101 piedz\u012bvoto m\u0101kslas tirgus lejupsl\u012bdi un piesardz\u012bgo kolekcion\u0101ru noska\u0146ojumu, \u0161ogad m\u0101kslas darbu izso\u013cu rezult\u0101ti liecina&hellip;\n","protected":false},"author":2,"featured_media":90422,"comment_status":"","ping_status":"","sticky":false,"template":"","format":"standard","meta":{"footnotes":""},"categories":[19],"tags":[3976,89,15236,90,35,39,38,36,37,34,40,2567,22814,22815],"class_list":{"0":"post-90421","1":"post","2":"type-post","3":"status-publish","4":"format-standard","5":"has-post-thumbnail","7":"category-izklaide","8":"tag-atelpas-bridim","9":"tag-entertainment","10":"tag-frida-kalo","11":"tag-izklaide","12":"tag-latvia","13":"tag-latvian","14":"tag-latviesu","15":"tag-latviesu-valoda","16":"tag-latviesuvaloda","17":"tag-latvija","18":"tag-lv","19":"tag-marks-rotko","20":"tag-pablo-pikaso","21":"tag-vinsents-van-gogs"},"share_on_mastodon":{"url":"https:\/\/pubeurope.com\/@lv\/115811089317671304","error":""},"_links":{"self":[{"href":"https:\/\/www.europesays.com\/lv\/wp-json\/wp\/v2\/posts\/90421","targetHints":{"allow":["GET"]}}],"collection":[{"href":"https:\/\/www.europesays.com\/lv\/wp-json\/wp\/v2\/posts"}],"about":[{"href":"https:\/\/www.europesays.com\/lv\/wp-json\/wp\/v2\/types\/post"}],"author":[{"embeddable":true,"href":"https:\/\/www.europesays.com\/lv\/wp-json\/wp\/v2\/users\/2"}],"replies":[{"embeddable":true,"href":"https:\/\/www.europesays.com\/lv\/wp-json\/wp\/v2\/comments?post=90421"}],"version-history":[{"count":0,"href":"https:\/\/www.europesays.com\/lv\/wp-json\/wp\/v2\/posts\/90421\/revisions"}],"wp:featuredmedia":[{"embeddable":true,"href":"https:\/\/www.europesays.com\/lv\/wp-json\/wp\/v2\/media\/90422"}],"wp:attachment":[{"href":"https:\/\/www.europesays.com\/lv\/wp-json\/wp\/v2\/media?parent=90421"}],"wp:term":[{"taxonomy":"category","embeddable":true,"href":"https:\/\/www.europesays.com\/lv\/wp-json\/wp\/v2\/categories?post=90421"},{"taxonomy":"post_tag","embeddable":true,"href":"https:\/\/www.europesays.com\/lv\/wp-json\/wp\/v2\/tags?post=90421"}],"curies":[{"name":"wp","href":"https:\/\/api.w.org\/{rel}","templated":true}]}}