{"id":90423,"date":"2025-12-30T23:23:09","date_gmt":"2025-12-30T23:23:09","guid":{"rendered":"https:\/\/www.europesays.com\/lv\/90423\/"},"modified":"2025-12-30T23:23:09","modified_gmt":"2025-12-30T23:23:09","slug":"sados-tempos-andris-pec-daziem-gadiem-butu-miljonars","status":"publish","type":"post","link":"https:\/\/www.europesays.com\/lv\/90423\/","title":{"rendered":"\u0160\u0101dos tempos Andris p\u0113c da\u017eiem gadiem b\u016btu miljon\u0101rs"},"content":{"rendered":"<p>2025. gads manam portfelim ir bijis neticami lielisks \u2013 t\u0101 v\u0113rt\u012bba ir pieaugusi par gandr\u012bz 60%. Es gan baidos, ka 2026. gad\u0101 manas invest\u012bcijas var k\u013c\u016bt pa\u0161as par savas veiksmes upuri.<\/p>\n<p><a href=\"https:\/\/static-img.aripaev.ee\/?type=preview&amp;uuid=f704d0e2-4a28-5107-b1bc-778c513bfa99\" target=\"_blank\" rel=\"noopener noreferrer nofollow\" class=\"styles_article-image__holder__jEhZc\" style=\"aspect-ratio:1.6100840336134454\"><img alt=\"\u0160\u0101dos tempos Andris p\u0113c da\u017eiem gadiem b\u016btu miljon\u0101rs\" draggable=\"false\" fetchpriority=\"high\" decoding=\"async\" data-nimg=\"fill\" style=\"position:absolute;height:100%;width:100%;left:0;top:0;right:0;bottom:0;color:transparent\"   src=\"https:\/\/www.europesays.com\/lv\/wp-content\/uploads\/2025\/12\/1767136989_398_.jpeg\"\/><\/a><\/p>\n<p>J\u0101, nu \u0161is gads manu invest\u012bciju kop\u0113j\u0101s atdeves zi\u0146\u0101 izskat\u0101s perfekts, ja visp\u0101r ir t\u0101da lieta. Kop\u0161 janv\u0101ra mana \u2013 Investora Andra &#8211; portfe\u013ca v\u0113rt\u012bba ir pieaugusi par neticamiem 59.2% un pa\u0161\u0101s \u0161\u0101 gada beig\u0101s dz\u012bvoj\u0101s pie 37400 eiro atz\u012bmes. Varu atg\u0101din\u0101t, ka v\u0113rtspap\u012bru tirg\u016b 2021. gada novembr\u012b s\u0101ku izvietot re\u0101lus 25 t\u016bksto\u0161us eiro. P\u0113c \u0161\u0101da 2025. gada mana portfe\u013ca atdeve vairs neizskat\u0101s nemaz tik b\u0113d\u012bga.<\/p>\n<p>Interes\u0113 \u0161\u012b t\u0113ma? S\u0101c sekot \u0161iem atsl\u0113gas v\u0101rdiem un sa\u0146em pazi\u0146ojumus, kad ir pieejams jauns saturs!<\/p>\n<p>Saist\u012btie rakstiCapitalia ir viena no vado\u0161aj\u0101m alternat\u012bv\u0101 finans\u0113juma platform\u0101m Baltijas valst\u012bs, kas pied\u0101v\u0101 investoriem iesp\u0113jas ieguld\u012bt <a href=\"https:\/\/www.capitalia.com\/lv\/finansejums\/aizdevums-nekustama-ipasuma-attistibai\/\" rel=\"nofollow noopener\" target=\"_blank\">nekustamo \u012bpa\u0161umu att\u012bst\u012bbas<\/a> un uz\u0146\u0113m\u0113jdarb\u012bbas kred\u012btos.<\/p>\n","protected":false},"excerpt":{"rendered":"2025. gads manam portfelim ir bijis neticami lielisks \u2013 t\u0101 v\u0113rt\u012bba ir pieaugusi par gandr\u012bz 60%. Es gan&hellip;\n","protected":false},"author":2,"featured_media":89541,"comment_status":"","ping_status":"","sticky":false,"template":"","format":"standard","meta":{"footnotes":""},"categories":[16],"tags":[77,76,35,39,38,36,37,34,40],"class_list":{"0":"post-90423","1":"post","2":"type-post","3":"status-publish","4":"format-standard","5":"has-post-thumbnail","7":"category-bizness","8":"tag-bizness","9":"tag-business","10":"tag-latvia","11":"tag-latvian","12":"tag-latviesu","13":"tag-latviesu-valoda","14":"tag-latviesuvaloda","15":"tag-latvija","16":"tag-lv"},"share_on_mastodon":{"url":"https:\/\/pubeurope.com\/@lv\/115811097174401043","error":""},"_links":{"self":[{"href":"https:\/\/www.europesays.com\/lv\/wp-json\/wp\/v2\/posts\/90423","targetHints":{"allow":["GET"]}}],"collection":[{"href":"https:\/\/www.europesays.com\/lv\/wp-json\/wp\/v2\/posts"}],"about":[{"href":"https:\/\/www.europesays.com\/lv\/wp-json\/wp\/v2\/types\/post"}],"author":[{"embeddable":true,"href":"https:\/\/www.europesays.com\/lv\/wp-json\/wp\/v2\/users\/2"}],"replies":[{"embeddable":true,"href":"https:\/\/www.europesays.com\/lv\/wp-json\/wp\/v2\/comments?post=90423"}],"version-history":[{"count":0,"href":"https:\/\/www.europesays.com\/lv\/wp-json\/wp\/v2\/posts\/90423\/revisions"}],"wp:featuredmedia":[{"embeddable":true,"href":"https:\/\/www.europesays.com\/lv\/wp-json\/wp\/v2\/media\/89541"}],"wp:attachment":[{"href":"https:\/\/www.europesays.com\/lv\/wp-json\/wp\/v2\/media?parent=90423"}],"wp:term":[{"taxonomy":"category","embeddable":true,"href":"https:\/\/www.europesays.com\/lv\/wp-json\/wp\/v2\/categories?post=90423"},{"taxonomy":"post_tag","embeddable":true,"href":"https:\/\/www.europesays.com\/lv\/wp-json\/wp\/v2\/tags?post=90423"}],"curies":[{"name":"wp","href":"https:\/\/api.w.org\/{rel}","templated":true}]}}