{"id":90432,"date":"2025-12-30T23:54:07","date_gmt":"2025-12-30T23:54:07","guid":{"rendered":"https:\/\/www.europesays.com\/lv\/90432\/"},"modified":"2025-12-30T23:54:07","modified_gmt":"2025-12-30T23:54:07","slug":"krievija-gatavo-scenariju-ukrainas-velesanu-diskreditesanai-lente-lv","status":"publish","type":"post","link":"https:\/\/www.europesays.com\/lv\/90432\/","title":{"rendered":"Krievija gatavo scen\u0101riju Ukrainas v\u0113l\u0113\u0161anu diskredit\u0113\u0161anai\u00a0\u2014\u00a0Lente.lv"},"content":{"rendered":"<p>Krievijas pl\u0101ni Ukrainas v\u0113l\u0113\u0161anu grau\u0161anai<\/p>\n<p>Ukrainas prezidents Volodimirs Zelenskis ir paudis ba\u017eas, ka Krievija jau akt\u012bvi gatavo scen\u0101riju, lai diskredit\u0113tu Ukrain\u0101 pl\u0101not\u0101s prezidenta v\u0113l\u0113\u0161anas. K\u0101 inform\u0113 port\u0101ls jauns.lv, Krievijas strat\u0113\u0123ijas m\u0113r\u0137is ir graut v\u0113l\u0113\u0161anu le\u0123itimit\u0101ti, pieprasot balssties\u012bbas Ukrainas pilso\u0146iem gan Krievijas teritorij\u0101, gan ar\u012b pagaid\u0101m okup\u0113taj\u0101s Ukrainas da\u013c\u0101s. Zelenskis sa\u0146\u0113mis zi\u0146ojumu no Ukrainas \u0100r\u0113j\u0101s izl\u016bko\u0161anas dienesta, kas apstiprina \u0161\u012bs Krievijas puses aktivit\u0101tes.<\/p>\n<p>Prezidenta teiktais liecina, ka Krem\u013ca m\u0113r\u0137is ir v\u0113l\u0101k apgalvot, ka v\u0113l\u0113\u0161anas nav le\u0123it\u012bmas, pamatojoties uz lielo skaitu balssties\u012bgo personu Krievijas teritorij\u0101 un okup\u0113taj\u0101s zem\u0113s. Zelenskis uzsv\u0113ris, ka Krievija pati ir nele\u0123it\u012bma, un t\u0101p\u0113c izplat\u012bs v\u0113st\u012bjumus par Ukrainas varas instit\u016bciju le\u0123itimit\u0101ti.<\/p>\n<p>V\u0113l\u0113\u0161anu organiz\u0113\u0161anas priek\u0161noteikumi un dro\u0161\u012bbas garantijas<\/p>\n<p>Volodimirs Zelenskis nor\u0101d\u012bjis uz diviem galvenajiem priek\u0161noteikumiem veiksm\u012bgai v\u0113l\u0113\u0161anu r\u012bko\u0161anai: atbilsto\u0161s likumdo\u0161anas ietvars un dro\u0161\u012bbas garantijas. Vi\u0146\u0161 uzsv\u0113ris, ka v\u0113l\u0113\u0161anu rezult\u0101tiem ir j\u0101b\u016bt atz\u012btiem par le\u0123it\u012bmiem, un tam nepiecie\u0161ams nodro\u0161in\u0101t dro\u0161\u012bbu balso\u0161anas laik\u0101, tostarp dro\u0161as debesis un aizsarg\u0101tu infrastrukt\u016bru. Prezidents pauda p\u0101rliec\u012bbu, ka Ukrainas partneriem ir pietiekama ietekme, lai pan\u0101ktu \u0161o dro\u0161\u012bbas garantiju nodro\u0161in\u0101\u0161anu, vienojoties vai pat piespie\u017eot Krieviju respekt\u0113t dro\u0161\u012bbas pas\u0101kumus v\u0113l\u0113\u0161anu laik\u0101.<\/p>\n<p>\u0160obr\u012bd Ukrainas Augst\u0101k\u0101 Rada ir s\u0101kusi darbu pie likumdo\u0161anas priek\u0161likumu sagatavo\u0161anas v\u0113l\u0113\u0161anu r\u012bko\u0161anai kara apst\u0101k\u013cos. Darba grupa pl\u0101no izstr\u0101d\u0101t meh\u0101nismus, lai nov\u0113rstu Krievijas iejauk\u0161anos v\u0113l\u0113\u0161anu proces\u0101.<\/p>\n<p>Latvijas nost\u0101ja un starptautiskais konteksts<\/p>\n<p>Latvija strikti nosoda Krievijas agresiju Ukrain\u0101 un piln\u012bb\u0101 atbalsta Ukrainas suverenit\u0101ti un teritori\u0101lo integrit\u0101ti. \u0100rlietu ministrija ir paudusi, ka Latvija neatz\u012bst un neatz\u012bs Krievijas prezidenta v\u0113l\u0113\u0161anu nelikum\u012bgu r\u012bko\u0161anu vai to rezult\u0101tus Ukrainas teritorij\u0101s, ko Krievija ir okup\u0113jusi vai nelikum\u012bgi anekt\u0113jusi. \u0160\u0101da nost\u0101ja ir saska\u0146\u0101 ar Latvijas principu stingri noraid\u012bt jebk\u0101dus Krievijas m\u0113\u0123in\u0101jumus graut Ukrainas suverenit\u0101ti un demokr\u0101tiskos procesus.<\/p>\n<p>Starptautisk\u0101 sabiedr\u012bba, tostarp Latvijas partneri, ir paudu\u0161i atbalstu Ukrainai un aicin\u0101ju\u0161i nodro\u0161in\u0101t dro\u0161\u012bbu v\u0113l\u0113\u0161anu proces\u0101. Neskatoties uz juridiskajiem un praktiskajiem izaicin\u0101jumiem, kas saist\u012bti ar v\u0113l\u0113\u0161anu r\u012bko\u0161anu kara apst\u0101k\u013cos, Ukrainas vad\u012bba, ar starptautisko partneru atbalstu, mekl\u0113 risin\u0101jumus, lai nodro\u0161in\u0101tu demokr\u0101tisku un le\u0123it\u012bmu v\u0113l\u0113\u0161anu procesu.<\/p>\n<p>Krievijas iepriek\u0161\u0113jie m\u0113\u0123in\u0101jumi ietekm\u0113t v\u0113l\u0113\u0161anas<\/p>\n<p>\u0160is nav pirmais gad\u012bjums, kad Krievija cen\u0161as ietekm\u0113t Ukrainas v\u0113l\u0113\u0161anu procesus. Jau iepriek\u0161 tika zi\u0146ots par Krievijas nodomiem r\u012bkot prezidenta \u201cv\u0113l\u0113\u0161anas\u201d ar\u012b okup\u0113taj\u0101s Ukrainas teritorij\u0101s. \u0160\u0101di so\u013ci tiek uzskat\u012bti par Krievijas m\u0113\u0123in\u0101jumu le\u0123itimiz\u0113t savu kl\u0101tb\u016btni un kontroli p\u0101r Ukrainas zem\u0113m, vienlaikus graujot Ukrainas suverenit\u0101ti.<\/p>\n<p>Ukrainas prezidents Zelenskis ir apstiprin\u0101jis, ka atsevi\u0161\u0137i jaut\u0101jumi no vi\u0146a 20 punktu miera pl\u0101na paredz ar\u012b referendumu izlem\u0161anu. \u0160is ir papildu elements, kas nor\u0101da uz Ukrainas centieniem risin\u0101t sare\u017e\u0123\u012btus jaut\u0101jumus demokr\u0101tisk\u0101 ce\u013c\u0101, vienlaikus saskaroties ar \u0101r\u0113ju spiedienu.<\/p>\n<p>Iesp\u0113jam\u0101s sekas un n\u0101kamie so\u013ci<\/p>\n<p>Krievijas m\u0113\u0123in\u0101jumi diskredit\u0113t Ukrainas v\u0113l\u0113\u0161anas ir da\u013ca no pla\u0161\u0101kas strat\u0113\u0123ijas, kuras m\u0113r\u0137is ir destabiliz\u0113t Ukrainu un ap\u0161aub\u012bt t\u0101s suverenit\u0101ti un demokr\u0101tisko att\u012bst\u012bbu. \u0160\u0101di pas\u0101kumi rada papildu spriedzi starptautiskaj\u0101s attiec\u012bb\u0101s un uzsver nepiecie\u0161am\u012bbu p\u0113c cie\u0161\u0101kas starptautisk\u0101s koordin\u0101cijas un atbalsta Ukrainai. Ukrainas vald\u012bba turpin\u0101s str\u0101d\u0101t pie likumdo\u0161anas un dro\u0161\u012bbas pas\u0101kumu izstr\u0101des, lai nodro\u0161in\u0101tu god\u012bgas un le\u0123it\u012bmas v\u0113l\u0113\u0161anas, neskatoties uz Krievijas provok\u0101cij\u0101m.<\/p>\n","protected":false},"excerpt":{"rendered":"Krievijas pl\u0101ni Ukrainas v\u0113l\u0113\u0161anu grau\u0161anai Ukrainas prezidents Volodimirs Zelenskis ir paudis ba\u017eas, ka Krievija jau akt\u012bvi gatavo scen\u0101riju,&hellip;\n","protected":false},"author":2,"featured_media":90433,"comment_status":"","ping_status":"","sticky":false,"template":"","format":"standard","meta":{"footnotes":""},"categories":[14],"tags":[23,57,28,29,22821,14308,32,33,22,234,30,31,35,39,38,36,37,34,40,20,26,27,24,25,18928,54,55,56,1075,21,58],"class_list":{"0":"post-90432","1":"post","2":"type-post","3":"status-publish","4":"format-standard","5":"has-post-thumbnail","7":"category-zinas-no-arvalstim","8":"tag-aktualitates","9":"tag-arvalstim","10":"tag-breaking-news","11":"tag-breakingnews","12":"tag-diskreditesana","13":"tag-drosibas-garantijas","14":"tag-featured-news","15":"tag-featurednews","16":"tag-headlines","17":"tag-krievija","18":"tag-latest-news","19":"tag-latestnews","20":"tag-latvia","21":"tag-latvian","22":"tag-latviesu","23":"tag-latviesu-valoda","24":"tag-latviesuvaloda","25":"tag-latvija","26":"tag-lv","27":"tag-news","28":"tag-popularakas-zinas","29":"tag-popularakaszinas","30":"tag-top-stories","31":"tag-topstories","32":"tag-ukrainas-velesanas","33":"tag-world","34":"tag-world-news","35":"tag-worldnews","36":"tag-zelenskis","37":"tag-zinas","38":"tag-zinas-no-arvalstim"},"share_on_mastodon":{"url":"https:\/\/pubeurope.com\/@lv\/115811219040844297","error":""},"_links":{"self":[{"href":"https:\/\/www.europesays.com\/lv\/wp-json\/wp\/v2\/posts\/90432","targetHints":{"allow":["GET"]}}],"collection":[{"href":"https:\/\/www.europesays.com\/lv\/wp-json\/wp\/v2\/posts"}],"about":[{"href":"https:\/\/www.europesays.com\/lv\/wp-json\/wp\/v2\/types\/post"}],"author":[{"embeddable":true,"href":"https:\/\/www.europesays.com\/lv\/wp-json\/wp\/v2\/users\/2"}],"replies":[{"embeddable":true,"href":"https:\/\/www.europesays.com\/lv\/wp-json\/wp\/v2\/comments?post=90432"}],"version-history":[{"count":0,"href":"https:\/\/www.europesays.com\/lv\/wp-json\/wp\/v2\/posts\/90432\/revisions"}],"wp:featuredmedia":[{"embeddable":true,"href":"https:\/\/www.europesays.com\/lv\/wp-json\/wp\/v2\/media\/90433"}],"wp:attachment":[{"href":"https:\/\/www.europesays.com\/lv\/wp-json\/wp\/v2\/media?parent=90432"}],"wp:term":[{"taxonomy":"category","embeddable":true,"href":"https:\/\/www.europesays.com\/lv\/wp-json\/wp\/v2\/categories?post=90432"},{"taxonomy":"post_tag","embeddable":true,"href":"https:\/\/www.europesays.com\/lv\/wp-json\/wp\/v2\/tags?post=90432"}],"curies":[{"name":"wp","href":"https:\/\/api.w.org\/{rel}","templated":true}]}}