{"id":90434,"date":"2025-12-31T00:00:07","date_gmt":"2025-12-31T00:00:07","guid":{"rendered":"https:\/\/www.europesays.com\/lv\/90434\/"},"modified":"2025-12-31T00:00:07","modified_gmt":"2025-12-31T00:00:07","slug":"mirusi-35-gadus-veca-tatjana-slosberga-asv-prezidenta-kenedija-mazmeita-lente-lv","status":"publish","type":"post","link":"https:\/\/www.europesays.com\/lv\/90434\/","title":{"rendered":"Mirusi 35 gadus vec\u0101 Tatjana \u0160losberga, ASV prezidenta Kenedija mazmeita\u00a0\u2014\u00a0Lente.lv"},"content":{"rendered":"<p>Skumjas zi\u0146as \u0123imen\u0113<\/p>\n<p>K\u0101 inform\u0113 telekan\u0101ls EuroNews, m\u016b\u017e\u012bb\u0101 devusies Tatjana \u0160losberga, biju\u0161\u0101 ASV prezidenta D\u017eona Kenedija mazmeita un vides \u017eurn\u0101liste. Vi\u0146ai bija tikai 35 gadi. \u0160losberga, kura bija prezidents Kenedija meitas Karol\u012bnas Kenedijas un Edv\u012bna \u0160losberga meita, 2025. gada novembr\u012b public\u0113t\u0101 esej\u0101 izdevumam &#8220;The New Yorker&#8221; atkl\u0101ja, ka c\u012bn\u0101s ar termin\u0101lu v\u0113zi. Zi\u0146u par vi\u0146as n\u0101vi public\u0113jusi D\u017eona Kenedija prezidenta bibliot\u0113kas fonds soci\u0101laj\u0101 t\u012bkl\u0101 &#8220;Instagram&#8221;.<\/p>\n<p>C\u012b\u0146a ar slim\u012bbu<\/p>\n<p>\u201eM\u016bsu skaist\u0101 Tatjana \u0161or\u012bt aizg\u0101ja. Vi\u0146a vienm\u0113r b\u016bs m\u016bsu sird\u012bs,\u201d teikts fonda pazi\u0146ojum\u0101, kur\u0101 gan netika preciz\u0113ts n\u0101ves c\u0113lonis vai vieta. Tatjanai \u0160losbergai ak\u016bta mielo\u012bda leik\u0113mija tika diagnostic\u0113ta 2024. gada maij\u0101, kad vi\u0146ai bija 34 gadi. P\u0113c otr\u0101 b\u0113rna piedzim\u0161anas \u0101rsts paman\u012bjis paaugstin\u0101tu balto asins\u0137ermen\u012b\u0161u skaitu, kas izr\u0101d\u012bj\u0101s ak\u016bta mielo\u012bda leik\u0113mija ar retu mut\u0101ciju, kas bie\u017e\u0101k sastopama gados vec\u0101kiem cilv\u0113kiem.<\/p>\n<p>Atskaite par \u0101rst\u0113\u0161anos un kritika<\/p>\n<p>Sav\u0101 eseja &#8220;C\u012b\u0146a ar sav\u0101m asin\u012bm&#8221; \u0160losberga dal\u012bj\u0101s pieredz\u0113 par izie\u0161anu cauri vair\u0101kiem \u0137\u012bmijterapijas kursiem, div\u0101m cilmes \u0161\u016bnu transplant\u0101cij\u0101m un piedal\u012b\u0161anos kl\u012bniskajos p\u0113t\u012bjumos. Vi\u0146a atkl\u0101ja, ka p\u0113d\u0113j\u0101 p\u0113t\u012bjuma laik\u0101 \u0101rsts vi\u0146ai teicis, ka var\u0113tu vi\u0146u patur\u0113t dz\u012bvu v\u0113l gadu, varb\u016bt. \u0160losberga ar\u012b kritiz\u0113ja politikas, ko virza vi\u0146as m\u0101tes br\u0101l\u0113ns, vesel\u012bbas un cilv\u0113ku dienestu sekret\u0101rs Roberts F. Kenedijs jaun\u0101kais, nor\u0101dot, ka vi\u0146a atbalst\u012bt\u0101s politikas var\u0113tu kait\u0113t v\u0113\u017ea pacientiem k\u0101 vi\u0146a. Vi\u0146as m\u0101te iepriek\u0161 bija aicin\u0101jusi senatorus noraid\u012bt vi\u0146a apstiprin\u0101\u0161anu.<\/p>\n<blockquote><p>\u201eM\u016bsu skaist\u0101 Tatjana \u0161or\u012bt aizg\u0101ja. Vi\u0146a vienm\u0113r b\u016bs m\u016bsu sird\u012bs.\u201d<\/p><\/blockquote>\n","protected":false},"excerpt":{"rendered":"Skumjas zi\u0146as \u0123imen\u0113 K\u0101 inform\u0113 telekan\u0101ls EuroNews, m\u016b\u017e\u012bb\u0101 devusies Tatjana \u0160losberga, biju\u0161\u0101 ASV prezidenta D\u017eona Kenedija mazmeita un&hellip;\n","protected":false},"author":2,"featured_media":90435,"comment_status":"","ping_status":"","sticky":false,"template":"","format":"standard","meta":{"footnotes":""},"categories":[14],"tags":[23,57,1684,28,29,22823,32,33,22,30,31,35,39,38,36,37,34,40,296,20,26,27,22822,24,25,976,54,55,56,21,58],"class_list":{"0":"post-90434","1":"post","2":"type-post","3":"status-publish","4":"format-standard","5":"has-post-thumbnail","7":"category-zinas-no-arvalstim","8":"tag-aktualitates","9":"tag-arvalstim","10":"tag-asv-politika","11":"tag-breaking-news","12":"tag-breakingnews","13":"tag-dzons-kenedijs","14":"tag-featured-news","15":"tag-featurednews","16":"tag-headlines","17":"tag-latest-news","18":"tag-latestnews","19":"tag-latvia","20":"tag-latvian","21":"tag-latviesu","22":"tag-latviesu-valoda","23":"tag-latviesuvaloda","24":"tag-latvija","25":"tag-lv","26":"tag-nave","27":"tag-news","28":"tag-popularakas-zinas","29":"tag-popularakaszinas","30":"tag-tatjana-slosberga","31":"tag-top-stories","32":"tag-topstories","33":"tag-vezis","34":"tag-world","35":"tag-world-news","36":"tag-worldnews","37":"tag-zinas","38":"tag-zinas-no-arvalstim"},"share_on_mastodon":{"url":"https:\/\/pubeurope.com\/@lv\/115811242634475114","error":""},"_links":{"self":[{"href":"https:\/\/www.europesays.com\/lv\/wp-json\/wp\/v2\/posts\/90434","targetHints":{"allow":["GET"]}}],"collection":[{"href":"https:\/\/www.europesays.com\/lv\/wp-json\/wp\/v2\/posts"}],"about":[{"href":"https:\/\/www.europesays.com\/lv\/wp-json\/wp\/v2\/types\/post"}],"author":[{"embeddable":true,"href":"https:\/\/www.europesays.com\/lv\/wp-json\/wp\/v2\/users\/2"}],"replies":[{"embeddable":true,"href":"https:\/\/www.europesays.com\/lv\/wp-json\/wp\/v2\/comments?post=90434"}],"version-history":[{"count":0,"href":"https:\/\/www.europesays.com\/lv\/wp-json\/wp\/v2\/posts\/90434\/revisions"}],"wp:featuredmedia":[{"embeddable":true,"href":"https:\/\/www.europesays.com\/lv\/wp-json\/wp\/v2\/media\/90435"}],"wp:attachment":[{"href":"https:\/\/www.europesays.com\/lv\/wp-json\/wp\/v2\/media?parent=90434"}],"wp:term":[{"taxonomy":"category","embeddable":true,"href":"https:\/\/www.europesays.com\/lv\/wp-json\/wp\/v2\/categories?post=90434"},{"taxonomy":"post_tag","embeddable":true,"href":"https:\/\/www.europesays.com\/lv\/wp-json\/wp\/v2\/tags?post=90434"}],"curies":[{"name":"wp","href":"https:\/\/api.w.org\/{rel}","templated":true}]}}