{"id":90453,"date":"2025-12-31T01:19:06","date_gmt":"2025-12-31T01:19:06","guid":{"rendered":"https:\/\/www.europesays.com\/lv\/90453\/"},"modified":"2025-12-31T01:19:06","modified_gmt":"2025-12-31T01:19:06","slug":"nikola-jokics-izstajas-no-speles-pret-heat-celgala-savainojuma-del-lente-lv","status":"publish","type":"post","link":"https:\/\/www.europesays.com\/lv\/90453\/","title":{"rendered":"Nikola Joki\u010ds izst\u0101jas no sp\u0113les pret &#8220;Heat&#8221; ce\u013cgala savainojuma d\u0113\u013c\u00a0\u2014\u00a0Lente.lv"},"content":{"rendered":"<p>Joki\u010ds saskaras ar traum\u0101m NBA<\/p>\n<p>Denveras &#8220;Nuggets&#8221; zvaigzne Nikola Joki\u010ds piedz\u012bvojis nepat\u012bkamu br\u012bdi Nacion\u0101l\u0101s basketbola asoci\u0101cijas (NBA) sp\u0113l\u0113 pret Maiami &#8220;Heat&#8221;, kur\u0101 guvis ce\u013cgala savainojumu. Incidenta d\u0113\u013c serbu basketbolists nevar\u0113ja turpin\u0101t sp\u0113li, radot ba\u017eas gan komandas faniem, gan visai l\u012bgai.<\/p>\n<p>Sp\u0113les gaita un savainojuma br\u012bdis<\/p>\n<p>Sp\u0113les laik\u0101, izpildot k\u0101du kust\u012bbu, Joki\u010ds sajuta s\u0101pes un nekav\u0113joties dev\u0101s uz &#8220;Nuggets&#8221; \u0123\u0113rbtuvi. Lai gan prec\u012bza savainojuma smaguma pak\u0101pe v\u0113l tiek skaidrota, vi\u0146a do\u0161anos prom no laukuma uzskata par nopietnu sign\u0101lu. Pirms savainojuma Joki\u010ds bija demonstr\u0113jis savu ierasto dominanci, pal\u012bdzot komandai uztur\u0113t konkur\u0113tsp\u0113j\u012bgu rezult\u0101tu.<\/p>\n<p>Ietekme uz &#8220;Nuggets&#8221; un l\u012bgu<\/p>\n<p>\u0160is savainojums rada iev\u0113rojamu satraukumu Denveras komandai, kuras pan\u0101kumi liel\u0101 m\u0113r\u0101 ir atkar\u012bgi no Joki\u010da snieguma. Vi\u0146\u0161 ir viens no l\u012bgas v\u0113rt\u012bg\u0101kajiem sp\u0113l\u0113t\u0101jiem, un vi\u0146a promb\u016btne var\u0113tu b\u016btiski ietekm\u0113t &#8220;Nuggets&#8221; izredzes gan regul\u0101raj\u0101 sezon\u0101, gan gaid\u0101maj\u0101s izsl\u0113g\u0161anas sp\u0113l\u0113s. Basketbola anal\u012bti\u0137i jau pie\u013cauj, ka bez Joki\u010da komandai n\u0101ksies mekl\u0113t jaunus risin\u0101jumus uzbrukuma un aizsardz\u012bbas sist\u0113m\u0101s.<\/p>\n<p>Turpm\u0101kie so\u013ci un prognozes<\/p>\n<p>Tuv\u0101kaj\u0101s dien\u0101s tiks veiktas papildu medic\u012bnisk\u0101s izmekl\u0113\u0161anas, lai noteiktu traumas pilnu apjomu un prognoz\u0113tu atgrie\u0161an\u0101s laiku. &#8220;Nuggets&#8221; vad\u012bba pagaid\u0101m nav sniegusi pla\u0161\u0101kus koment\u0101rus, nor\u0101dot, ka priorit\u0101te ir sp\u0113l\u0113t\u0101ja vesel\u012bba. \u0160is notikums atkal izvirza jaut\u0101jumu par sp\u0113l\u0113t\u0101ju noslogojumu un traumu profilaksi NBA.<\/p>\n","protected":false},"excerpt":{"rendered":"Joki\u010ds saskaras ar traum\u0101m NBA Denveras &#8220;Nuggets&#8221; zvaigzne Nikola Joki\u010ds piedz\u012bvojis nepat\u012bkamu br\u012bdi Nacion\u0101l\u0101s basketbola asoci\u0101cijas (NBA) sp\u0113l\u0113&hellip;\n","protected":false},"author":2,"featured_media":90454,"comment_status":"","ping_status":"","sticky":false,"template":"","format":"standard","meta":{"footnotes":""},"categories":[17],"tags":[22385,35,39,38,36,37,34,40,1258,5786,5135,67],"class_list":{"0":"post-90453","1":"post","2":"type-post","3":"status-publish","4":"format-standard","5":"has-post-thumbnail","7":"category-sports","8":"tag-denveras","9":"tag-latvia","10":"tag-latvian","11":"tag-latviesu","12":"tag-latviesu-valoda","13":"tag-latviesuvaloda","14":"tag-latvija","15":"tag-lv","16":"tag-nba","17":"tag-nikola-jokics","18":"tag-savainojums","19":"tag-sports"},"share_on_mastodon":{"url":"https:\/\/pubeurope.com\/@lv\/115811553281708328","error":""},"_links":{"self":[{"href":"https:\/\/www.europesays.com\/lv\/wp-json\/wp\/v2\/posts\/90453","targetHints":{"allow":["GET"]}}],"collection":[{"href":"https:\/\/www.europesays.com\/lv\/wp-json\/wp\/v2\/posts"}],"about":[{"href":"https:\/\/www.europesays.com\/lv\/wp-json\/wp\/v2\/types\/post"}],"author":[{"embeddable":true,"href":"https:\/\/www.europesays.com\/lv\/wp-json\/wp\/v2\/users\/2"}],"replies":[{"embeddable":true,"href":"https:\/\/www.europesays.com\/lv\/wp-json\/wp\/v2\/comments?post=90453"}],"version-history":[{"count":0,"href":"https:\/\/www.europesays.com\/lv\/wp-json\/wp\/v2\/posts\/90453\/revisions"}],"wp:featuredmedia":[{"embeddable":true,"href":"https:\/\/www.europesays.com\/lv\/wp-json\/wp\/v2\/media\/90454"}],"wp:attachment":[{"href":"https:\/\/www.europesays.com\/lv\/wp-json\/wp\/v2\/media?parent=90453"}],"wp:term":[{"taxonomy":"category","embeddable":true,"href":"https:\/\/www.europesays.com\/lv\/wp-json\/wp\/v2\/categories?post=90453"},{"taxonomy":"post_tag","embeddable":true,"href":"https:\/\/www.europesays.com\/lv\/wp-json\/wp\/v2\/tags?post=90453"}],"curies":[{"name":"wp","href":"https:\/\/api.w.org\/{rel}","templated":true}]}}