{"id":90461,"date":"2025-12-31T01:37:11","date_gmt":"2025-12-31T01:37:11","guid":{"rendered":"https:\/\/www.europesays.com\/lv\/90461\/"},"modified":"2025-12-31T01:37:11","modified_gmt":"2025-12-31T01:37:11","slug":"vef-riga-atved-uz-latviju-pirmo-sveices-basketbolistu-basketbols-sportacentrs-com","status":"publish","type":"post","link":"https:\/\/www.europesays.com\/lv\/90461\/","title":{"rendered":"&#8220;VEF R\u012bga&#8221; atved uz Latviju pirmo \u0160veices basketbolistu \u2013 Basketbols \u2013 Sportacentrs.com"},"content":{"rendered":"<p>&#8220;VEF R\u012bga&#8221; komandai bija izveidojies pamat\u012bgs robs garo sp\u0113l\u0113t\u0101ju rind\u0101s. L\u012bguma termi\u0146\u0161 nosl\u0113dzies jaud\u012bgajam Arnaldo Toro, savainojuma d\u0113\u013c uz kru\u0137iem p\u0101rvietojas Rostislavs Novickis, bet Bens Karlsons v\u0113l pirms sezonas iedz\u012bvoj\u0101s traum\u0101, tagad uz da\u017e\u0101m sp\u0113l\u0113m bija atbraucis pal\u012bg\u0101 r\u012bdziniekiem, bet nu jau atkal devies m\u0101j\u0101s.<\/p>\n<p>Savu divmetrinieku sarakstu r\u012bdzinieki papildin\u0101ju\u0161i ar \u0160veices valstsvein\u012bbas basketbolistu Toniju Ro\u010daku. Kl\u0101tien\u0113 Vefi\u0146a izl\u016bkiem basketbolistu var\u0113ja b\u016bt iesp\u0113ja apskat\u012bties \u0161\u012b gada august\u0101, kad R\u012bg\u0101 sp\u0113l\u0113 pret Ukrainas valstsvien\u012bbu Ro\u010daks sameta 11 punktus. Kopum\u0101 septi\u0146\u0101s pasaules \u010dempion\u0101ta priek\u0161kvalifik\u0101cijas sp\u0113l\u0113s  basketbolista statistika \u0160veices izlas\u0113 sniedz\u0101s l\u012bdz 11,6 punktiem un 5,1 izc\u012bn\u012btai atl\u0113ku\u0161ajai bumbai.<\/p>\n<p>Da\u017e\u0101dos resursos sp\u0113l\u0113t\u0101ja auguma r\u0101d\u012bt\u0101ji gan atz\u012bm\u0113ti diezgan da\u017e\u0101di &#8211; no 203 centimetriem l\u012bdz pat 208. Vefi\u0146\u0161 sav\u0101 publik\u0101cij\u0101 nor\u0101d\u012bjis pa vidu tam &#8211; 206 centimetrus.<\/p>\n<p>Ro\u010daks k\u013c\u016bs par pirmo \u0160veices basketbola p\u0101rst\u0101vi, kur\u0161 sp\u0113l\u0113jis Latvijas klubu basketbol\u0101. Ro\u010dakam gan ir horv\u0101tu saknes un vi\u0146\u0161 ir dzimis Zagreb\u0101. Profesion\u0101lu iemeslu d\u0113\u013c Ro\u010daka t\u0113vs ar \u0123imeni p\u0101rc\u0113l\u0101s uz \u0160veici, kad z\u0113nam bija tr\u012bs gadi, t\u0101d\u0113\u013c basketbola gaitas sp\u0113l\u0113t\u0101js ies\u0101ka \u017den\u0113v\u0101. Ro\u010daks br\u012bvi run\u0101 \u010detr\u0101s valod\u0101s.<\/p>\n<p>P\u0113c ASV studentu basketbol\u0101 pavad\u012btiem gadiem Sandj\u0113go un Sanfrancisko universit\u0101t\u0113s, Ro\u010daks savu profesion\u0101lo karjeru ies\u0101ka etniskaj\u0101 dzimten\u0113 &#8211; Horv\u0101tij\u0101. Pirmo sezonu basketbolists pavad\u012bja Horv\u0101tijas \u010dempion\u0101ta komand\u0101 &#8220;Dubrava&#8221;. Otraj\u0101 sezon\u0101 basketbolists jau tika pie iesp\u0113jas par\u0101d\u012bties Adrijas l\u012bg\u0101, p\u0101rst\u0101vot labi zin\u0101mo Zagerbas &#8220;Cibona&#8221;. Ro\u010daka vid\u0113jie r\u0101d\u012bt\u0101ji Adrijas l\u012bg\u0101 sniedz\u0101s l\u012bdz 10,5 punktiem un 5,4 izc\u012bn\u012bt\u0101m atl\u0113ku\u0161aj\u0101m bumb\u0101m. \u0160\u012bs sezonas pirmo pusi basketbolists pavad\u012bja It\u0101lijas p\u0113c sp\u0113ka otr\u0101s l\u012bgas komand\u0101 &#8220;Cividale&#8221;.<\/p>\n<p>Pirmo sp\u0113li p\u0113c gadu mijas &#8220;VEF R\u012bga&#8221; aizvad\u012bs 3. janv\u0101r\u012b, izbraukuma sp\u0113l\u0113 tiekoties ar Igaunijas grandu Tallinas &#8220;Kalev\/Cramo&#8221;. Ar\u012b turpin\u0101jum\u0101 Ro\u010dakam b\u016bs iesp\u0113ja apce\u013cot sen\u0101s Livonijas zemes, jo Latvijas &#8211; Igaunijas l\u012bgas turn\u012br\u0101 no desmit atliku\u0161aj\u0101m pamatturn\u012bra sp\u0113l\u0113m tikai vienu &#8220;VEF R\u012bga&#8221; aizvad\u012bs sav\u0101 laukum\u0101 &#8211; 11. mart\u0101 pret &#8220;Tartu Universit\u0101ti&#8221;.<\/p>\n<blockquote class=\"twitter-tweet\">\n<p lang=\"lv\" dir=\"ltr\">&#8220;VEF R\u012bga&#8221; pievienojas \u0160veices izlases basketbolists Tonijs Ro\u010daks. \u26ab\ufe0f\u26aa\ufe0f\ud83c\udfc0<\/p>\n<p>Vair\u0101k lasi \u0161eit: <a href=\"https:\/\/t.co\/pyxrWeiwAj\" rel=\"nofollow\">https:\/\/t.co\/pyxrWeiwAj<\/a> <a href=\"https:\/\/t.co\/N20NBqlE6r\" rel=\"nofollow\">pic.twitter.com\/N20NBqlE6r<\/a><\/p>\n<p>\u2014 VEF R\u012bga (@vefriga) <a href=\"https:\/\/twitter.com\/vefriga\/status\/2005929200557949226?ref_src=twsrc%5Etfw\" rel=\"nofollow noopener\" target=\"_blank\">December 30, 2025<\/a><\/p><\/blockquote>\n<p>                    <script async src=\"https:\/\/platform.twitter.com\/widgets.js\" charset=\"utf-8\"><\/script><\/p>\n","protected":false},"excerpt":{"rendered":"&#8220;VEF R\u012bga&#8221; komandai bija izveidojies pamat\u012bgs robs garo sp\u0113l\u0113t\u0101ju rind\u0101s. L\u012bguma termi\u0146\u0161 nosl\u0113dzies jaud\u012bgajam Arnaldo Toro, savainojuma d\u0113\u013c&hellip;\n","protected":false},"author":2,"featured_media":90462,"comment_status":"","ping_status":"","sticky":false,"template":"","format":"standard","meta":{"footnotes":""},"categories":[17],"tags":[145,35,39,38,36,37,34,1313,1314,1312,40,67],"class_list":{"0":"post-90461","1":"post","2":"type-post","3":"status-publish","4":"format-standard","5":"has-post-thumbnail","7":"category-sports","8":"tag-basketbols","9":"tag-latvia","10":"tag-latvian","11":"tag-latviesu","12":"tag-latviesu-valoda","13":"tag-latviesuvaloda","14":"tag-latvija","15":"tag-latvijas-basketbola-liga","16":"tag-latvijas-basketbols","17":"tag-lbl","18":"tag-lv","19":"tag-sports"},"share_on_mastodon":{"url":"https:\/\/pubeurope.com\/@lv\/115811624057116643","error":""},"_links":{"self":[{"href":"https:\/\/www.europesays.com\/lv\/wp-json\/wp\/v2\/posts\/90461","targetHints":{"allow":["GET"]}}],"collection":[{"href":"https:\/\/www.europesays.com\/lv\/wp-json\/wp\/v2\/posts"}],"about":[{"href":"https:\/\/www.europesays.com\/lv\/wp-json\/wp\/v2\/types\/post"}],"author":[{"embeddable":true,"href":"https:\/\/www.europesays.com\/lv\/wp-json\/wp\/v2\/users\/2"}],"replies":[{"embeddable":true,"href":"https:\/\/www.europesays.com\/lv\/wp-json\/wp\/v2\/comments?post=90461"}],"version-history":[{"count":0,"href":"https:\/\/www.europesays.com\/lv\/wp-json\/wp\/v2\/posts\/90461\/revisions"}],"wp:featuredmedia":[{"embeddable":true,"href":"https:\/\/www.europesays.com\/lv\/wp-json\/wp\/v2\/media\/90462"}],"wp:attachment":[{"href":"https:\/\/www.europesays.com\/lv\/wp-json\/wp\/v2\/media?parent=90461"}],"wp:term":[{"taxonomy":"category","embeddable":true,"href":"https:\/\/www.europesays.com\/lv\/wp-json\/wp\/v2\/categories?post=90461"},{"taxonomy":"post_tag","embeddable":true,"href":"https:\/\/www.europesays.com\/lv\/wp-json\/wp\/v2\/tags?post=90461"}],"curies":[{"name":"wp","href":"https:\/\/api.w.org\/{rel}","templated":true}]}}