{"id":90463,"date":"2025-12-31T01:49:08","date_gmt":"2025-12-31T01:49:08","guid":{"rendered":"https:\/\/www.europesays.com\/lv\/90463\/"},"modified":"2025-12-31T01:49:08","modified_gmt":"2025-12-31T01:49:08","slug":"kaspars-pumpurs-uzvar-mxopen-klase-latvijas-iekstelpu-motokrosa-otraja-posma-lente-lv","status":"publish","type":"post","link":"https:\/\/www.europesays.com\/lv\/90463\/","title":{"rendered":"Kaspars Pumpurs uzvar &#8220;MXOpen&#8221; klas\u0113 Latvijas iek\u0161telpu motokrosa otraj\u0101 posm\u0101\u00a0\u2014\u00a0Lente.lv"},"content":{"rendered":"<p>Pumpurs triumf\u0113 &#8220;MXOpen&#8221; klas\u0113<\/p>\n<p>Sacens\u012bb\u0101s &#8220;SpeedZone MX Ar\u0113n\u0101&#8221; aizvad\u012btaj\u0101 ned\u0113\u013cas nogal\u0113 notika aizraujo\u0161s &#8220;Bildberg&#8221; Latvijas \u010dempion\u0101ta otrais posms iek\u0161telpu motokros\u0101. &#8220;MXOpen&#8221; klas\u0113 p\u0101rliecino\u0161u uzvaru izc\u012bn\u012bja Kaspars Pumpurs, apliecinot savu meistar\u012bbu uz ledus seguma trases.<\/p>\n<p>Pla\u0161s dal\u012bbnieku loks un starptautiska atmosf\u0113ra<\/p>\n<p>Pas\u0101kum\u0101 pulc\u0113j\u0101s 69 dal\u012bbnieki no Latvijas, Igaunijas, Lietuvas un pat Anglijas, radot starptautisku un atrakt\u012bvu atmosf\u0113ru. Sportisti da\u017e\u0101d\u0101s klas\u0113s demonstr\u0113ja augstas raudzes meistar\u012bbu un c\u012b\u0146as sparu, sniedzot skat\u012bt\u0101jiem baud\u0101mu motokrosa \u0161ovu.<\/p>\n<p>Spraigas c\u012b\u0146as da\u017e\u0101d\u0101s klas\u0113s<\/p>\n<p>Papildus uzvar\u0113t\u0101ja Pumpura sniegumam, skat\u012bt\u0101ji var\u0113ja v\u0113rot spraigas c\u012b\u0146as ar\u012b cit\u0101s klas\u0113s. Sacens\u012bbas kopum\u0101 norit\u0113ja bez starpgad\u012bjumiem, un organizatori izteica pateic\u012bbu visiem dal\u012bbniekiem, atbalst\u012bt\u0101jiem un skat\u012bt\u0101jiem par kop\u012bgi rad\u012bto pas\u0101kuma atmosf\u0113ru.<\/p>\n<p>N\u0101kamais posms un turpm\u0101k\u0101s perspekt\u012bvas<\/p>\n<p>\u0160is bija otrais &#8220;Bildberg&#8221; Latvijas \u010dempion\u0101ta posms iek\u0161telpu motokros\u0101. Tiek pl\u0101nots, ka n\u0101kamais un \u0161\u012bs sezonas nosl\u0113dzo\u0161ais posms norisin\u0101sies 16. febru\u0101r\u012b, kad tiks noskaidroti un apbalvoti ar\u012b sezonas kopv\u0113rt\u0113juma lab\u0101kie sportisti. Iek\u0161telpu motokross Latvij\u0101 demonstr\u0113 savu piepras\u012bjumu un potenci\u0101lu k\u013c\u016bt par trad\u012bciju.<\/p>\n","protected":false},"excerpt":{"rendered":"Pumpurs triumf\u0113 &#8220;MXOpen&#8221; klas\u0113 Sacens\u012bb\u0101s &#8220;SpeedZone MX Ar\u0113n\u0101&#8221; aizvad\u012btaj\u0101 ned\u0113\u013cas nogal\u0113 notika aizraujo\u0161s &#8220;Bildberg&#8221; Latvijas \u010dempion\u0101ta otrais posms&hellip;\n","protected":false},"author":2,"featured_media":90464,"comment_status":"","ping_status":"","sticky":false,"template":"","format":"standard","meta":{"footnotes":""},"categories":[17],"tags":[22834,22833,35,39,38,36,37,34,8054,40,578,22835,67],"class_list":{"0":"post-90463","1":"post","2":"type-post","3":"status-publish","4":"format-standard","5":"has-post-thumbnail","7":"category-sports","8":"tag-iekstelpu-motokross","9":"tag-kaspars-pumpurs","10":"tag-latvia","11":"tag-latvian","12":"tag-latviesu","13":"tag-latviesu-valoda","14":"tag-latviesuvaloda","15":"tag-latvija","16":"tag-latvijas-cempionats","17":"tag-lv","18":"tag-motokross","19":"tag-mxopen-klase","20":"tag-sports"},"share_on_mastodon":{"url":"https:\/\/pubeurope.com\/@lv\/115811671245570661","error":""},"_links":{"self":[{"href":"https:\/\/www.europesays.com\/lv\/wp-json\/wp\/v2\/posts\/90463","targetHints":{"allow":["GET"]}}],"collection":[{"href":"https:\/\/www.europesays.com\/lv\/wp-json\/wp\/v2\/posts"}],"about":[{"href":"https:\/\/www.europesays.com\/lv\/wp-json\/wp\/v2\/types\/post"}],"author":[{"embeddable":true,"href":"https:\/\/www.europesays.com\/lv\/wp-json\/wp\/v2\/users\/2"}],"replies":[{"embeddable":true,"href":"https:\/\/www.europesays.com\/lv\/wp-json\/wp\/v2\/comments?post=90463"}],"version-history":[{"count":0,"href":"https:\/\/www.europesays.com\/lv\/wp-json\/wp\/v2\/posts\/90463\/revisions"}],"wp:featuredmedia":[{"embeddable":true,"href":"https:\/\/www.europesays.com\/lv\/wp-json\/wp\/v2\/media\/90464"}],"wp:attachment":[{"href":"https:\/\/www.europesays.com\/lv\/wp-json\/wp\/v2\/media?parent=90463"}],"wp:term":[{"taxonomy":"category","embeddable":true,"href":"https:\/\/www.europesays.com\/lv\/wp-json\/wp\/v2\/categories?post=90463"},{"taxonomy":"post_tag","embeddable":true,"href":"https:\/\/www.europesays.com\/lv\/wp-json\/wp\/v2\/tags?post=90463"}],"curies":[{"name":"wp","href":"https:\/\/api.w.org\/{rel}","templated":true}]}}