{"id":90467,"date":"2025-12-31T01:54:06","date_gmt":"2025-12-31T01:54:06","guid":{"rendered":"https:\/\/www.europesays.com\/lv\/90467\/"},"modified":"2025-12-31T01:54:06","modified_gmt":"2025-12-31T01:54:06","slug":"tukstosiem-cilveku-baudija-svetkus-koncertus-un-festivalus-atrodi-sevi-fotografijas-lente-lv","status":"publish","type":"post","link":"https:\/\/www.europesays.com\/lv\/90467\/","title":{"rendered":"T\u016bksto\u0161iem cilv\u0113ku baud\u012bja sv\u0113tkus, koncertus un festiv\u0101lus \u2013 atrodi sevi fotogr\u0101fij\u0101s!\u00a0\u2014\u00a0Lente.lv"},"content":{"rendered":"<p>Vasara piepild\u012bta ar emocij\u0101m un kop\u012bbas saj\u016btu<\/p>\n<p>Aizejo\u0161ais 2025. gads Latvij\u0101 aizvad\u012bjis \u012bpa\u0161i notikumiem bag\u0101tu vasaru, kas pulc\u0113jusi t\u016bksto\u0161iem cilv\u0113ku vis\u0101 valst\u012b. No ener\u0123iskiem m\u016bzikas festiv\u0101liem l\u012bdz grandioziem kult\u016bras pas\u0101kumiem, latvie\u0161i un viesi baud\u012bju\u0161i pla\u0161u notikumu kl\u0101stu. &#8220;Delfi&#8221; fotogr\u0101fi iem\u016b\u017ein\u0101ju\u0161i neskait\u0101mas emocijas, prieku un kop\u012bbas saj\u016btu, kas vald\u012bju\u0161as da\u017e\u0101dos koncertos, festiv\u0101los un, protams, ar\u012b Skol\u0113nu Dziesmu un deju sv\u0113tkos. Aicin\u0101m atskat\u012bties uz aizvad\u012btajiem notikumiem un atrast sevi fotogr\u0101fij\u0101s, saglab\u0101jot \u0161os pat\u012bkamos mirk\u013cus piemi\u0146ai.<\/p>\n<p>Ieskats vasaras noz\u012bm\u012bg\u0101kajos notikumos<\/p>\n<p>Vasaras festiv\u0101lu un pas\u0101kumu kalend\u0101rs bijis daudzveid\u012bgs un pies\u0101tin\u0101ts. Viens no centr\u0101lajiem notikumiem ir biju\u0161i XIII Latvijas Skolu jaunatnes dziesmu un deju sv\u0113tki, kas R\u012bg\u0101 norisin\u0101j\u0101s no 5. l\u012bdz 13. j\u016blijam. \u0160ie sv\u0113tki, kas notiek reizi piecos gados, pulc\u0113ja vair\u0101k nek\u0101 38 000 jauno dzied\u0101t\u0101ju, dejot\u0101ju un m\u016bzi\u0137u no visas Latvijas un diasporas, radot iespaid\u012bgu priek\u0161nesumu virkni da\u017e\u0101d\u0101s R\u012bgas norises viet\u0101s, tostarp Me\u017eaparka Lielaj\u0101 estr\u0101d\u0113 un Daugavas stadion\u0101. \u0160ie sv\u0113tki ir noz\u012bm\u012bga da\u013ca no latvie\u0161u kult\u016bras mantojuma, kas atz\u012bts ar\u012b UNESCO.<\/p>\n<p>M\u016bzikas baud\u012bt\u0101jus priec\u0113jis Positivus festiv\u0101ls, kas norisin\u0101j\u0101s uz Liel\u0101s Daugavas salas, Lucavsal\u0101, 8. un 9. august\u0101. Festiv\u0101l\u0101 uzst\u0101j\u0101s gan pasaul\u0113 atz\u012bti m\u0101kslinieki, gan viet\u0113jie m\u016bzi\u0137i, pulc\u0113jot t\u016bksto\u0161iem m\u016bzikas m\u012b\u013cot\u0101ju. T\u0101pat Liep\u0101j\u0101 notika ikgad\u0113jais popul\u0101r\u0101s m\u016bzikas festiv\u0101ls Summer Sound 1. un 2. august\u0101, kas sevi ir pieteicis k\u0101 viens no liel\u0101kajiem vasaras festiv\u0101liem Baltij\u0101, pied\u0101v\u0101jot vair\u0101k nek\u0101 70 Latvijas un starptautisku m\u0101kslinieku uzst\u0101\u0161anos pludmales atmosf\u0113r\u0101.<\/p>\n<p>Da\u017e\u0101dos \u017eanros izpaud\u0101s ar\u012b citi noz\u012bm\u012bgi festiv\u0101li. Piem\u0113ram, no 2. l\u012bdz 4. j\u016blijam R\u012bg\u0101 norisin\u0101j\u0101s starptautiskais d\u017eeza m\u016bzikas festiv\u0101ls R\u012bgas Ritmi, pulc\u0113jot d\u017eeza un pasaules m\u016bzikas izpild\u012bt\u0101jus. Savuk\u0101rt Saulkrastu d\u017eeza festiv\u0101ls norisin\u0101j\u0101s j\u016blij\u0101 Saulkrastos, apliecinot savu popularit\u0101ti gan Latvij\u0101, gan \u0101rpus t\u0101s.<\/p>\n<p>Kult\u016bras un tradicion\u0101lo sv\u0113tku daudzveid\u012bba<\/p>\n<p>Vasaras kult\u016bras notikumu kl\u0101stu papildin\u0101ja Starptautiskais folkloras festiv\u0101ls \u201cBaltica\u201d, kas no 26. l\u012bdz 30. j\u016bnijam norisin\u0101j\u0101s R\u012bg\u0101, Siguldas pus\u0113 un Daugavpil\u012b. Festiv\u0101ls, kura galven\u0101 t\u0113ma \u0161ogad bija valoda, pulc\u0113ja folkloras kopas un etnogr\u0101fisk\u0101s grupas no visas Latvijas un Baltijas valst\u012bm, k\u0101 ar\u012b viesus no cit\u0101m pasaules valst\u012bm. Tas ir viens no vec\u0101kajiem festiv\u0101liem Baltijas re\u0123ion\u0101, kas godina tautas trad\u012bcijas un dz\u012bvo kult\u016bras mantojumu.<\/p>\n<p>Saldus Saule festiv\u0101ls, kas ir viens no vec\u0101kajiem rokm\u016bzikas festiv\u0101liem Latvij\u0101, ar\u012b \u0161ogad 26. un 27. j\u016blij\u0101 pulc\u0113ja t\u016bksto\u0161iem apmekl\u0113t\u0101ju Sald\u016b, atska\u0146ojot gan Latvijas, gan starptautisku m\u0101kslinieku sniegumu. Savuk\u0101rt Siguldas Operm\u016bzikas festiv\u0101ls, kas norisin\u0101j\u0101s divus ned\u0113\u013cas nogales j\u016blija beig\u0101s un augusta s\u0101kum\u0101, iepriecin\u0101ja operas \u017eanra cien\u012bt\u0101jus ar da\u017e\u0101diem priek\u0161nesumiem, tostarp Mocarta &#8220;Burvju flauta&#8221; un Verdi &#8220;Traviata&#8221;.<\/p>\n<p>Ar v\u0113sturisku elpu izc\u0113l\u0101s C\u0113su pils viduslaiku sv\u0113tki, kas tradicion\u0101li norisin\u0101s j\u016blija m\u0113nes\u012b, pied\u0101v\u0101jot apmekl\u0113t\u0101jiem iesp\u0113ju iel\u016bkoties viduslaiku dz\u012bv\u0113 un baud\u012bt da\u017e\u0101dus priek\u0161nesumus sen\u0101s pils drup\u0101s. Neizpalika ar\u012b L\u012bgo sv\u0113tki, kas vis\u0101 Latvij\u0101 tika svin\u0113ti 23. un 24. j\u016bnij\u0101 ar tradicion\u0101laj\u0101m aktivit\u0101t\u0113m, ugunskuriem un sv\u0113tku saj\u016btu.<\/p>\n<p>Koncerti un \u012bpa\u0161i muzik\u0101li notikumi<\/p>\n<p>Muzik\u0101ls baud\u012bjums vasaras garum\u0101 sniedza ar\u012b vair\u0101ki solokoncerti un festiv\u0101li. J\u016bnija beig\u0101s un j\u016blija s\u0101kum\u0101, k\u0101 jau ierasts, norisin\u0101j\u0101s R\u012bgas Operas festiv\u0101ls, kas pulc\u0113ja klasisk\u0101s m\u016bzikas cien\u012bt\u0101jus uz Latvijas Nacion\u0101l\u0101s operas iestud\u0113jumiem un gal konceru. J\u016blij\u0101 notika ar\u012b J\u016brmalas festiv\u0101ls, kur\u0101 uzst\u0101j\u0101s Latvij\u0101 dzimu\u0161i m\u016bzi\u0137i, tostarp Aleksandrs Anto\u0146enko un Ksenija Sidorova. T\u0101pat notika vair\u0101ki robinson\u012bki, tostarp &#8220;Zobens un Lemess&#8221; Bauskas pilskaln\u0101 j\u016bnij\u0101, kas velt\u012bts smagajai m\u016bzikai un v\u0113sturei.<\/p>\n<p>K\u0101 \u012bpa\u0161i gaid\u012bts notikums bija le\u0123end\u0101r\u0101s rokgrupas Scorpions koncerts Arena R\u012bga 11. j\u016bnij\u0101, kas velt\u012bts grupas 60. gadadienai. T\u0101pat 28. j\u016bnij\u0101 Arena R\u012bga uz\u0146\u0113ma Val\u0113riju Meladzi, atz\u012bm\u0113jot vi\u0146a 60. jubileju un 30 gadus uz skatuves. Savuk\u0101rt Nazareth uzst\u0101j\u0101s Dzintaru koncertz\u0101l\u0113 J\u016brmal\u0101, prezent\u0113jot jaun\u0101ko albumu.<\/p>\n<p>Neskait\u0101mi mazi un lieli notikumi<\/p>\n<p>Papildus lielajiem festiv\u0101liem un koncertiem, visa vasara bija piepild\u012bta ar daudziem maz\u0101kiem, bet ne maz\u0101k noz\u012bm\u012bgiem pas\u0101kumiem. Latvijas Etnogr\u0101fiskaj\u0101 br\u012bvdabas muzej\u0101 7. un 8. j\u016bnij\u0101 notika tradicion\u0101lais amatnieku un m\u0101jra\u017eot\u0101ju gadatirgus, kur\u0101 var\u0113ja ieg\u0101d\u0101ties viet\u0113jos produktus un amatniec\u012bbas izstr\u0101d\u0101jumus. Tika svin\u0113ti ar\u012b J\u0101\u0146i vis\u0101 valst\u012b, vienojot cilv\u0113kus kop\u012bg\u0101s dziesm\u0101s un trad\u012bcij\u0101s.<\/p>\n<p>\u0160\u012b vasara apliecin\u0101ja Latvijas sp\u0113ju uz\u0146emt un organiz\u0113t daudzveid\u012bgus pas\u0101kumus, kas pulc\u0113 t\u016bksto\u0161iem cilv\u0113ku, radot neaizmirstamas atmi\u0146as un stiprinot kop\u012bbas saj\u016btu. Aicin\u0101m apl\u016bkot fotogr\u0101fijas un atcer\u0113ties \u0161o kr\u0101\u0161\u0146o vasaru!<\/p>\n","protected":false},"excerpt":{"rendered":"Vasara piepild\u012bta ar emocij\u0101m un kop\u012bbas saj\u016btu Aizejo\u0161ais 2025. gads Latvij\u0101 aizvad\u012bjis \u012bpa\u0161i notikumiem bag\u0101tu vasaru, kas pulc\u0113jusi&hellip;\n","protected":false},"author":2,"featured_media":90468,"comment_status":"","ping_status":"","sticky":false,"template":"","format":"standard","meta":{"footnotes":""},"categories":[19],"tags":[89,90,3490,6224,35,39,38,36,37,34,22840,40,3481,798],"class_list":{"0":"post-90467","1":"post","2":"type-post","3":"status-publish","4":"format-standard","5":"has-post-thumbnail","7":"category-izklaide","8":"tag-entertainment","9":"tag-izklaide","10":"tag-koncerti-latvija","11":"tag-kulturas-pasakumi","12":"tag-latvia","13":"tag-latvian","14":"tag-latviesu","15":"tag-latviesu-valoda","16":"tag-latviesuvaloda","17":"tag-latvija","18":"tag-latvijas-vasara-2025","19":"tag-lv","20":"tag-muzikas-festivali","21":"tag-skolenu-dziesmu-un-deju-svetki"},"share_on_mastodon":{"url":"https:\/\/pubeurope.com\/@lv\/115811690925313008","error":""},"_links":{"self":[{"href":"https:\/\/www.europesays.com\/lv\/wp-json\/wp\/v2\/posts\/90467","targetHints":{"allow":["GET"]}}],"collection":[{"href":"https:\/\/www.europesays.com\/lv\/wp-json\/wp\/v2\/posts"}],"about":[{"href":"https:\/\/www.europesays.com\/lv\/wp-json\/wp\/v2\/types\/post"}],"author":[{"embeddable":true,"href":"https:\/\/www.europesays.com\/lv\/wp-json\/wp\/v2\/users\/2"}],"replies":[{"embeddable":true,"href":"https:\/\/www.europesays.com\/lv\/wp-json\/wp\/v2\/comments?post=90467"}],"version-history":[{"count":0,"href":"https:\/\/www.europesays.com\/lv\/wp-json\/wp\/v2\/posts\/90467\/revisions"}],"wp:featuredmedia":[{"embeddable":true,"href":"https:\/\/www.europesays.com\/lv\/wp-json\/wp\/v2\/media\/90468"}],"wp:attachment":[{"href":"https:\/\/www.europesays.com\/lv\/wp-json\/wp\/v2\/media?parent=90467"}],"wp:term":[{"taxonomy":"category","embeddable":true,"href":"https:\/\/www.europesays.com\/lv\/wp-json\/wp\/v2\/categories?post=90467"},{"taxonomy":"post_tag","embeddable":true,"href":"https:\/\/www.europesays.com\/lv\/wp-json\/wp\/v2\/tags?post=90467"}],"curies":[{"name":"wp","href":"https:\/\/api.w.org\/{rel}","templated":true}]}}