{"id":90471,"date":"2025-12-31T02:00:06","date_gmt":"2025-12-31T02:00:06","guid":{"rendered":"https:\/\/www.europesays.com\/lv\/90471\/"},"modified":"2025-12-31T02:00:06","modified_gmt":"2025-12-31T02:00:06","slug":"laima-vaikule-un-saulkrastu-koris-anima-izlaiz-jaunu-dziesmu-scedrik-ka-svetku-sveicienu-latvijai-un-ukrainai-lente-lv","status":"publish","type":"post","link":"https:\/\/www.europesays.com\/lv\/90471\/","title":{"rendered":"Laima Vaikule un Saulkrastu koris ANIMA izlai\u017e jaunu dziesmu &#8220;\u0160\u010dedrik&#8221; k\u0101 sv\u0113tku sveicienu Latvijai un Ukrainai\u00a0\u2014\u00a0Lente.lv"},"content":{"rendered":"<p>Jauna interpret\u0101cija tautasdziesmai<\/p>\n<p>K\u0101 inform\u0113 port\u0101ls NRA, le\u0123end\u0101r\u0101 latvie\u0161u dzied\u0101t\u0101ja Laima Vaikule un Saulkrastu koris &#8220;Anima&#8221; ir kop\u012bgi rad\u012bju\u0161i jaunu un emocion\u0101lu skan\u0113jumu pasaul\u0113 paz\u012bstamajai ukrai\u0146u tautasdziesmai &#8220;\u0160\u010dedrik&#8221; . \u0160\u012b kompoz\u012bcija, kas pla\u0161\u0101k zin\u0101ma ar\u012b k\u0101 &#8220;Carol of the Bells&#8221;, tiek uzskat\u012bta par vienu no skaist\u0101kajiem sv\u0113tku melodiju simboliem, kas skan da\u017e\u0101d\u0101s valst\u012bs vis\u0101 pasaul\u0113 . Dziesmas jaun\u0101 versija ir sirsn\u012bgs sveiciens Latvijai un Ukrainai, godinot abu tautu kult\u016bras un kop\u012bg\u0101s v\u0113rt\u012bbas .<\/p>\n<p>Muzik\u0101ls un kult\u016bras tilts<\/p>\n<p>Kopdarbs tapis k\u0101 noz\u012bm\u012bgs kult\u016bras tilts starp Latviju un Ukrainu, simboliz\u0113jot cer\u012bbu, mieru un vienot\u012bbu . Ukrai\u0146u tautasdziesma &#8220;\u0160\u010dedrik&#8221; savulaik tika adapt\u0113ta ang\u013cu valod\u0101 k\u0101 &#8220;Carol of the Bells&#8221; un iekarojusi pasaules m\u012blest\u012bbu k\u0101 viena no popul\u0101r\u0101kaj\u0101m Ziemassv\u0113tku dziesm\u0101m . T\u0101s ori\u0123in\u0101lais nosaukums &#8220;\u0160\u010dedrik&#8221; noz\u012bm\u0113 &#8220;ieciet\u012bgs&#8221; vai &#8220;bag\u0101ts&#8221;, un dziesma v\u0113sta par labkl\u0101j\u012bbu un cer\u012bbu jaunajam gadam .<\/p>\n<p>M\u016bzi\u0137u rado\u0161\u0101 darb\u012bba<\/p>\n<p>Dziesmas &#8220;\u0160\u010dedrik&#8221; aran\u017e\u0113jumu veidojis Kristaps Krievkalns sadarb\u012bb\u0101 ar Lauru Leontjevu, radot jaud\u012bgu un emocion\u0101lu korm\u016bzikas kompoz\u012bciju . Ieraksts tapis studij\u0101 &#8220;Lauska&#8221;, un par ska\u0146as apdari r\u016bp\u0113jies Kaspars B\u0101rbals . Saulkrastu koris &#8220;Anima&#8221; ir paz\u012bstams ar savu rado\u0161o pieeju un sadarb\u012bbu da\u017e\u0101dos projektos, iepriek\u0161 izdevis jaunus singlus un m\u016bzikas video, piem\u0113ram, dziesmu &#8220;Vi\u013c\u0146i&#8221; (2020) un &#8220;Pirms&#8221; . Laima Vaikule ir ne tikai talant\u012bga dzied\u0101t\u0101ja, bet ar\u012b festiv\u0101la &#8220;Laima Rendezvous J\u016brmala&#8221; r\u012bkot\u0101ja .<\/p>\n<p>Videoklips ar deju un simboliku<\/p>\n<p>Dziesmas &#8220;\u0160\u010dedrik&#8221; jaun\u0101s interpret\u0101cijas videoklip\u0101 piedal\u0101s ar\u012b tautas deju ansamblis &#8220;L\u012bgo&#8221; . T\u0101 m\u0113r\u0137is ir rad\u012bt vizu\u0101li iespaid\u012bgu un emocion\u0101li pies\u0101tin\u0101tu st\u0101stu, kur\u0101 apvienoti gan Laimas Vaikules dzied\u0101jums, gan kora &#8220;Anima&#8221; un &#8220;L\u012bgo&#8221; dejot\u0101ju priek\u0161nesumi . Videoklipa re\u017eisors ir Ronalds Me\u017ema\u010ds, bet producente Anna Borysova .<\/p>\n<p>Cer\u012bba uz mieru un kop\u012bg\u0101m v\u0113rt\u012bb\u0101m<\/p>\n<p>\u0160\u012b kop\u012bg\u0101 dziesmas &#8220;\u0160\u010dedrik&#8221; interpret\u0101cija ir ne tikai muzik\u0101ls notikums, bet ar\u012b simbolisks v\u0113st\u012bjums par cer\u012bbu, mieru un kop\u012bg\u0101m v\u0113rt\u012bb\u0101m . Ziema, kas bie\u017ei vien asoci\u0113jas ar nosl\u0113g\u0161anos un p\u0101rdom\u0101m, \u0161ogad var\u0113tu nest ar\u012b cer\u012bbu uz lab\u0101kiem laikiem un vienot\u012bbu, ko iemieso \u0161\u012b skaist\u0101 melodija .<\/p>\n","protected":false},"excerpt":{"rendered":"Jauna interpret\u0101cija tautasdziesmai K\u0101 inform\u0113 port\u0101ls NRA, le\u0123end\u0101r\u0101 latvie\u0161u dzied\u0101t\u0101ja Laima Vaikule un Saulkrastu koris &#8220;Anima&#8221; ir kop\u012bgi&hellip;\n","protected":false},"author":2,"featured_media":90472,"comment_status":"","ping_status":"","sticky":false,"template":"","format":"standard","meta":{"footnotes":""},"categories":[19],"tags":[22841,89,90,6550,35,39,38,194,36,37,34,40,22842,22843],"class_list":{"0":"post-90471","1":"post","2":"type-post","3":"status-publish","4":"format-standard","5":"has-post-thumbnail","7":"category-izklaide","8":"tag-anima","9":"tag-entertainment","10":"tag-izklaide","11":"tag-laima-vaikule","12":"tag-latvia","13":"tag-latvian","14":"tag-latviesu","15":"tag-latviesu-muzika","16":"tag-latviesu-valoda","17":"tag-latviesuvaloda","18":"tag-latvija","19":"tag-lv","20":"tag-scedrik","21":"tag-ukrainu-tautasdziesma"},"share_on_mastodon":{"url":"https:\/\/pubeurope.com\/@lv\/115811714515471248","error":""},"_links":{"self":[{"href":"https:\/\/www.europesays.com\/lv\/wp-json\/wp\/v2\/posts\/90471","targetHints":{"allow":["GET"]}}],"collection":[{"href":"https:\/\/www.europesays.com\/lv\/wp-json\/wp\/v2\/posts"}],"about":[{"href":"https:\/\/www.europesays.com\/lv\/wp-json\/wp\/v2\/types\/post"}],"author":[{"embeddable":true,"href":"https:\/\/www.europesays.com\/lv\/wp-json\/wp\/v2\/users\/2"}],"replies":[{"embeddable":true,"href":"https:\/\/www.europesays.com\/lv\/wp-json\/wp\/v2\/comments?post=90471"}],"version-history":[{"count":0,"href":"https:\/\/www.europesays.com\/lv\/wp-json\/wp\/v2\/posts\/90471\/revisions"}],"wp:featuredmedia":[{"embeddable":true,"href":"https:\/\/www.europesays.com\/lv\/wp-json\/wp\/v2\/media\/90472"}],"wp:attachment":[{"href":"https:\/\/www.europesays.com\/lv\/wp-json\/wp\/v2\/media?parent=90471"}],"wp:term":[{"taxonomy":"category","embeddable":true,"href":"https:\/\/www.europesays.com\/lv\/wp-json\/wp\/v2\/categories?post=90471"},{"taxonomy":"post_tag","embeddable":true,"href":"https:\/\/www.europesays.com\/lv\/wp-json\/wp\/v2\/tags?post=90471"}],"curies":[{"name":"wp","href":"https:\/\/api.w.org\/{rel}","templated":true}]}}