{"id":90473,"date":"2025-12-31T02:01:06","date_gmt":"2025-12-31T02:01:06","guid":{"rendered":"https:\/\/www.europesays.com\/lv\/90473\/"},"modified":"2025-12-31T02:01:06","modified_gmt":"2025-12-31T02:01:06","slug":"nba-superzvaigzne-nikola-jokics-izvairas-no-nopietnas-celgala-traumas-gaidams-apmeram-menesi-ilgs-partraukums-lente-lv","status":"publish","type":"post","link":"https:\/\/www.europesays.com\/lv\/90473\/","title":{"rendered":"NBA superzvaigzne Nikola Joki\u010ds izvair\u0101s no nopietnas ce\u013cgala traumas, gaid\u0101ms apm\u0113ram m\u0113nesi ilgs p\u0101rtraukums\u00a0\u2014\u00a0Lente.lv"},"content":{"rendered":"<p>Joki\u010dam diagnostic\u0113ta ce\u013cgala p\u0101rm\u0113r\u012bga izstiep\u0161an\u0101s, izvair\u0101s no nopietn\u0101kas traumas<\/p>\n<p>Viens no Nacion\u0101l\u0101s basketbola asoci\u0101cijas (NBA) spo\u017e\u0101kajiem talantiem, Denveras &#8220;Nuggets&#8221; centra Nikola Joki\u010da ce\u013cgala savainojums izr\u0101d\u012bjies maz\u0101k b\u0113d\u012bgs nek\u0101 s\u0101kotn\u0113ji tika ba\u017e\u012bts. P\u0113c s\u0101p\u012bga incidenta sp\u0113l\u0113 pret Maiami &#8220;Heat&#8221;, kuras laik\u0101 vi\u0146a kreisais celis tika pak\u013cauts p\u0101rm\u0113r\u012bgai izstiep\u0161anai, s\u0101kotn\u0113j\u0101s prognozes liecin\u0101ja par potenci\u0101li \u013coti nopietnu traumu, tostarp sai\u0161u pl\u012bsumiem. Tom\u0113r veikt\u0101s medic\u012bnisk\u0101s izmekl\u0113\u0161anas, tostarp MRI sken\u0113\u0161ana, ir apstiprin\u0101ju\u0161as, ka Joki\u010ds ir izvair\u012bjies no slikt\u0101k\u0101 scen\u0101rija. Vi\u0146a ce\u013ca saites ir neskartas, un vi\u0146am neb\u016bs nepiecie\u0161ama \u0137irur\u0123iska iejauk\u0161an\u0101s.<\/p>\n<p>Gaid\u0101mais p\u0101rtraukums un sp\u0113l\u0113t\u0101ja statistika<\/p>\n<p>Lai gan Joki\u010ds ir izvair\u012bjies no nopietn\u0101m sek\u0101m, vi\u0146am paredz\u0113ts aptuveni \u010detru ned\u0113\u013cu ilgs p\u0101rtraukums, kura laik\u0101 tiks veikta turpm\u0101ka nov\u0113rt\u0113\u0161ana. \u0160is ir iev\u0113rojams zaud\u0113jums Denveras &#8220;Nuggets&#8221; komandai, kas jau t\u0101 saskaras ar citu sp\u0113l\u0113t\u0101ju savainojumiem. \u0160osezon Joki\u010ds demonstr\u0113 iespaid\u012bgu sniegumu, vid\u0113ji sp\u0113l\u0113 g\u016bstot 29,6 punktus, izc\u012bnot 12,2 atl\u0113ku\u0161\u0101s bumbas un veicot 11 rezultat\u012bvas piesp\u0113les. \u0160ie r\u0101d\u012bt\u0101ji ir starp vi\u0146a karjeras lab\u0101kajiem un pozicion\u0113 vi\u0146u k\u0101 vienu no l\u012bgas MVP (v\u0113rt\u012bg\u0101kajiem sp\u0113l\u0113t\u0101jiem) kandid\u0101tiem. Vi\u0146a p\u0101rtraukums var\u0113tu ar\u012b apdraud\u0113t vi\u0146a iesp\u0113jas ieg\u016bt MVP balvu, jo NBA noteikumi paredz minim\u0101lo sp\u0113\u013cu skaitu, lai pretend\u0113tu uz \u0161\u012bm atzin\u012bb\u0101m.<\/p>\n<p>Savainojuma g\u016b\u0161anas apst\u0101k\u013ci<\/p>\n<p>Nelaime notika sp\u0113les izska\u0146\u0101 pirms pirm\u0101 puslaika nosl\u0113guma sp\u0113l\u0113 pret Maiami &#8220;Heat&#8221;, kad Joki\u010ds, m\u0113\u0123inot pal\u012bdz\u0113t komandas biedram aizsarg\u0101ties pret pretinieku uzbrukumu, uzk\u0101pa uz komandas biedra Spensera D\u017eounsa k\u0101jas, k\u0101 rezult\u0101t\u0101 vi\u0146a kreisais celis nepareizi saliec\u0101s. Incidenta br\u012bd\u012b Joki\u010ds demonstr\u0113ja skaidras s\u0101pju paz\u012bmes un nesp\u0113ja turpin\u0101t sp\u0113li, p\u0113c k\u0101 tika nog\u0101d\u0101ts uz apskati. Neskatoties uz s\u0101p\u012bgo kritienu, vi\u0146\u0161 sp\u0113ja piecelties un saviem sp\u0113kiem nok\u013c\u016bt l\u012bdz \u0123\u0113rbtuv\u0113m, kas deva pirmo cer\u012bbu, ka savainojums nav katastrof\u0101ls.<\/p>\n<p>Komandas situ\u0101cija un n\u0101kamie so\u013ci<\/p>\n<p>\u0160is savainojums pien\u0101k \u012bpa\u0161i nelaim\u012bg\u0101 laik\u0101 Denveras &#8220;Nuggets&#8221; komandai, kas jau \u0161obr\u012bd izj\u016bt vair\u0101ku pamatsast\u0101va sp\u0113l\u0113t\u0101ju tr\u016bkumu savainojumu d\u0113\u013c. Bez Joki\u010da komanda, kas pa\u0161laik ie\u0146em tre\u0161o vietu Rietumu konferenc\u0113, saskarsies ar nopietnu izaicin\u0101jumu, cen\u0161oties saglab\u0101t savu poz\u012bciju l\u012bg\u0101. Komandas treneris Deivids Adelm\u0101ns atzinis, ka situ\u0101cija ir &#8220;sirdi ploso\u0161a&#8221;, ta\u010du uzsv\u0113ris komandas gatav\u012bbu t\u0101l\u0101k c\u012bn\u012bties, atbalstot savainotos biedrus. Klubs prognoz\u0113, ka Joki\u010ds var\u0113tu atgriezties laukum\u0101 ap febru\u0101ri, pirms NBA Visu Zvaig\u017e\u0146u sp\u0113les, ta\u010du tas v\u0113l ir j\u0101apstiprina ar turpm\u0101kiem medic\u012bniskiem nov\u0113rt\u0113jumiem.<\/p>\n","protected":false},"excerpt":{"rendered":"Joki\u010dam diagnostic\u0113ta ce\u013cgala p\u0101rm\u0113r\u012bga izstiep\u0161an\u0101s, izvair\u0101s no nopietn\u0101kas traumas Viens no Nacion\u0101l\u0101s basketbola asoci\u0101cijas (NBA) spo\u017e\u0101kajiem talantiem, Denveras&hellip;\n","protected":false},"author":2,"featured_media":90474,"comment_status":"","ping_status":"","sticky":false,"template":"","format":"standard","meta":{"footnotes":""},"categories":[17],"tags":[22385,35,39,38,36,37,34,40,1258,5786,5135,67],"class_list":{"0":"post-90473","1":"post","2":"type-post","3":"status-publish","4":"format-standard","5":"has-post-thumbnail","7":"category-sports","8":"tag-denveras","9":"tag-latvia","10":"tag-latvian","11":"tag-latviesu","12":"tag-latviesu-valoda","13":"tag-latviesuvaloda","14":"tag-latvija","15":"tag-lv","16":"tag-nba","17":"tag-nikola-jokics","18":"tag-savainojums","19":"tag-sports"},"share_on_mastodon":{"url":"https:\/\/pubeurope.com\/@lv\/115811718426389592","error":""},"_links":{"self":[{"href":"https:\/\/www.europesays.com\/lv\/wp-json\/wp\/v2\/posts\/90473","targetHints":{"allow":["GET"]}}],"collection":[{"href":"https:\/\/www.europesays.com\/lv\/wp-json\/wp\/v2\/posts"}],"about":[{"href":"https:\/\/www.europesays.com\/lv\/wp-json\/wp\/v2\/types\/post"}],"author":[{"embeddable":true,"href":"https:\/\/www.europesays.com\/lv\/wp-json\/wp\/v2\/users\/2"}],"replies":[{"embeddable":true,"href":"https:\/\/www.europesays.com\/lv\/wp-json\/wp\/v2\/comments?post=90473"}],"version-history":[{"count":0,"href":"https:\/\/www.europesays.com\/lv\/wp-json\/wp\/v2\/posts\/90473\/revisions"}],"wp:featuredmedia":[{"embeddable":true,"href":"https:\/\/www.europesays.com\/lv\/wp-json\/wp\/v2\/media\/90474"}],"wp:attachment":[{"href":"https:\/\/www.europesays.com\/lv\/wp-json\/wp\/v2\/media?parent=90473"}],"wp:term":[{"taxonomy":"category","embeddable":true,"href":"https:\/\/www.europesays.com\/lv\/wp-json\/wp\/v2\/categories?post=90473"},{"taxonomy":"post_tag","embeddable":true,"href":"https:\/\/www.europesays.com\/lv\/wp-json\/wp\/v2\/tags?post=90473"}],"curies":[{"name":"wp","href":"https:\/\/api.w.org\/{rel}","templated":true}]}}