{"id":90475,"date":"2025-12-31T02:03:06","date_gmt":"2025-12-31T02:03:06","guid":{"rendered":"https:\/\/www.europesays.com\/lv\/90475\/"},"modified":"2025-12-31T02:03:06","modified_gmt":"2025-12-31T02:03:06","slug":"zaporizja-kauja-kritis-krievu-brivpratigo-korpusa-komandieris-deniss-kapustins-lente-lv","status":"publish","type":"post","link":"https:\/\/www.europesays.com\/lv\/90475\/","title":{"rendered":"Zapori\u017ej\u0101 kauj\u0101 kritis &#8220;Krievu Br\u012bvpr\u0101t\u012bgo korpusa&#8221; komandieris Deniss Kapustins\u00a0\u2014\u00a0Lente.lv"},"content":{"rendered":"<p>Krievu Br\u012bvpr\u0101t\u012bgo korpusa vad\u012bt\u0101js g\u0101jis boj\u0101 Zapori\u017ej\u0101<\/p>\n<p>\u00abKrievu Br\u012bvpr\u0101t\u012bgo korpusa\u00bb (RDK) rind\u0101s sa\u0146emtas tra\u0123iskas zi\u0146as par sava komandiera Denisa Kapustina jeb ar izsaukuma sign\u0101lu \u00abWhiteRex\u00bb paz\u012bstam\u0101 kaujinieka n\u0101vi. K\u0101 inform\u0113 port\u0101ls jauns.lv, Kapustins kritis kaujas misijas laik\u0101 Zapori\u017ejas sektor\u0101. Saska\u0146\u0101 ar RDK sniegto inform\u0101ciju, n\u0101v\u0113jo\u0161ais trieciens bijis no FPV (First Person View) drona, un tas noticis nakts kauju laik\u0101. Detaliz\u0113t\u0101ka inform\u0101cija par notiku\u0161o incidentu tiek sol\u012bta sniegt v\u0113l\u0101k, kad tiks noskaidroti prec\u012bz\u0101ki apst\u0101k\u013ci.<\/p>\n<p>Pazi\u0146ojum\u0101 no RDK uzsv\u0113rts, ka Deniss Kapustins bijis patiess komandieris, kur\u0161 krita fronte l\u012bnij\u0101s. Organiz\u0101cija ar\u012b publiski sol\u012bjusi atriebt vi\u0146a n\u0101vi un uzsv\u0113rusi, ka vi\u0146a mantojums turpin\u0101sies.<\/p>\n<p>Deniss Kapustins: Person\u012bba un motiv\u0101cija<\/p>\n<p>Deniss Kapustins bija viena no \u00abKrievu Br\u012bvpr\u0101t\u012bgo korpusa\u00bb visatpaz\u012bstam\u0101kaj\u0101m fig\u016br\u0101m, ie\u0146emot iev\u0113rojamu vietu mediju uzman\u012bbas lok\u0101 un baudot autorit\u0101ti starp frontes karav\u012briem. Iepriek\u0161 vi\u0146\u0161 intervij\u0101s atkl\u0101jis, ka dzimis Maskav\u0101, ta\u010du liel\u0101ko da\u013cu savas dz\u012bves pavad\u012bjis \u0101rpus Krievijas, galvenok\u0101rt Eirop\u0101, kur ieguvis izgl\u012bt\u012bbu N\u012bderland\u0113 un V\u0101cij\u0101. Tie\u0161i \u0161\u012b pieredze, p\u0113c pa\u0161a v\u0101rdiem, form\u0113jusi vi\u0146a kritisko skat\u012bjumu uz Krievijas politisko sist\u0113mu.<\/p>\n<p>Kapustins apmekl\u0113ja Kijivu 2014. gad\u0101 Eiromaidana protestu laik\u0101. Vair\u0101kus gadus v\u0113l\u0101k, 2017. gad\u0101, vi\u0146\u0161 ir k\u013cuvis par neonacistu vid\u016b popul\u0101r\u0101 z\u012bmola \u00abWhite Rex\u00bb dibin\u0101t\u0101ju, kas liecina par vi\u0146a radik\u0101lo ideolo\u0123isko nost\u0101ju.<\/p>\n<p>\u00abKrievu Br\u012bvpr\u0101t\u012bgo korpuss\u00bb darb\u012bba un m\u0113r\u0137i<\/p>\n<p>\u00abKrievu Br\u012bvpr\u0101t\u012bgo korpuss\u00bb ir 2022. gada august\u0101 izveidota krievu lab\u0113jo br\u012bvpr\u0101t\u012bgo vien\u012bba, kas kop\u0161 Krievijas pilna m\u0113roga iebrukuma Ukrain\u0101 c\u012bn\u0101s Ukrainas pus\u0113. Korpuss ir pak\u013cauts Ukrainas Aizsardz\u012bbas ministrijai un ir da\u013ca no Ukrainas Galven\u0101s izl\u016bko\u0161anas p\u0101rvaldes. T\u0101 ir liel\u0101k\u0101 no Krievijas Feder\u0101cijas pilso\u0146iem sast\u0101vo\u0161\u0101 milit\u0101r\u0101s opoz\u012bcijas da\u013ca. Vien\u012bbas galvenais m\u0113r\u0137is ir demonstr\u0113t, ka ir iesp\u0113jams pretoties pa\u0161reiz\u0113jam Krievijas re\u017e\u012bmam. K\u0101 uzsv\u0113ru\u0161i RDK p\u0101rst\u0101vji, vi\u0146i karo Ukrainas bru\u0146oto sp\u0113ku vad\u012bb\u0101.<\/p>\n<p>\u00abKrievu Br\u012bvpr\u0101t\u012bgo korpuss\u00bb ir bijis iesaist\u012bts vair\u0101k\u0101s milit\u0101r\u0101s oper\u0101cij\u0101s, tostarp kauj\u0101s Zapori\u017ejas un Doneckas virzien\u0101, k\u0101 ar\u012b vair\u0101kos incidentos Krievijas teritorij\u0101, piem\u0113ram, kauj\u0101s Belgorodas un Kurskas apgabalos 2023. un 2024. gad\u0101. Vi\u0146i ir publiskoju\u0161i video ar sag\u016bst\u012btiem krievu karav\u012briem un aicin\u0101ju\u0161i Krievijas amatpersonas uz sarun\u0101m.<\/p>\n<p>Reakcija un turpm\u0101k\u0101s sekas<\/p>\n<p>\u0160\u012b tra\u0123isk\u0101 zi\u0146a par komandiera n\u0101vi, visticam\u0101k, izrais\u012bs pastiprin\u0101tu RDK aktivit\u0101ti un motiv\u0101ciju turpin\u0101t c\u012b\u0146u. Krievijas amatpersonas \u0161\u012bs vien\u012bbas kaujiniekus ir d\u0113v\u0113ju\u0161as par \u00abteroristiem\u00bb un \u00absabotieriem\u00bb. Nav pla\u0161\u0101kas inform\u0101cijas par Baltijas valstu ofici\u0101lo reakciju uz \u0161o konkr\u0113to notikumu, ta\u010du Baltijas valstis kopum\u0101 ie\u0146em noz\u012bm\u012bgu vietu Krievijas un Rietumu konfront\u0101cij\u0101, un jebk\u0101di notikumi, kas saist\u012bti ar Krievijas pilso\u0146u pretest\u012bbu Krievijas re\u017e\u012bmam, tiek uztverti ar lielu uzman\u012bbu.<\/p>\n","protected":false},"excerpt":{"rendered":"Krievu Br\u012bvpr\u0101t\u012bgo korpusa vad\u012bt\u0101js g\u0101jis boj\u0101 Zapori\u017ej\u0101 \u00abKrievu Br\u012bvpr\u0101t\u012bgo korpusa\u00bb (RDK) rind\u0101s sa\u0146emtas tra\u0123iskas zi\u0146as par sava komandiera&hellip;\n","protected":false},"author":2,"featured_media":90476,"comment_status":"","ping_status":"","sticky":false,"template":"","format":"standard","meta":{"footnotes":""},"categories":[14],"tags":[23,57,28,29,22844,32,33,22,22845,30,31,35,39,38,36,37,34,40,20,26,27,22846,24,25,276,54,55,56,6579,21,58],"class_list":{"0":"post-90475","1":"post","2":"type-post","3":"status-publish","4":"format-standard","5":"has-post-thumbnail","7":"category-zinas-no-arvalstim","8":"tag-aktualitates","9":"tag-arvalstim","10":"tag-breaking-news","11":"tag-breakingnews","12":"tag-deniss-kapustins","13":"tag-featured-news","14":"tag-featurednews","15":"tag-headlines","16":"tag-krievu-brivpratigo-korpuss","17":"tag-latest-news","18":"tag-latestnews","19":"tag-latvia","20":"tag-latvian","21":"tag-latviesu","22":"tag-latviesu-valoda","23":"tag-latviesuvaloda","24":"tag-latvija","25":"tag-lv","26":"tag-news","27":"tag-popularakas-zinas","28":"tag-popularakaszinas","29":"tag-rdk","30":"tag-top-stories","31":"tag-topstories","32":"tag-ukraina","33":"tag-world","34":"tag-world-news","35":"tag-worldnews","36":"tag-zaporizja","37":"tag-zinas","38":"tag-zinas-no-arvalstim"},"share_on_mastodon":{"url":"https:\/\/pubeurope.com\/@lv\/115811726324177291","error":""},"_links":{"self":[{"href":"https:\/\/www.europesays.com\/lv\/wp-json\/wp\/v2\/posts\/90475","targetHints":{"allow":["GET"]}}],"collection":[{"href":"https:\/\/www.europesays.com\/lv\/wp-json\/wp\/v2\/posts"}],"about":[{"href":"https:\/\/www.europesays.com\/lv\/wp-json\/wp\/v2\/types\/post"}],"author":[{"embeddable":true,"href":"https:\/\/www.europesays.com\/lv\/wp-json\/wp\/v2\/users\/2"}],"replies":[{"embeddable":true,"href":"https:\/\/www.europesays.com\/lv\/wp-json\/wp\/v2\/comments?post=90475"}],"version-history":[{"count":0,"href":"https:\/\/www.europesays.com\/lv\/wp-json\/wp\/v2\/posts\/90475\/revisions"}],"wp:featuredmedia":[{"embeddable":true,"href":"https:\/\/www.europesays.com\/lv\/wp-json\/wp\/v2\/media\/90476"}],"wp:attachment":[{"href":"https:\/\/www.europesays.com\/lv\/wp-json\/wp\/v2\/media?parent=90475"}],"wp:term":[{"taxonomy":"category","embeddable":true,"href":"https:\/\/www.europesays.com\/lv\/wp-json\/wp\/v2\/categories?post=90475"},{"taxonomy":"post_tag","embeddable":true,"href":"https:\/\/www.europesays.com\/lv\/wp-json\/wp\/v2\/tags?post=90475"}],"curies":[{"name":"wp","href":"https:\/\/api.w.org\/{rel}","templated":true}]}}