{"id":90479,"date":"2025-12-31T02:09:10","date_gmt":"2025-12-31T02:09:10","guid":{"rendered":"https:\/\/www.europesays.com\/lv\/90479\/"},"modified":"2025-12-31T02:09:10","modified_gmt":"2025-12-31T02:09:10","slug":"zelenskis-ja-tramps-atlidotu-uz-ukrainu-tas-signalizetu-ka-mums-ir-iespeja-ceret-uz-pamieru-jauns-lv","status":"publish","type":"post","link":"https:\/\/www.europesays.com\/lv\/90479\/","title":{"rendered":"Zelenskis: &quot;Ja Tramps atlidotu uz Ukrainu, tas signaliz\u0113tu, ka mums ir iesp\u0113ja cer\u0113t uz pamieru&quot; &#8211; Jauns.lv"},"content":{"rendered":"<ol>\n<li><a href=\"https:\/\/news.google.com\/rss\/articles\/CBMiygFBVV95cUxNSkdMV3ZhXzgycjdGX3NGTFBfckt2UUpRNkRjcEIzWk5aemV4Ymg3QlZJUll4MzQyWVRnaHBfcUtRTlBodHdvNWlTS3BvYl8zclg5WjBoRW5WeXppUnN2dUNfWnctdXhQYnI3elJwY2VNMFlHTXlCZDRDZGZGZ291WUxvNkFRNzRuSHpMN2c0SzM3Y3hoNU03MWdfNG5nYWNSTkhsQlhseXJod1hmRnAyNGozUkUwdHBNYWFpMGxfcXhpR0JfUW1yZHBR?oc=5\" target=\"_blank\" rel=\"nofollow noopener\">Zelenskis: &#8220;Ja Tramps atlidotu uz Ukrainu, tas signaliz\u0113tu, ka mums ir iesp\u0113ja cer\u0113t uz pamieru&#8221;<\/a>&nbsp;&nbsp;Jauns.lv<\/li>\n<li><a href=\"https:\/\/news.google.com\/rss\/articles\/CBMiwAFBVV95cUxQYVNSeFlnLUNIY2VCTUtUci10bk5LcWVRVTNHdWJaWVV4Vmd0NHdpUUJPd2RMVVhEQlhZUnRPY2FwdEFBQ3RTaWNnel9iX1VIbmQ1a1Q5ZWRxV2k5anFIMmV2ZEdleGhwWHkzVF94aVdYMlh1NWNZcW1EMlhIMFM0c0wyaVZGS3IxMEh2WDdpek5JX3dSZzJUbnIzVHc4QkwwMHdLSVBjN3lTVWtTVDF6RDY2eHlLekl0aTBWdWlhU3Q?oc=5\" target=\"_blank\" rel=\"nofollow noopener\">Zelenskis: ASV pied\u0101v\u0101 Ukrainai dro\u0161\u012bbas garantijas uz 15 gadiem \/ Raksts<\/a>&nbsp;&nbsp;LSM<\/li>\n<li><a href=\"https:\/\/news.google.com\/rss\/articles\/CBMixAFBVV95cUxQcVp2S1JiMjZKZVpSOVhla1ZxVWZDVzBuLVhPRGNCb3RISUtBdjRpSnB5X2VQaWpZQ05xTjRGWVBmTmQtU0tIWnlWX2JnZnFSaXVQT3RMSF8yREZEaE1HQTJ4NEUxLWYtV0xvTS1vSjhkNUZOZV9sZ1RTMnRRNGNmenBieUtvTUtJd2t0d2hlbU10V3dpcXlaZGwzWmZKWGI3dnRxT3F5OTFnZmMzQmtPYkYwQ3J2WlBSN3R5X1dNWktEZWNZ?oc=5\" target=\"_blank\" rel=\"nofollow noopener\">ASV \u0123ener\u0101lis: Ja Tramps patiesi v\u0113las pan\u0101kt mieru Ukrain\u0101, vi\u0146am j\u0101atsak\u0101s no il\u016bzij\u0101m par Putinu<\/a>&nbsp;&nbsp;TVNET<\/li>\n<li><a href=\"https:\/\/news.google.com\/rss\/articles\/CBMinwFBVV95cUxNZUVGQUtfeHN0aGctaHA5NG1GMnRBaGlxS3hfX2w1QkFMaGtGNHZMdjFpNlVMTEJrNGRLR1plVmJwQ1JjMnV6OFVFclNmVHBMOUdMcXQxRk5hRUVZaHZWbWVDRlRKREVIbGV3LUY4R3dMUGNoLTR5X3V2dFFEWXJodGFUcDlTbUJDUERYNEdzTzNOUWdnU0VfSlBRUDB2d2s?oc=5\" target=\"_blank\" rel=\"nofollow noopener\">Donalds Tusks p\u0113c Zelenska un Trampa tik\u0161an\u0101s izsaka satrauco\u0161u pazi\u0146ojumu<\/a>&nbsp;&nbsp;NRA<\/li>\n<li><a href=\"https:\/\/news.google.com\/rss\/articles\/CBMiqgFBVV95cUxPUXdoVEZ1Y1BTaDFSQ3hWbmNhOEZUM1hoZUNVNjVqNkJIczhnY2MydkhNc3NsQ0VuUWdyMkt5dmJwS1RyLUxvZFJCZkhXMmNHajNqV0pVSXI5d1o3OFM5U21wZ3BCVjhsTHNKbHEteFNiR2o2cjJ2NDUwWTIzdzNwMldEU01tQUhpTDJfU2QzelR5QWtIRUtRSlZjYTZwdTdnZmoxQUxiZTlodw?oc=5\" target=\"_blank\" rel=\"nofollow noopener\">\u201cPutins neapst\u0101sies, l\u012bdz\u2026\u201d Biju\u0161ais ASV pulkvedis atkl\u0101j, k\u0101 Tramps var pan\u0101kt mieru Ukrain\u0101<\/a>&nbsp;&nbsp;LA.LV<\/li>\n<\/ol>\n","protected":false},"excerpt":{"rendered":"Zelenskis: &#8220;Ja Tramps atlidotu uz Ukrainu, tas signaliz\u0113tu, ka mums ir iesp\u0113ja cer\u0113t uz pamieru&#8221;&nbsp;&nbsp;Jauns.lv Zelenskis: ASV pied\u0101v\u0101&hellip;\n","protected":false},"author":2,"featured_media":90480,"comment_status":"","ping_status":"","sticky":false,"template":"","format":"standard","meta":{"footnotes":""},"categories":[14],"tags":[23,57,28,29,32,33,22,30,31,35,39,38,36,37,34,40,20,26,27,24,25,54,55,56,21,58],"class_list":{"0":"post-90479","1":"post","2":"type-post","3":"status-publish","4":"format-standard","5":"has-post-thumbnail","7":"category-zinas-no-arvalstim","8":"tag-aktualitates","9":"tag-arvalstim","10":"tag-breaking-news","11":"tag-breakingnews","12":"tag-featured-news","13":"tag-featurednews","14":"tag-headlines","15":"tag-latest-news","16":"tag-latestnews","17":"tag-latvia","18":"tag-latvian","19":"tag-latviesu","20":"tag-latviesu-valoda","21":"tag-latviesuvaloda","22":"tag-latvija","23":"tag-lv","24":"tag-news","25":"tag-popularakas-zinas","26":"tag-popularakaszinas","27":"tag-top-stories","28":"tag-topstories","29":"tag-world","30":"tag-world-news","31":"tag-worldnews","32":"tag-zinas","33":"tag-zinas-no-arvalstim"},"share_on_mastodon":{"url":"https:\/\/pubeurope.com\/@lv\/115811749908937381","error":""},"_links":{"self":[{"href":"https:\/\/www.europesays.com\/lv\/wp-json\/wp\/v2\/posts\/90479","targetHints":{"allow":["GET"]}}],"collection":[{"href":"https:\/\/www.europesays.com\/lv\/wp-json\/wp\/v2\/posts"}],"about":[{"href":"https:\/\/www.europesays.com\/lv\/wp-json\/wp\/v2\/types\/post"}],"author":[{"embeddable":true,"href":"https:\/\/www.europesays.com\/lv\/wp-json\/wp\/v2\/users\/2"}],"replies":[{"embeddable":true,"href":"https:\/\/www.europesays.com\/lv\/wp-json\/wp\/v2\/comments?post=90479"}],"version-history":[{"count":0,"href":"https:\/\/www.europesays.com\/lv\/wp-json\/wp\/v2\/posts\/90479\/revisions"}],"wp:featuredmedia":[{"embeddable":true,"href":"https:\/\/www.europesays.com\/lv\/wp-json\/wp\/v2\/media\/90480"}],"wp:attachment":[{"href":"https:\/\/www.europesays.com\/lv\/wp-json\/wp\/v2\/media?parent=90479"}],"wp:term":[{"taxonomy":"category","embeddable":true,"href":"https:\/\/www.europesays.com\/lv\/wp-json\/wp\/v2\/categories?post=90479"},{"taxonomy":"post_tag","embeddable":true,"href":"https:\/\/www.europesays.com\/lv\/wp-json\/wp\/v2\/tags?post=90479"}],"curies":[{"name":"wp","href":"https:\/\/api.w.org\/{rel}","templated":true}]}}