{"id":90524,"date":"2025-12-31T03:34:12","date_gmt":"2025-12-31T03:34:12","guid":{"rendered":"https:\/\/www.europesays.com\/lv\/90524\/"},"modified":"2025-12-31T03:34:12","modified_gmt":"2025-12-31T03:34:12","slug":"video-foto-liepajas-pludmale-noverojama-iespaidiga-dabas-paradiba-1188-lv","status":"publish","type":"post","link":"https:\/\/www.europesays.com\/lv\/90524\/","title":{"rendered":"VIDEO\/FOTO: Liep\u0101jas pludmal\u0113 nov\u0113rojama iespaid\u012bga dabas par\u0101d\u012bba &#8211; 1188.lv"},"content":{"rendered":"<ol>\n<li><a href=\"https:\/\/news.google.com\/rss\/articles\/CBMingFBVV95cUxNMTdqT1NWWmE3ZXFtMHk2ejJxY0hRQlg4WVozdjdwS0xSd295S3VscVhFTmJlRmZBTWxkV0dpU19BakdkVGJfQmlzQlhzaWg4cy1PMGd5RVExYnpJZmYxZ19yMFpFWXlGbWplMGFWNFV1ZVJPck94bS1SV2FjUUhGQTB0c1NMNE1DWEMwTm9INVFGa3I1dkQxM2hOUU5TZw?oc=5\" target=\"_blank\" rel=\"nofollow noopener\">VIDEO\/FOTO: Liep\u0101jas pludmal\u0113 nov\u0113rojama iespaid\u012bga dabas par\u0101d\u012bba<\/a>&nbsp;&nbsp;1188.lv<\/li>\n<li><a href=\"https:\/\/news.google.com\/rss\/articles\/CBMixwFBVV95cUxQaFVfN1NIemJaOTdPRjd6SjAteGpjMHFKanhLVXRHaTMtaHVEdFk5dGdETmJrTUpTeHNvSUttUWN4MzRaelFzRV9qcW1EX2ZtSW5ISzB0TGU3WWxERGlJM3N0QUVzblNYbXVWbzV5cWdDVFJhZ2ptcUQxcWdZbUhXOHZPVUpTUTJIc3VjSjRwQkFXRW1leHRSQWZodW9UVDQyYlRrNkxmQmhFSXRJSnQyNkQ3aVNEUHJVV3Q3c00zTE5HNkJJV1l3?oc=5\" target=\"_blank\" rel=\"nofollow noopener\">Kurzem\u0113 sp\u0113c\u012bgs v\u0113j\u0161 ar nokri\u0161\u0146iem gaid\u0101ms v\u0113l vismaz l\u012bdz gadumijai \/ Raksts<\/a>&nbsp;&nbsp;LSM<\/li>\n<li><a href=\"https:\/\/news.google.com\/rss\/articles\/CBMivgFBVV95cUxNcVBwVGZEajZIamdzYkh3TkxtUXhVRG9pbzJhT2F4UHdvYURsamU2aDVCUVJubmdSa0NXcGRuN0VvTWo3d1V2WTNLVXhUMjF3eTgtYTlxNHhSeFBTNUR4V1YtZ0pHR2pWaFp3T1FWVUFaNFg2VlRkSkhmTXJuQmpKZzVPSDFjT2V6TThITjlFRHBqNU54RTBMNFpNbGRXTFdXTnVYakNLeXh1TEZ6Z0U4OS1xZlZKQTRab2RCNlNn?oc=5\" target=\"_blank\" rel=\"nofollow noopener\">Foto un video: Sniegputenis Liep\u0101j\u0101 turpin\u0101s \u2013 ielas t\u012bra no agra r\u012bta, satiksme apgr\u016btin\u0101ta<\/a>&nbsp;&nbsp;liepajniekiem.lv<\/li>\n<li><a href=\"https:\/\/news.google.com\/rss\/articles\/CBMimwFBVV95cUxOVlFMX3NtUG1xc3BFVWpSVUQ0Q2k1SlM1cW9MSW5kUE1IeHFaM0EzNk5TbkFwU2FsMWowdVlBa3RBQWlYaTJUTXRrcTBRME4zRGJnVE9sakc1YXVpQ216WWNHeDBCYzhJM2ZmaGhYYjBNVmF1SHNpQmdqNnY4TXplWi04Wm9lblRQSEVodXdobmpYWWd3cWx2RXRwbw?oc=5\" target=\"_blank\" rel=\"nofollow noopener\">Pirmdien sa\u0146emti 13 izsaukumi uz v\u0113ja rad\u012bto post\u012bjumu likvid\u0113\u0161anu<\/a>&nbsp;&nbsp;TVNET<\/li>\n<li><a href=\"https:\/\/news.google.com\/rss\/articles\/CBMiwAFBVV95cUxPR0dBX2Y2TW1weDJBTXFQZl9aNjNDM0p4OUJFRXdzaTR1cF9JRVdyQ2hLRk9hazhwcGJNSlRESE04QmU4NE5rbEw1THdNckRaWUFZdkJockNQa2hBLWowS1ozNlVwRUl3dUN3c0djZlhsLU82TFRqMkFhWXRmOHlYU1piYlVTSWpPX3pVX3NDZ1ZqaWJnX1lRb0RBT3BEMTlUZ1BTc3NvNlNod0lwY29SQ0d1SWt4OFJCMHZ4OGE2dUk?oc=5\" target=\"_blank\" rel=\"nofollow noopener\">Stiprais v\u0113j\u0161 nor\u0101vis jumta segumu Latvijas M\u0101kslas akad\u0113mijai (papildin\u0101ta 13.07)<\/a>&nbsp;&nbsp;Delfi<\/li>\n<\/ol>\n","protected":false},"excerpt":{"rendered":"VIDEO\/FOTO: Liep\u0101jas pludmal\u0113 nov\u0113rojama iespaid\u012bga dabas par\u0101d\u012bba&nbsp;&nbsp;1188.lv Kurzem\u0113 sp\u0113c\u012bgs v\u0113j\u0161 ar nokri\u0161\u0146iem gaid\u0101ms v\u0113l vismaz l\u012bdz gadumijai \/&hellip;\n","protected":false},"author":2,"featured_media":90525,"comment_status":"","ping_status":"","sticky":false,"template":"","format":"standard","meta":{"footnotes":""},"categories":[12],"tags":[129,22858,10526,130,23,28,29,32,33,22,30,31,35,39,38,36,37,34,40,20,26,27,10527,22859,131,10528,22860,132,24,25,21],"class_list":{"0":"post-90524","1":"post","2":"type-post","3":"status-publish","4":"format-standard","5":"has-post-thumbnail","7":"category-latvija","8":"tag-__typenameadvicekeyword","9":"tag-id1136","10":"tag-id653","11":"tag-id905","12":"tag-aktualitates","13":"tag-breaking-news","14":"tag-breakingnews","15":"tag-featured-news","16":"tag-featurednews","17":"tag-headlines","18":"tag-latest-news","19":"tag-latestnews","20":"tag-latvia","21":"tag-latvian","22":"tag-latviesu","23":"tag-latviesu-valoda","24":"tag-latviesuvaloda","25":"tag-latvija","26":"tag-lv","27":"tag-news","28":"tag-popularakas-zinas","29":"tag-popularakaszinas","30":"tag-slugbaltijas-jura","31":"tag-slugdaba","32":"tag-slugliepaja","33":"tag-titlebaltijas-jura","34":"tag-titledaba","35":"tag-titleliepaja","36":"tag-top-stories","37":"tag-topstories","38":"tag-zinas"},"share_on_mastodon":{"url":"https:\/\/pubeurope.com\/@lv\/115812084158183587","error":""},"_links":{"self":[{"href":"https:\/\/www.europesays.com\/lv\/wp-json\/wp\/v2\/posts\/90524","targetHints":{"allow":["GET"]}}],"collection":[{"href":"https:\/\/www.europesays.com\/lv\/wp-json\/wp\/v2\/posts"}],"about":[{"href":"https:\/\/www.europesays.com\/lv\/wp-json\/wp\/v2\/types\/post"}],"author":[{"embeddable":true,"href":"https:\/\/www.europesays.com\/lv\/wp-json\/wp\/v2\/users\/2"}],"replies":[{"embeddable":true,"href":"https:\/\/www.europesays.com\/lv\/wp-json\/wp\/v2\/comments?post=90524"}],"version-history":[{"count":0,"href":"https:\/\/www.europesays.com\/lv\/wp-json\/wp\/v2\/posts\/90524\/revisions"}],"wp:featuredmedia":[{"embeddable":true,"href":"https:\/\/www.europesays.com\/lv\/wp-json\/wp\/v2\/media\/90525"}],"wp:attachment":[{"href":"https:\/\/www.europesays.com\/lv\/wp-json\/wp\/v2\/media?parent=90524"}],"wp:term":[{"taxonomy":"category","embeddable":true,"href":"https:\/\/www.europesays.com\/lv\/wp-json\/wp\/v2\/categories?post=90524"},{"taxonomy":"post_tag","embeddable":true,"href":"https:\/\/www.europesays.com\/lv\/wp-json\/wp\/v2\/tags?post=90524"}],"curies":[{"name":"wp","href":"https:\/\/api.w.org\/{rel}","templated":true}]}}