{"id":90526,"date":"2025-12-31T03:40:18","date_gmt":"2025-12-31T03:40:18","guid":{"rendered":"https:\/\/www.europesays.com\/lv\/90526\/"},"modified":"2025-12-31T03:40:18","modified_gmt":"2025-12-31T03:40:18","slug":"intervija-ar-vp-reagesanas-parvaldes-prieksnieku-juri-jancevski-30-12-2025-ieraksts-replay-lv","status":"publish","type":"post","link":"https:\/\/www.europesays.com\/lv\/90526\/","title":{"rendered":"Intervija ar VP Rea\u0123\u0113\u0161anas p\u0101rvaldes priek\u0161nieku Juri Jan\u010devski \/ 30.12.2025 \/ Ieraksts \/ REplay.lv"},"content":{"rendered":"<p>\u012apa\u0161i sare\u017e\u0123\u012btus brauk\u0161anas apst\u0101k\u013cus autovad\u012bt\u0101jiem 29. decembr\u012b sag\u0101d\u0101ja sniegs, putenis un apledojums, kas daudzviet k\u013cuva par iemeslu b\u012bstam\u0101m situ\u0101cij\u0101m un satiksmes negad\u012bjumiem.<\/p>\n<p>Tiesa, ar\u012b bez tik sare\u017e\u0123\u012btiem brauk\u0161anas apst\u0101k\u013ciem aizvad\u012bt\u0101s gar\u0101s Ziemassv\u0113tku br\u012bvdienas n\u0101ku\u0161as ar liel\u0101ku ce\u013cu satiksmes negad\u012bjumu skaitu un tajos cietu\u0161o cilv\u0113ku skaitu nek\u0101 gadu iepriek\u0161.<\/p>\n<p>Par brauk\u0161anas kult\u016bras izmai\u0146\u0101m, satiksmes dro\u0161\u012bbas kontrol\u0113m un tehnolo\u0123iskajiem pal\u012bgl\u012bdzek\u013ciem \u2013 ar\u012b, raugoties uz n\u0101kam\u0101 gada iecer\u0113m, \u2013 saruna ar Valsts policijas Rea\u0123\u0113\u0161anas p\u0101rvaldes priek\u0161nieku Juri Jan\u010devski.\u00a0<\/p>\n","protected":false},"excerpt":{"rendered":"\u012apa\u0161i sare\u017e\u0123\u012btus brauk\u0161anas apst\u0101k\u013cus autovad\u012bt\u0101jiem 29. decembr\u012b sag\u0101d\u0101ja sniegs, putenis un apledojums, kas daudzviet k\u013cuva par iemeslu b\u012bstam\u0101m&hellip;\n","protected":false},"author":2,"featured_media":90527,"comment_status":"","ping_status":"","sticky":false,"template":"","format":"standard","meta":{"footnotes":""},"categories":[12],"tags":[23,28,29,32,33,22,30,31,35,39,38,36,37,34,40,20,26,27,24,25,21],"class_list":{"0":"post-90526","1":"post","2":"type-post","3":"status-publish","4":"format-standard","5":"has-post-thumbnail","7":"category-latvija","8":"tag-aktualitates","9":"tag-breaking-news","10":"tag-breakingnews","11":"tag-featured-news","12":"tag-featurednews","13":"tag-headlines","14":"tag-latest-news","15":"tag-latestnews","16":"tag-latvia","17":"tag-latvian","18":"tag-latviesu","19":"tag-latviesu-valoda","20":"tag-latviesuvaloda","21":"tag-latvija","22":"tag-lv","23":"tag-news","24":"tag-popularakas-zinas","25":"tag-popularakaszinas","26":"tag-top-stories","27":"tag-topstories","28":"tag-zinas"},"share_on_mastodon":{"url":"https:\/\/pubeurope.com\/@lv\/115812107711592424","error":""},"_links":{"self":[{"href":"https:\/\/www.europesays.com\/lv\/wp-json\/wp\/v2\/posts\/90526","targetHints":{"allow":["GET"]}}],"collection":[{"href":"https:\/\/www.europesays.com\/lv\/wp-json\/wp\/v2\/posts"}],"about":[{"href":"https:\/\/www.europesays.com\/lv\/wp-json\/wp\/v2\/types\/post"}],"author":[{"embeddable":true,"href":"https:\/\/www.europesays.com\/lv\/wp-json\/wp\/v2\/users\/2"}],"replies":[{"embeddable":true,"href":"https:\/\/www.europesays.com\/lv\/wp-json\/wp\/v2\/comments?post=90526"}],"version-history":[{"count":0,"href":"https:\/\/www.europesays.com\/lv\/wp-json\/wp\/v2\/posts\/90526\/revisions"}],"wp:featuredmedia":[{"embeddable":true,"href":"https:\/\/www.europesays.com\/lv\/wp-json\/wp\/v2\/media\/90527"}],"wp:attachment":[{"href":"https:\/\/www.europesays.com\/lv\/wp-json\/wp\/v2\/media?parent=90526"}],"wp:term":[{"taxonomy":"category","embeddable":true,"href":"https:\/\/www.europesays.com\/lv\/wp-json\/wp\/v2\/categories?post=90526"},{"taxonomy":"post_tag","embeddable":true,"href":"https:\/\/www.europesays.com\/lv\/wp-json\/wp\/v2\/tags?post=90526"}],"curies":[{"name":"wp","href":"https:\/\/api.w.org\/{rel}","templated":true}]}}