{"id":90537,"date":"2025-12-31T04:16:16","date_gmt":"2025-12-31T04:16:16","guid":{"rendered":"https:\/\/www.europesays.com\/lv\/90537\/"},"modified":"2025-12-31T04:16:16","modified_gmt":"2025-12-31T04:16:16","slug":"sola-meklet-kompromisus-saistiba-ar-baltijas-juras-aizsardzibas-planu-raksts","status":"publish","type":"post","link":"https:\/\/www.europesays.com\/lv\/90537\/","title":{"rendered":"Sola mekl\u0113t kompromisus saist\u012bb\u0101 ar Baltijas j\u016bras aizsardz\u012bbas pl\u0101nu \/ Raksts"},"content":{"rendered":"<p>Divarpus ned\u0113\u013cu laik\u0101, kop\u0161 Vied\u0101s administr\u0101cijas un re\u0123ion\u0101l\u0101s att\u012bst\u012bbas ministrija (VARAM) aptur\u0113jusi Dabas aizsardz\u012bbas p\u0101rvaldes (DAP) izstr\u0101d\u0101to Baltijas j\u016bras aizsardz\u012bbas pl\u0101nu, apkopoti priek\u0161likumi, kas sa\u0146emti sabiedriskaj\u0101 apsprie\u0161an\u0101. Tagad tiek sol\u012bts \u0146emt v\u0113r\u0101 ar\u012b ekonomisko ietekmi uz piekrastes zvejniekiem. DAP uzskata, ka tagad b\u016bs j\u0101mekl\u0113 kompromiss, kas noz\u012bm\u0113, ka b\u016bs j\u0101piek\u0101pjas gan vides p\u0113tniekiem, gan zvejniekiem.\u00a0<\/p>\n<p>Piekrastes zvejniec\u012bba nav uz\u0146\u0113m\u0113jdarb\u012bba \u2013\u00a0tas ir dz\u012bvesveids jau gadu simtiem. Zvejojot piekrast\u0113, zvejnieki piel\u0101gojas gadalaikiem, laika apst\u0101k\u013ciem un jau eso\u0161ajiem liegumiem un ierobe\u017eojumiem, sac\u012bja Oskars Kade\u0123is, kur\u0161 ir piekrastes zvejnieks sestaj\u0101 paaudz\u0113. Ar\u012b tagad vi\u0146\u0161 j\u016br\u0101 dodas kop\u0101 ar\u00a0d\u0113lu.\u00a0<\/p>\n<p>Zvejniekam jau 30 gadu ir savs uz\u0146\u0113mums, p\u0113d\u0113jos gados piekrastes zvejai kl\u0101t n\u0101kusi ar\u012b tirdzniec\u012bba un p\u0101rstr\u0101de J\u016brmalciem\u0101, jo tikai t\u0101 var izdz\u012bvot. Oskars akt\u012bvi darbojas biedr\u012bb\u0101 &#8220;Mazj\u016bras zvejnieki&#8221;, kas r\u016bp\u0113jas, lai nozare saglab\u0101tos, jo tie\u0161i piekrastes zvejniec\u012bba ir da\u013ca no Latvijas kult\u016brv\u0113sturisk\u0101 mantojuma, un iebilst pret DAP izstr\u0101d\u0101to Baltijas j\u016bras aizsardz\u012bbas pl\u0101nu.\u00a0<\/p>\n<blockquote>\n<p>&#8220;Tie liegumi bija \u0161ok\u0113jo\u0161i, kas tika st\u0101d\u012bti priek\u0161\u0101. B\u016bt\u012bb\u0101 pusgadu tur nevar str\u0101d\u0101t, kaut gan mums cikls ir visu gadu. Mums tikai zivis main\u0101s.\u00a0<\/p>\n<\/blockquote>\n<p>Ar\u012b tie argumenti, k\u0101p\u0113c \u2013 mums gal\u012bgi nav pie\u0146emami. M\u0113s str\u0101d\u0101jam ar pas\u012bviem zvejas r\u012bkiem, kas grunti visp\u0101r neietekm\u0113, un ar putniem m\u0113s sadz\u012bvojam, k\u0101 visu m\u016b\u017eu tas ir bijis,&#8221; kl\u0101st\u012bja\u00a0Kade\u0123is.\u00a0<\/p>\n<p>DAP, sa\u0146emot kritiku, tagad sadarb\u012bb\u0101 ar Zemkop\u012bbas ministriju (ZM) apkopo sabiedriskaj\u0101 apsprie\u0161an\u0101 sa\u0146emtos priek\u0161likumus.\u00a0Papildus zin\u0101tniskajiem datiem tiks izv\u0113rt\u0113ta ar\u012b ekonomisk\u0101 ietekme uz piekrastes zvejniekiem.\u00a0\u00a0<\/p>\n<p>&#8220;M\u0113s sa\u0146emam gan.. .t\u0101tad \u0161os iebildumus no sabiedr\u012bbas da\u013cas, kuru ierobe\u017eojumi var\u0113tu skart, m\u0113s sa\u0146emam ar\u012b priek\u0161likumus no citiem iedz\u012bvot\u0101jiem, kuri uztraucas par kult\u016brv\u0113sturisko v\u0113rt\u012bbu saglab\u0101\u0161anu. Tie\u0161i t\u0101pat m\u0113s sa\u0146emam priek\u0161likumus un koment\u0101rus no zin\u0101tnisk\u0101s puses, kuri savuk\u0101rt uzskata, ka j\u016bra ir p\u0101rekspluat\u0113ta,&#8221; sac\u012bja DAP Dabas aizsardz\u012bbas departamenta direktore Gita Strode.\u00a0<\/p>\n<p>Ir ar\u012b rasti k\u0101di risin\u0101jumi, ta\u010du pagaid\u0101m p\u0101rvalde tos nepubliskos, l\u012bdz tiks saska\u0146oti ar vis\u0101m iesaist\u012bt\u0101m pus\u0113m.\u00a0\u00a0\u00a0<\/p>\n<p>&#8220;Nu, mums tas kompromiss b\u016bs j\u0101uztaisa. Nu katr\u0101 zi\u0146\u0101\u00a0 ne visi b\u016bs apmierin\u0101ti, dro\u0161i vien neviens.\u00a0 Varb\u016bt vair\u0101k b\u016bs apmierin\u0101ti zvejnieki un maz\u0101k b\u016bs apmierin\u0101ti zin\u0101tnieki. Rezult\u0101t\u0101 t\u0101pat kaut k\u0101ds l\u0113mums b\u016bs j\u0101pie\u0146em,&#8221; pauda Strode.\u00a0<\/p>\n<blockquote>\n<p>ZM uzskata, ka piekrastes zveja, iev\u0113rojot noteiktos r\u012bkus un sezonas ierobe\u017eojumus, ir saudz\u0113jo\u0161a un maz ietekm\u0113 vidi un putnus, t\u0101p\u0113c tai nevajadz\u0113tu noteikt papildu ierobe\u017eojumus.\u00a0<\/p>\n<\/blockquote>\n<p>&#8220;Vien\u0101 viet\u0101 zvejo pavisam neliels skaits zvejnieku vai pat viens zvejnieks tikai, teiksim, ar nelielu skaitu r\u012bku,&#8221; skaidroja ZM Zivsaimniec\u012bbas departamenta direktors Normunds Rieksti\u0146\u0161.\u00a0<\/p>\n<p>DAP turpin\u0101s sarunas, mekl\u0113jot kopsauc\u0113ju attiec\u012bb\u0101 uz normat\u012bva akta priek\u0161likumiem. Kad dokuments tiks pabeigts, pagaid\u0101m netiek min\u0113ts. Kad tiks sa\u0146emtas visas atbildes, pl\u0101nots r\u012bkot atk\u0101rtotu sabiedrisko apsprie\u0161anu.\u00a0\u00a0\u00a0\u00a0<\/p>\n<p>                    Valodas k\u013c\u016bda rakst\u0101?<\/p>\n<p class=\"d-none d-md-block\">Iez\u012bm\u0113jiet tekstu un spiediet Ctrl+Enter, lai nos\u016bt\u012btu labojamo teksta fragmentu redaktoram! Par faktu k\u013c\u016bd\u0101m l\u016bdzam zi\u0146ot e-past\u0101 <a href=\"https:\/\/www.lsm.lv\/cdn-cgi\/l\/email-protection\" class=\"__cf_email__\" data-cfemail=\"77051213161c141e1d16371b041a591b01\" rel=\"nofollow noopener\" target=\"_blank\">[email\u00a0protected]<\/a>.<\/p>\n<p class=\"d-md-none\">Iez\u012bm\u0113jiet tekstu un spiediet uz Zi\u0146ot par k\u013c\u016bdu pogas, lai nos\u016bt\u012btu labojamo teksta fragmentu redaktoram!<\/p>\n<p>\n                    Zi\u0146ot par k\u013c\u016bdu\n                <\/p>\n","protected":false},"excerpt":{"rendered":"Divarpus ned\u0113\u013cu laik\u0101, kop\u0161 Vied\u0101s administr\u0101cijas un re\u0123ion\u0101l\u0101s att\u012bst\u012bbas ministrija (VARAM) aptur\u0113jusi Dabas aizsardz\u012bbas p\u0101rvaldes (DAP) izstr\u0101d\u0101to Baltijas&hellip;\n","protected":false},"author":2,"featured_media":90538,"comment_status":"","ping_status":"","sticky":false,"template":"","format":"standard","meta":{"footnotes":""},"categories":[12],"tags":[23,28,29,32,33,22,30,31,35,39,38,36,37,34,40,20,26,27,24,25,21],"class_list":{"0":"post-90537","1":"post","2":"type-post","3":"status-publish","4":"format-standard","5":"has-post-thumbnail","7":"category-latvija","8":"tag-aktualitates","9":"tag-breaking-news","10":"tag-breakingnews","11":"tag-featured-news","12":"tag-featurednews","13":"tag-headlines","14":"tag-latest-news","15":"tag-latestnews","16":"tag-latvia","17":"tag-latvian","18":"tag-latviesu","19":"tag-latviesu-valoda","20":"tag-latviesuvaloda","21":"tag-latvija","22":"tag-lv","23":"tag-news","24":"tag-popularakas-zinas","25":"tag-popularakaszinas","26":"tag-top-stories","27":"tag-topstories","28":"tag-zinas"},"share_on_mastodon":{"url":"https:\/\/pubeurope.com\/@lv\/115812249294893184","error":""},"_links":{"self":[{"href":"https:\/\/www.europesays.com\/lv\/wp-json\/wp\/v2\/posts\/90537","targetHints":{"allow":["GET"]}}],"collection":[{"href":"https:\/\/www.europesays.com\/lv\/wp-json\/wp\/v2\/posts"}],"about":[{"href":"https:\/\/www.europesays.com\/lv\/wp-json\/wp\/v2\/types\/post"}],"author":[{"embeddable":true,"href":"https:\/\/www.europesays.com\/lv\/wp-json\/wp\/v2\/users\/2"}],"replies":[{"embeddable":true,"href":"https:\/\/www.europesays.com\/lv\/wp-json\/wp\/v2\/comments?post=90537"}],"version-history":[{"count":0,"href":"https:\/\/www.europesays.com\/lv\/wp-json\/wp\/v2\/posts\/90537\/revisions"}],"wp:featuredmedia":[{"embeddable":true,"href":"https:\/\/www.europesays.com\/lv\/wp-json\/wp\/v2\/media\/90538"}],"wp:attachment":[{"href":"https:\/\/www.europesays.com\/lv\/wp-json\/wp\/v2\/media?parent=90537"}],"wp:term":[{"taxonomy":"category","embeddable":true,"href":"https:\/\/www.europesays.com\/lv\/wp-json\/wp\/v2\/categories?post=90537"},{"taxonomy":"post_tag","embeddable":true,"href":"https:\/\/www.europesays.com\/lv\/wp-json\/wp\/v2\/tags?post=90537"}],"curies":[{"name":"wp","href":"https:\/\/api.w.org\/{rel}","templated":true}]}}