{"id":90565,"date":"2025-12-31T05:29:14","date_gmt":"2025-12-31T05:29:14","guid":{"rendered":"https:\/\/www.europesays.com\/lv\/90565\/"},"modified":"2025-12-31T05:29:14","modified_gmt":"2025-12-31T05:29:14","slug":"eiduka-tour-de-ski-otraja-posma-finise-top40-delfi","status":"publish","type":"post","link":"https:\/\/www.europesays.com\/lv\/90565\/","title":{"rendered":"Eiduka &quot;Tour de Ski&quot; otraj\u0101 posm\u0101 fini\u0161\u0113 Top40 &#8211; Delfi"},"content":{"rendered":"<ol>\n<li><a href=\"https:\/\/news.google.com\/rss\/articles\/CBMinwFBVV95cUxOdm1ETVBaNEpnYVBIU1V0MUZZX0VxeXpuRkVJTURCUnVPT2hOeGpmbkZ2OHp0NmdpZ21Nblg1YkhSVzBxWGQ5eTc1V1RDQWFSckdnWWFsXzRXQ3ZkVldvUjk4clZtMGdNUmhIeGplUHkyYl9XeGc4ZUZkcW9ZWWEzSmdfUDdlSGNoYko5OGlDdWw2cmFMd3U4a1k4M2FKakk?oc=5\" target=\"_blank\" rel=\"nofollow noopener\">Eiduka &#8220;Tour de Ski&#8221; otraj\u0101 posm\u0101 fini\u0161\u0113 Top40<\/a>&nbsp;&nbsp;Delfi<\/li>\n<li><a href=\"https:\/\/news.google.com\/rss\/articles\/CBMioAFBVV95cUxNcXZQVHdJY3FLb1pySDhVdE9UZzlsQ215aXVlbkZnUXZnZkRTMFpOWXhlV2NUZXZjeFllS2VnVExXajRwcFNpeEcyeVBEYnBxVWJjWUxNVTZ1RW5xNzJocnhpVjVsUGJxZEpiRHBTUEJQSlo1Q3dNM3ZDaUxzVGZSS0tHZ01MSEljTE9uQW14d1NuTmN6XzZGSWtZVzViRmF2?oc=5\" target=\"_blank\" rel=\"nofollow noopener\">Kaparkal\u0113js Toblahas sprint\u0101 &#8220;Tour de ski&#8221; nostart\u0113jis t\u0101pat k\u0101 p\u0113rn \u2013 Ziemas sports<\/a>&nbsp;&nbsp;Sportacentrs.com<\/li>\n<li><a href=\"https:\/\/news.google.com\/rss\/articles\/CBMivwFBVV95cUxPMmgzMFMtckl2V1U5eVN0X2dDS3dCVWhJand4YXo3aml3X3owUkRvYmhEVlhfNHo1c002T1l4Vlg3M3owc3ZYNWpfUXhOUkJFVmNXQlE4cnI5LTdYZ3ZnNUdBRWNkSnNrblFMMWRHSDkwRWxKVThFRkoxSTNKMjRPRG1RMFh6UDR4U1RMX09VTGVMTmhmT1dDQXJieFlKVEN5eTZ3eUcyRl9hSkdkTkNaVHRCWTQwYkZHZS1pUHdySQ?oc=5\" target=\"_blank\" rel=\"nofollow noopener\">Eiduka &#8220;Tour de Ski&#8221; pirmaj\u0101 posm\u0101 sprinta izsl\u0113g\u0161anas sacens\u012bb\u0101s nep\u0101rvar pirmo k\u0101rtu<\/a>&nbsp;&nbsp;Jauns.lv<\/li>\n<li><a href=\"https:\/\/news.google.com\/rss\/articles\/CBMi5gFBVV95cUxPRG5HTzl4UG1yVlZrS1N6dHhLekN2bTlnUnAxa1ZueUt5LWx1RFNIRjFvei01bUROZ2FOWm9vUTdsNU95VS1lcmhxM29nakNCQW5KM2hmVGNSWldkdTV1X0dBbXh3YjUxWGJoU2E1dDdSUUd3eGdOVlg5ZjJfa1VwLW9KRC1hSWtMTmNldzBXY0xUenNWcmNwSGoyWTQ3YVpuelFtTzBVRjRTTDhUX3RXSFFSaExwU3dBQy1PbUFHRWlUV2RUaWFrNXRqT2FEM0FKUzMxRGV0cEFwcUlGNVh3T1lVTUNWUQ?oc=5\" target=\"_blank\" rel=\"nofollow noopener\">Distan\u010du sl\u0113pot\u0101ja Eiduka \u00abTour de Ski\u00bb seri\u0101lu s\u0101k ar sezon\u0101 lab\u0101ko rezult\u0101tu sprint\u0101 \/ Raksts<\/a>&nbsp;&nbsp;LSM<\/li>\n<li><a href=\"https:\/\/news.google.com\/rss\/articles\/CBMi2AFBVV95cUxPenVNUV96cEF0R0JPam53NjdGTGNQbUZPUHdsQWxlYmlGbWxWcG8tWGlYcGJlcVgySEE0d29tS1RHaUVETmJ0X3NtSGQ3SmZ0WWZQcUc4MDJFTXZYb2Y5ZVNQRXcxVkY2VE5SUUtiS3NIdlJUMjk4a3JWRlM5UkZIcjBSX2hfTlNUYTdhTEJ3aEVLVk9QMkl3cllxXzU4SC02NUtManRwT1FJZi10V2FDdUx1TjJqU3c3dWtneHE2SnMzY0tGV1NLYjJoMXczdUh5R05yaW80YW0?oc=5\" target=\"_blank\" rel=\"nofollow noopener\">Raimo V\u012bgants sezonas s\u0101kumu v\u0113rt\u0113 pozit\u012bvi, pl\u0101no start\u0113t atsevi\u0161\u0137os &#8220;Tour de Ski&#8221; posmos<\/a>&nbsp;&nbsp;Lente.lv<\/li>\n<\/ol>\n","protected":false},"excerpt":{"rendered":"Eiduka &#8220;Tour de Ski&#8221; otraj\u0101 posm\u0101 fini\u0161\u0113 Top40&nbsp;&nbsp;Delfi Kaparkal\u0113js Toblahas sprint\u0101 &#8220;Tour de ski&#8221; nostart\u0113jis t\u0101pat k\u0101 p\u0113rn&hellip;\n","protected":false},"author":2,"featured_media":90566,"comment_status":"","ping_status":"","sticky":false,"template":"","format":"standard","meta":{"footnotes":""},"categories":[5],"tags":[23,28,29,8196,32,33,22,30,31,35,39,38,36,37,34,40,20,8094,26,27,24,25,22554,21],"class_list":{"0":"post-90565","1":"post","2":"type-post","3":"status-publish","4":"format-standard","5":"has-post-thumbnail","7":"category-aktualitates","8":"tag-aktualitates","9":"tag-breaking-news","10":"tag-breakingnews","11":"tag-distancu-sleposana","12":"tag-featured-news","13":"tag-featurednews","14":"tag-headlines","15":"tag-latest-news","16":"tag-latestnews","17":"tag-latvia","18":"tag-latvian","19":"tag-latviesu","20":"tag-latviesu-valoda","21":"tag-latviesuvaloda","22":"tag-latvija","23":"tag-lv","24":"tag-news","25":"tag-patricija-eiduka","26":"tag-popularakas-zinas","27":"tag-popularakaszinas","28":"tag-top-stories","29":"tag-topstories","30":"tag-tour-de-ski","31":"tag-zinas"},"share_on_mastodon":{"url":"https:\/\/pubeurope.com\/@lv\/115812536386857098","error":""},"_links":{"self":[{"href":"https:\/\/www.europesays.com\/lv\/wp-json\/wp\/v2\/posts\/90565","targetHints":{"allow":["GET"]}}],"collection":[{"href":"https:\/\/www.europesays.com\/lv\/wp-json\/wp\/v2\/posts"}],"about":[{"href":"https:\/\/www.europesays.com\/lv\/wp-json\/wp\/v2\/types\/post"}],"author":[{"embeddable":true,"href":"https:\/\/www.europesays.com\/lv\/wp-json\/wp\/v2\/users\/2"}],"replies":[{"embeddable":true,"href":"https:\/\/www.europesays.com\/lv\/wp-json\/wp\/v2\/comments?post=90565"}],"version-history":[{"count":0,"href":"https:\/\/www.europesays.com\/lv\/wp-json\/wp\/v2\/posts\/90565\/revisions"}],"wp:featuredmedia":[{"embeddable":true,"href":"https:\/\/www.europesays.com\/lv\/wp-json\/wp\/v2\/media\/90566"}],"wp:attachment":[{"href":"https:\/\/www.europesays.com\/lv\/wp-json\/wp\/v2\/media?parent=90565"}],"wp:term":[{"taxonomy":"category","embeddable":true,"href":"https:\/\/www.europesays.com\/lv\/wp-json\/wp\/v2\/categories?post=90565"},{"taxonomy":"post_tag","embeddable":true,"href":"https:\/\/www.europesays.com\/lv\/wp-json\/wp\/v2\/tags?post=90565"}],"curies":[{"name":"wp","href":"https:\/\/api.w.org\/{rel}","templated":true}]}}