{"id":90578,"date":"2025-12-31T06:03:17","date_gmt":"2025-12-31T06:03:17","guid":{"rendered":"https:\/\/www.europesays.com\/lv\/90578\/"},"modified":"2025-12-31T06:03:17","modified_gmt":"2025-12-31T06:03:17","slug":"zaluznijs-varetu-atstat-vestnieka-amatu-lielbritanija","status":"publish","type":"post","link":"https:\/\/www.europesays.com\/lv\/90578\/","title":{"rendered":"Zalu\u017enijs var\u0113tu atst\u0101t v\u0113stnieka amatu Lielbrit\u0101nij\u0101"},"content":{"rendered":"<p class=\"lead\">\n                                Ukrainas v\u0113stnieks Lielbrit\u0101nij\u0101 Val\u0113rijs Zalu\u017enijs, kas iepriek\u0161 bija Ukrainas armijas komandieris, janv\u0101ra s\u0101kum\u0101 var\u0113tu pazi\u0146ot par atk\u0101p\u0161anos no amata, v\u0113sta Ukrainas radiostacija &#8220;Radio NV&#8221;, atsaucoties uz \u010detriem avotiem politiskaj\u0101s un diplom\u0101tiskaj\u0101s aprind\u0101s.\n                            <\/p>\n<p style=\"margin-left:0px;\">Zalu\u017enija sabiedrisko attiec\u012bbu padomniece Oksana Toropa, koment\u0113jot izskan\u0113ju\u0161o inform\u0101ciju, noliedza, ka v\u0113stnieks tuv\u0101kaj\u0101 laik\u0101 gras\u012btos atk\u0101pties.<\/p>\n<p style=\"margin-left:0px;\">&#8220;K\u0101 vienm\u0113r v\u0101rd\u0101 nemin\u0113ti avoti zina visu par Zalu\u017eniju un vi\u0146a pl\u0101niem. Ta\u010du nekas nav main\u012bjies. Vi\u0146\u0161 turpina aizst\u0101v\u0113t Ukrainas intereses, pildot v\u0113stnieka amatu Lielbrit\u0101nij\u0101,&#8221; koment\u0101r\u0101 medijiem pauda Toropa.<\/p>\n<p style=\"margin-left:0px;\">K\u0101 v\u0113st\u012bja &#8220;Radio NV&#8221;, anon\u012bmie avoti, kas pietuvin\u0101ti Ukrainas prezidenta kancelejai, paudu\u0161i, ka Zalu\u017enijs jau pirms vair\u0101k\u0101m ned\u0113\u013c\u0101m Kijivas apmekl\u0113juma laik\u0101 prezidentam Volodimiram Zelenskim izteicis v\u0113lmi atst\u0101t amatu.<\/p>\n<p style=\"margin-left:0px;\">Zalu\u017enijs ar Zelenski apspriedis da\u017e\u0101dus iesp\u0113jamos amatus biju\u0161ajam armijas komandierim &#8211; no premjerministra l\u012bdz prezidenta kancelejas vad\u012bt\u0101jam -, ta\u010du Zalu\u017enijs &#8220;tobr\u012bd interesi neizr\u0101d\u012bja&#8221;, kl\u0101st\u012bju\u0161i avoti.<\/p>\n<blockquote>\n<p style=\"margin-left:0px;\">&#8220;Visticam\u0101k, ka Zalu\u017enijs v\u0113las atgriezties Kijiv\u0101, vi\u0146\u0161 par to var pazi\u0146ot jau n\u0101kam\u0101 gada 4.-5. janv\u0101r\u012b, ja nekas neietekm\u0113s vi\u0146a l\u0113mumu,&#8221;\u00a0<\/p>\n<\/blockquote>\n<p style=\"margin-left:0px;\">piebilda viens no &#8220;Radio NV&#8221; avotiem.<\/p>\n<p style=\"margin-left:0px;\">Zalu\u017enijs no Ukrainas armijas komandiera amata tika atbr\u012bvots 2024. gada febru\u0101r\u012b. T\u0101 pa\u0161a gada maij\u0101 Zelenskis iec\u0113la vi\u0146u par v\u0113stnieku Lielbrit\u0101nij\u0101.<\/p>\n<p style=\"margin-left:0px;\">Biju\u0161ais armijas komandieris vair\u0101kk\u0101rt ir min\u0113ts k\u0101 galvenais Zelenska konkurents, ja Ukrain\u0101 notiktu prezidenta v\u0113l\u0113\u0161anas. Ukrainas prezidents 2025. gada decembr\u012b pazi\u0146oja, ka ir gatavs r\u012bkot v\u0113l\u0113\u0161anas ar nosac\u012bjumu, ka valsts pilso\u0146iem tiks sniegtas dro\u0161\u012bbas garantijas.<\/p>\n<p style=\"margin-left:0px;\">Saska\u0146\u0101 ar p\u0113t\u012bjumu komp\u0101nijas &#8220;Info Sapiens&#8221; 9. decembr\u012b public\u0113tajiem aptaujas rezult\u0101tiem 20,3% ukrai\u0146u ir gatavi balsot par Zelenski, bet Zalu\u017eniju ir gatavi atbalst\u012bt 19,1%, milit\u0101r\u0101s izl\u016bko\u0161anas vad\u012bt\u0101ju Kirilo Budanovu &#8211; 5,1%, bet biju\u0161o prezidentu Petro Poro\u0161enko &#8211; 4,6% respondentu.<\/p>\n<p>KONTEKSTS<\/p>\n<p>2022. gada 24. febru\u0101r\u012b Krievijas diktators Vladimirs Putins deva pav\u0113li iebrukt\u00a0Ukrain\u0101. Putins apgalvoja, ka NATO gatavojas izmantot Ukrainu k\u0101 placdarmu agresijai pret Krieviju, lai gan \u0161iem apgalvojumiem nebija\u00a0pier\u0101d\u012bjumu. Starptautisk\u0101 krimin\u0101ltiesa (SKT) 2023. gada mart\u0101 izdeva Putina aresta orderi par nelikum\u012bgu ukrai\u0146u b\u0113rnu deport\u0101ciju no okup\u0113taj\u0101m teritorij\u0101m Ukrain\u0101.\u00a0<\/p>\n<p><img decoding=\"async\" src=\"https:\/\/www.europesays.com\/lv\/wp-content\/uploads\/2025\/12\/202311151406496554b459d746c.jpg\" alt=\"Ukrainas atbalst\u012bt\u0101ji nezaud\u0113 tic\u012bbu, ka ukrai\u0146i v\u0113l ir ce\u013c\u0101 uz uzvaru un agri vai v\u0113lu Krievijas okupantu armijai n\u0101ksies atk\u0101pties no Ukrainas zemes.\" loading=\"lazy\"\/><\/p>\n<p>Ukrainas atbalst\u012bt\u0101ji nezaud\u0113 tic\u012bbu, ka ukrai\u0146i v\u0113l ir ce\u013c\u0101 uz uzvaru un agri vai v\u0113lu Krievijas okupantu armijai n\u0101ksies atk\u0101pties no Ukrainas zemes.<\/p>\n<p>Foto:\u00a0AFP\/Scanpix\u00a0\/ Latvijas Mediji<\/p>\n<p class=\"paragraph-muted\">Izv\u0113lies savu soct\u012bklu platformu, lai sekotu LASI.LV: <a href=\"https:\/\/www.facebook.com\/portals.lasi.lv\" target=\"_blank\" rel=\"noopener noreferrer nofollow\">Facebook<\/a>, <a href=\"https:\/\/twitter.com\/lasilvportals\" target=\"_blank\" rel=\"noopener noreferrer nofollow\">X<\/a>, <a href=\"https:\/\/bsky.app\/profile\/lasilv.bsky.social\" target=\"_blank\" rel=\"noopener noreferrer nofollow\">Bluesky<\/a>, <a href=\"https:\/\/www.draugiem.lv\/lasilv\/?pg=4\" target=\"_blank\" rel=\"noopener noreferrer nofollow\">Draugiem<\/a> vai ar\u012b <a href=\"https:\/\/www.instagram.com\/lasilv_zinas\/\" target=\"_blank\" rel=\"noopener noreferrer nofollow\">Instagram<\/a>. Pievienojies m\u016bsu las\u012bt\u0101ju pulkam, lai sa\u0146emtu \u012bpa\u0161i tev atlas\u012btu noder\u012bgu, praktisku un aktu\u0101lu saturu.\u00a0<\/p>\n<p style=\"margin-left:auto;\">Pieraksties LASI.LV redaktora v\u0113stkopai <a href=\"https:\/\/lasi.lv\/vestkopa\/lasi-lv-galvena-redaktora-vestkopa\" rel=\"nofollow noopener\" target=\"_blank\">\u0161eit<\/a>.<\/p>\n<p style=\"margin-left:auto;\">Pieraksties un reizi ned\u0113\u013c\u0101 sa\u0146em padzi\u013cin\u0101tu LASI.LV galven\u0101 redaktora aktu\u0101lo zi\u0146u, kompetentu viedok\u013cu un interesant\u0101ko interviju apkopojumu.<\/p>\n<p><script async src=\"https:\/\/platform.twitter.com\/widgets.js\" charset=\"utf-8\"><\/script><script async src=\"\/\/www.instagram.com\/embed.js\"><\/script><\/p>\n","protected":false},"excerpt":{"rendered":"Ukrainas v\u0113stnieks Lielbrit\u0101nij\u0101 Val\u0113rijs Zalu\u017enijs, kas iepriek\u0161 bija Ukrainas armijas komandieris, janv\u0101ra s\u0101kum\u0101 var\u0113tu pazi\u0146ot par atk\u0101p\u0161anos no&hellip;\n","protected":false},"author":2,"featured_media":90579,"comment_status":"","ping_status":"","sticky":false,"template":"","format":"standard","meta":{"footnotes":""},"categories":[14],"tags":[23,57,28,29,32,33,22,30,31,35,39,38,36,37,34,40,20,26,27,24,25,54,55,56,21,58],"class_list":{"0":"post-90578","1":"post","2":"type-post","3":"status-publish","4":"format-standard","5":"has-post-thumbnail","7":"category-zinas-no-arvalstim","8":"tag-aktualitates","9":"tag-arvalstim","10":"tag-breaking-news","11":"tag-breakingnews","12":"tag-featured-news","13":"tag-featurednews","14":"tag-headlines","15":"tag-latest-news","16":"tag-latestnews","17":"tag-latvia","18":"tag-latvian","19":"tag-latviesu","20":"tag-latviesu-valoda","21":"tag-latviesuvaloda","22":"tag-latvija","23":"tag-lv","24":"tag-news","25":"tag-popularakas-zinas","26":"tag-popularakaszinas","27":"tag-top-stories","28":"tag-topstories","29":"tag-world","30":"tag-world-news","31":"tag-worldnews","32":"tag-zinas","33":"tag-zinas-no-arvalstim"},"share_on_mastodon":{"url":"https:\/\/pubeurope.com\/@lv\/115812670025685286","error":""},"_links":{"self":[{"href":"https:\/\/www.europesays.com\/lv\/wp-json\/wp\/v2\/posts\/90578","targetHints":{"allow":["GET"]}}],"collection":[{"href":"https:\/\/www.europesays.com\/lv\/wp-json\/wp\/v2\/posts"}],"about":[{"href":"https:\/\/www.europesays.com\/lv\/wp-json\/wp\/v2\/types\/post"}],"author":[{"embeddable":true,"href":"https:\/\/www.europesays.com\/lv\/wp-json\/wp\/v2\/users\/2"}],"replies":[{"embeddable":true,"href":"https:\/\/www.europesays.com\/lv\/wp-json\/wp\/v2\/comments?post=90578"}],"version-history":[{"count":0,"href":"https:\/\/www.europesays.com\/lv\/wp-json\/wp\/v2\/posts\/90578\/revisions"}],"wp:featuredmedia":[{"embeddable":true,"href":"https:\/\/www.europesays.com\/lv\/wp-json\/wp\/v2\/media\/90579"}],"wp:attachment":[{"href":"https:\/\/www.europesays.com\/lv\/wp-json\/wp\/v2\/media?parent=90578"}],"wp:term":[{"taxonomy":"category","embeddable":true,"href":"https:\/\/www.europesays.com\/lv\/wp-json\/wp\/v2\/categories?post=90578"},{"taxonomy":"post_tag","embeddable":true,"href":"https:\/\/www.europesays.com\/lv\/wp-json\/wp\/v2\/tags?post=90578"}],"curies":[{"name":"wp","href":"https:\/\/api.w.org\/{rel}","templated":true}]}}