{"id":90588,"date":"2025-12-31T06:22:33","date_gmt":"2025-12-31T06:22:33","guid":{"rendered":"https:\/\/www.europesays.com\/lv\/90588\/"},"modified":"2025-12-31T06:22:33","modified_gmt":"2025-12-31T06:22:33","slug":"30-decembri-izdots-rikojums-nekapt-uz-ledus-vairakas-jekabpils-novada-udenstilpes","status":"publish","type":"post","link":"https:\/\/www.europesays.com\/lv\/90588\/","title":{"rendered":"30. decembr\u012b izdots r\u012bkojums nek\u0101pt uz ledus vair\u0101k\u0101s J\u0113kabpils novada \u016bdenstilp\u0113s"},"content":{"rendered":"<p class=\"MsoNormal\">J\u0113kabpils novada pa\u0161vald\u012bbas izpilddirektors 30.12.2025. izdevis r\u012bkojumu\u00a0Nr.2.6-8\/25\/1460\/D par aizliegumu atrasties uz J\u0113kabpils novada administrat\u012bvaj\u0101 teritorij\u0101 publisk\u0101s viet\u0101s eso\u0161aj\u0101m \u016bdenstilp\u0113m un \u016bdenstec\u0113m.<\/p>\n<p>No 2025. gada\u00a030. decembra l\u012bdz ledus izku\u0161anai\u00a0aizliegts atrasties:\u00a0<\/p>\n<ul>\n<li>uz\u00a0Daugavas\u00a0ledus J\u0113kabpils\u00a0pils\u0113tas\u00a0administrat\u012bvaj\u0101 teritorij\u0101;\u00a0<\/li>\n<li>uz\u00a0Krustpils\u00a0Dzirnavu\u00a0d\u012b\u0137a\u00a0ledus,\u00a0Kena\u00a0parka d\u012b\u0137a ledus\u00a0J\u0113kabpils pils\u0113tas\u00a0administrat\u012bvaj\u0101 teritorij\u0101<\/li>\n<\/ul>\n<p class=\"MsoListParagraphCxSpLast\">No 2025. gada\u00a030. decembra l\u012bdz\u00a0turpm\u0101kajiem\u00a0r\u012bkojumiem, kad ledus\u00a0biezums, saska\u0146\u0101 ar veiktajiem\u00a0 m\u0113r\u012bjumiem tiks atz\u012bts par\u00a0 dro\u0161u,\u00a0aizliegts atrasties:\u00a0<\/p>\n<ul>\n<li>uz\u00a0Rad\u017eu \u016bdenskr\u0101tuves ledus J\u0113kabpils\u00a0pils\u0113tas\u00a0administrat\u012bvaj\u0101 teritorij\u0101;\u00a0<\/li>\n<li>uz Vies\u012btes maz\u0101\u00a0ezeri\u0146a\u00a0ledus\u00a0Vies\u012btes pils\u0113tas\u00a0administrat\u012bvaj\u0101 teritorij\u0101;<\/li>\n<li>uz\u00a0Dienvidsus\u0113jas\u00a0upes ledus\u00a0Akn\u012bstes pils\u0113tas un Elk\u0161\u0146u ciema\u00a0administrat\u012bvaj\u0101 teritorij\u0101;\u00a0<\/li>\n<li>uz\u00a0Banc\u0101nu\u00a0ezera ledus\u00a0Kalna pagast\u0101,\u00a0\u00a0<\/li>\n<li>uz\u00a0Zuju\u00a0ezera ledus\u00a0Asares pagast\u0101;\u00a0<\/li>\n<li>uz\u00a0Vecmui\u017eas\u00a0ezera un\u202fDienvidsus\u0113jas\u00a0upes\u00a0uzpludin\u0101juma\u00a0(jeb\u00a0\u00a0G\u0101rsenes\u00a0Dzirnavu\u00a0d\u012b\u0137a) ledus\u00a0G\u0101rsenes pagast\u0101;\u00a0<\/li>\n<li>uz\u00a0d\u012b\u0137a\u202f pie sporta laukuma\u00a0\u00a0un\u00a0\u00a0Zieme\u013csus\u0113jas\u00a0upes ledus\u00a0Salas ciem\u0101, Salas pagast\u0101;<\/li>\n<li>uz\u00a0\u00a0Bir\u017eu\u00a0ciema Dzirnavezera\u00a0ledus\u00a0Salas pagast\u0101;\u00a0<\/li>\n<li>uz\u00a0Zasas parka d\u012b\u0137a ledus\u00a0Zasas ciem\u0101, Zasas pagast\u0101;\u00a0\u00a0<\/li>\n<li>uz Rube\u0146u parka d\u012b\u0137a\u00a0ledus\u00a0Rube\u0146u ciem\u0101, Rubenes\u00a0pagast\u0101.<\/li>\n<\/ul>\n<p class=\"MsoListParagraphCxSpLast\">R\u012bkojuma izpildi kontrol\u0113s J\u0113kabpils novada pa\u0161vald\u012bbas policija.<\/p>\n<p class=\"MsoListParagraphCxSpLast\">J\u0113kabpils novada Att\u012bst\u012bbas p\u0101rvaldei uzdots nodro\u0161in\u0101t regul\u0101ru\u00a0J\u0113kabpils\u00a0novada\u00a0teritorij\u0101 eso\u0161o publisko \u016bde\u0146u un pa\u0161vald\u012bbas vald\u012bjum\u0101 eso\u0161o \u016bde\u0146u\u00a0ledus biezuma kontrolm\u0113r\u012bjumu veik\u0161anu.<\/p>\n<p>R\u012bkojums izdots, \u0146emot v\u0113r\u0101 J\u0113kabpils novada domes\u00a013.07.2023.\u00a0saisto\u0161o noteikumu Nr.26 \u201cJ\u0113kabpils novada pa\u0161vald\u012bbas nolikums\u201d\u00a012.26. punktu,\u00a0kas nosaka ka Pa\u0161vald\u012bbas izpilddirektors pie\u0146em l\u0113mumu par aizliegumu atrasties uz pa\u0161vald\u012bbas\u00a0teritorij\u0101 eso\u0161o publisko \u016bde\u0146u un pa\u0161vald\u012bbas vald\u012bjum\u0101 eso\u0161o \u016bde\u0146u ledus\u00a0t\u0101d\u0101s viet\u0101s, kur var tikt apdraud\u0113ta personas dz\u012bv\u012bba un vesel\u012bba un\u202f \u0146emot v\u0113r\u0101 meteorolo\u0123isk\u0101s prognozes un laika apst\u0101k\u013cus.<\/p>\n<p>Atg\u0101din\u0101m, ka notur\u012bg\u0101ka sala iespaid\u0101 ar\u012b citas \u016bdenskr\u0101tuves J\u0113kabpils novad\u0101 pamaz\u0101m p\u0101rkl\u0101j ledus, ta\u010du t\u0101 biezums var neb\u016bt vienm\u0113r\u012bgs, t\u0101d\u0113\u013c aicin\u0101m r\u016bp\u012bgi izv\u0113rt\u0113t nepiecie\u0161am\u012bbu atrasties uz \u016bdenstilpnes un, cik vien iesp\u0113jams, uz ledus tom\u0113r nek\u0101pt!<\/p>\n<p>Atceries \u2013 ledus v\u0113l tikai veidojas. \u0160obr\u012bd tas v\u0113l ir \u013coti trausls un m\u0101n\u012bgs. Nerisk\u0113 ar savu vai citu dz\u012bv\u012bb\u0101m un nek\u0101p uz trausl\u0101 ledus! T\u0101pat aicin\u0101m patur\u0113t pr\u0101t\u0101 &#8211; b\u0113rni \u0146em piem\u0113ru no pieaugu\u0161ajiem!<\/p>\n","protected":false},"excerpt":{"rendered":"J\u0113kabpils novada pa\u0161vald\u012bbas izpilddirektors 30.12.2025. izdevis r\u012bkojumu\u00a0Nr.2.6-8\/25\/1460\/D par aizliegumu atrasties uz J\u0113kabpils novada administrat\u012bvaj\u0101 teritorij\u0101 publisk\u0101s viet\u0101s eso\u0161aj\u0101m&hellip;\n","protected":false},"author":2,"featured_media":90589,"comment_status":"","ping_status":"","sticky":false,"template":"","format":"standard","meta":{"footnotes":""},"categories":[12],"tags":[23,28,29,32,33,22,30,31,35,39,38,36,37,34,40,20,26,27,24,25,21],"class_list":{"0":"post-90588","1":"post","2":"type-post","3":"status-publish","4":"format-standard","5":"has-post-thumbnail","7":"category-latvija","8":"tag-aktualitates","9":"tag-breaking-news","10":"tag-breakingnews","11":"tag-featured-news","12":"tag-featurednews","13":"tag-headlines","14":"tag-latest-news","15":"tag-latestnews","16":"tag-latvia","17":"tag-latvian","18":"tag-latviesu","19":"tag-latviesu-valoda","20":"tag-latviesuvaloda","21":"tag-latvija","22":"tag-lv","23":"tag-news","24":"tag-popularakas-zinas","25":"tag-popularakaszinas","26":"tag-top-stories","27":"tag-topstories","28":"tag-zinas"},"share_on_mastodon":{"url":"https:\/\/pubeurope.com\/@lv\/115812744727707889","error":""},"_links":{"self":[{"href":"https:\/\/www.europesays.com\/lv\/wp-json\/wp\/v2\/posts\/90588","targetHints":{"allow":["GET"]}}],"collection":[{"href":"https:\/\/www.europesays.com\/lv\/wp-json\/wp\/v2\/posts"}],"about":[{"href":"https:\/\/www.europesays.com\/lv\/wp-json\/wp\/v2\/types\/post"}],"author":[{"embeddable":true,"href":"https:\/\/www.europesays.com\/lv\/wp-json\/wp\/v2\/users\/2"}],"replies":[{"embeddable":true,"href":"https:\/\/www.europesays.com\/lv\/wp-json\/wp\/v2\/comments?post=90588"}],"version-history":[{"count":0,"href":"https:\/\/www.europesays.com\/lv\/wp-json\/wp\/v2\/posts\/90588\/revisions"}],"wp:featuredmedia":[{"embeddable":true,"href":"https:\/\/www.europesays.com\/lv\/wp-json\/wp\/v2\/media\/90589"}],"wp:attachment":[{"href":"https:\/\/www.europesays.com\/lv\/wp-json\/wp\/v2\/media?parent=90588"}],"wp:term":[{"taxonomy":"category","embeddable":true,"href":"https:\/\/www.europesays.com\/lv\/wp-json\/wp\/v2\/categories?post=90588"},{"taxonomy":"post_tag","embeddable":true,"href":"https:\/\/www.europesays.com\/lv\/wp-json\/wp\/v2\/tags?post=90588"}],"curies":[{"name":"wp","href":"https:\/\/api.w.org\/{rel}","templated":true}]}}