{"id":90590,"date":"2025-12-31T06:25:07","date_gmt":"2025-12-31T06:25:07","guid":{"rendered":"https:\/\/www.europesays.com\/lv\/90590\/"},"modified":"2025-12-31T06:25:07","modified_gmt":"2025-12-31T06:25:07","slug":"sandis-ozolins-stasta-par-nakotnes-planiem-un-atklaj-recepti-ka-spelet-hokeju-augsta-limeni-pec-iespejas-ilgak","status":"publish","type":"post","link":"https:\/\/www.europesays.com\/lv\/90590\/","title":{"rendered":"Sandis Ozoli\u0146\u0161 st\u0101sta par n\u0101kotnes pl\u0101niem un atkl\u0101j recepti, k\u0101 sp\u0113l\u0113t hokeju augst\u0101 l\u012bmen\u012b p\u0113c iesp\u0113jas ilg\u0101k"},"content":{"rendered":"<p>Ozoli\u0146a pieredze k\u0101 galvenajam trenerim ir \u013coti maza \u2013 2017.\/2018. gada sezonas ievad\u0101 vi\u0146\u0161 tren\u0113ja Kontinent\u0101l\u0101s hokeja l\u012bgas komandu R\u012bgas \u201cDinamo\u201d, tom\u0113r amatu atst\u0101ja jau septembra beig\u0101s, kad vien\u012bba bija aizvad\u012bjusi vien 16 sp\u0113les un piedz\u012bvojusi 12 zaud\u0113jumu s\u0113riju.<\/p>\n<p>\u201cT\u0101 bija \u013coti for\u0161a pieredze. Es pats aizg\u0101ju pie komandas vad\u012bt\u0101ja Jura Savicka un pateicu, ka nesp\u0113\u0161u izpild\u012bt to, ko esmu apsol\u012bjis, t\u0101p\u0113c pien\u0101cis laiks mani atlaist. Vi\u0146\u0161 l\u016bdza p\u0101rdom\u0101t l\u0113mumu, bet pateicu, ka to nemain\u012b\u0161u. Pats atteicos turpin\u0101t vad\u012bt, jo mums matem\u0101tiski vairs nebija iesp\u0113jams sav\u0101kt tik daudz punktu, lai sasniegtu izsl\u0113g\u0161anas turn\u012bru,\u201d intervij\u0101 atceras Ozoli\u0146\u0161.<\/p>\n<p>No \u0161\u012bs pieredzes vi\u0146\u0161 secin\u0101jis, ka ar v\u0113lmi vien ilgtermi\u0146\u0101 augstus rezult\u0101tus nav iesp\u0113jams sasniegt. \u201c\u012astermi\u0146\u0101 ar c\u012b\u0146assparu un daudzu apst\u0101k\u013cu sakri\u0161anu j\u0101, tom\u0113r ilgtermi\u0146\u0101 ir nepiecie\u0161ams sp\u0113l\u0113t\u0101ju kopums, kas to sp\u0113j paveikt. Mana liel\u0101k\u0101 k\u013c\u016bda bija dom\u0101t, ka ar \u0161\u0101diem l\u012bdzek\u013ciem ir iesp\u0113jams sasniegt rezult\u0101tu ilgtermi\u0146\u0101.\u201d<\/p>\n<p>\u201cT\u0101pat sapratu, ka hokejs att\u012bst\u0101s un ir j\u0101m\u0101c\u0101s. Ar\u012b tagad, ja gribu savu karjeru saist\u012bt ar \u0161o sporta veidu, j\u0101seko jaunaj\u0101m tendenc\u0113m. Jebkur\u0101 industrij\u0101 viens no otra aiz\u0146emas zin\u0101\u0161anas,\u201d piebilst le\u0123end\u0101rais hokejists.<\/p>\n<p>Turpin\u0101jum\u0101 vi\u0146\u0161 ilg\u0101ku laiku k\u0101 galven\u0101 trenera pal\u012bgs str\u0101d\u0101ja cit\u0101 agresorvalsts l\u012bgas vien\u012bb\u0101 \u0145i\u017e\u0146ijnovgorodas \u201cTorpedo\u201d, iepriek\u0161\u0113j\u0101s div\u0101s sezon\u0101s bija Nacion\u0101l\u0101s hokeja l\u012bgas vien\u012bbas Kolor\u0101do \u201cAvalanche\u201d skauts, bet \u0161oziem Ozoli\u0146\u0161 ir Latvijas hokeja izlases galven\u0101 trenera Harija V\u012btoli\u0146a pal\u012bgs ce\u013c\u0101 uz Mil\u0101nas-Kort\u012bnas olimpiskaj\u0101m sp\u0113l\u0113m.<\/p>\n<p>\u201cKopum\u0101 \u0161\u012b mana pieredze bija \u013coti for\u0161a, redz\u0113ju, k\u0101 tas notiek. Man pat\u012bk \u0161is darbs, es to protu. J\u0101, t\u0101s lietas, kuras v\u0113l neesmu iem\u0101c\u012bjies, es nezinu, bet t\u0101s es iem\u0101c\u012b\u0161os, ja v\u0113l\u0113\u0161os dz\u012bvi saist\u012bt ar \u0161o profesiju,\u201d saka Sandis Ozoli\u0146\u0161.<\/p>\n<p>Kaut V\u012btoli\u0146\u0161 jau sen cer\u0113ja piesaist\u012bt Ozoli\u0146u par pal\u012bgu izlas\u0113, pagaid\u0101m vieno\u0161an\u0101s ir pan\u0101kta vien l\u012bdz olimpisko sp\u0113\u013cu beig\u0101m. \u201cMani uzklausa un dzird. Nezinu, vai pilda, tas jau ir atkar\u012bgs no vi\u0146iem. Cen\u0161os p\u0101r\u0101k daudz neuzb\u0101zties ar saviem secin\u0101jumiem un redz\u0113jumu, jo izlases specifika ir at\u0161\u0137ir\u012bga no komandas tren\u0113\u0161anas regul\u0101raj\u0101 \u010dempion\u0101t\u0101,\u201d Ozoli\u0146\u0161 saka par darbu ar izlasi. \u201cT\u0101p\u0113c esmu ap\u0146\u0113mies sp\u0113l\u0113t\u0101jiem necensties m\u0101c\u012bt ko t\u0101du, kas var\u0113tu ietekm\u0113t sp\u0113li vi\u0146u klub\u0101, lai neb\u016btu t\u0101, ka man klub\u0101 teica t\u0101 sp\u0113l\u0113t, izlas\u0113 teica t\u0101 un tagad es nesp\u0113ju tikt gal\u0101. Klub\u0101 ir dots ilg\u0101ks laiks, lai saprastu katra sp\u0113l\u0113t\u0101ja tendences, stipr\u0101s un v\u0101j\u0101s puses, izlas\u0113 tam atliek gau\u017e\u0101m maz laika.\u201d<\/p>\n<p>Kaut karjeras laik\u0101 Ozoli\u0146am bija gan traumas, gan atkar\u012bbas, vi\u0146\u0161 augst\u0101kaj\u0101 l\u012bmen\u012b sp\u0113l\u0113ja l\u012bdz pat 41 gada vecumam. Le\u0123end\u0101rais aizsargs skaidro, lai ko t\u0101du paveiktu, tren\u0113ties nepiecie\u0161ams \u013coti daudz.<\/p>\n","protected":false},"excerpt":{"rendered":"Ozoli\u0146a pieredze k\u0101 galvenajam trenerim ir \u013coti maza \u2013 2017.\/2018. gada sezonas ievad\u0101 vi\u0146\u0161 tren\u0113ja Kontinent\u0101l\u0101s hokeja l\u012bgas&hellip;\n","protected":false},"author":2,"featured_media":90591,"comment_status":"","ping_status":"","sticky":false,"template":"","format":"standard","meta":{"footnotes":""},"categories":[17],"tags":[35,39,38,36,37,34,40,67],"class_list":{"0":"post-90590","1":"post","2":"type-post","3":"status-publish","4":"format-standard","5":"has-post-thumbnail","7":"category-sports","8":"tag-latvia","9":"tag-latvian","10":"tag-latviesu","11":"tag-latviesu-valoda","12":"tag-latviesuvaloda","13":"tag-latvija","14":"tag-lv","15":"tag-sports"},"share_on_mastodon":{"url":"https:\/\/pubeurope.com\/@lv\/115812756567818109","error":""},"_links":{"self":[{"href":"https:\/\/www.europesays.com\/lv\/wp-json\/wp\/v2\/posts\/90590","targetHints":{"allow":["GET"]}}],"collection":[{"href":"https:\/\/www.europesays.com\/lv\/wp-json\/wp\/v2\/posts"}],"about":[{"href":"https:\/\/www.europesays.com\/lv\/wp-json\/wp\/v2\/types\/post"}],"author":[{"embeddable":true,"href":"https:\/\/www.europesays.com\/lv\/wp-json\/wp\/v2\/users\/2"}],"replies":[{"embeddable":true,"href":"https:\/\/www.europesays.com\/lv\/wp-json\/wp\/v2\/comments?post=90590"}],"version-history":[{"count":0,"href":"https:\/\/www.europesays.com\/lv\/wp-json\/wp\/v2\/posts\/90590\/revisions"}],"wp:featuredmedia":[{"embeddable":true,"href":"https:\/\/www.europesays.com\/lv\/wp-json\/wp\/v2\/media\/90591"}],"wp:attachment":[{"href":"https:\/\/www.europesays.com\/lv\/wp-json\/wp\/v2\/media?parent=90590"}],"wp:term":[{"taxonomy":"category","embeddable":true,"href":"https:\/\/www.europesays.com\/lv\/wp-json\/wp\/v2\/categories?post=90590"},{"taxonomy":"post_tag","embeddable":true,"href":"https:\/\/www.europesays.com\/lv\/wp-json\/wp\/v2\/tags?post=90590"}],"curies":[{"name":"wp","href":"https:\/\/api.w.org\/{rel}","templated":true}]}}