{"id":90594,"date":"2025-12-31T06:30:06","date_gmt":"2025-12-31T06:30:06","guid":{"rendered":"https:\/\/www.europesays.com\/lv\/90594\/"},"modified":"2025-12-31T06:30:06","modified_gmt":"2025-12-31T06:30:06","slug":"par-gada-aktieriem-atziti-maija-doveika-un-artis-jancevskis-lente-lv-2","status":"publish","type":"post","link":"https:\/\/www.europesays.com\/lv\/90594\/","title":{"rendered":"par gada aktieriem atz\u012bti Maija Doveika un Artis Jan\u010devskis\u00a0\u2014\u00a0Lente.lv"},"content":{"rendered":"<p>Gada aktieri \u2013 Maija Doveika un Artis Jan\u010devskis<\/p>\n<p>\u0160\u012b gada te\u0101tra balvas \u201cSp\u0113lma\u0146u nakts\u201d pasnieg\u0161anas ceremonij\u0101, kas norisin\u0101j\u0101s Dailes te\u0101tr\u012b uz skatuves m\u0101kslas reformatora Eduarda Smi\u013c\u0123a 139. dzim\u0161anas dienu, par gada aktieriem atz\u012bti Maija Doveika un Artis Jan\u010devskis. K\u0101 zi\u0146o Latvijas Av\u012bze, balvas tika pasniegtas 16 kategorij\u0101s, godinot aizvad\u012bt\u0101s 2024.\/2025. gada te\u0101tra sezonas lab\u0101kos darbus un talantus. Abi aktieri sa\u0146\u0113mu\u0161i peln\u012btu atzin\u012bbu par savu rado\u0161o sniegumu un izcilaj\u0101m lom\u0101m.<\/p>\n<p>Izcil\u012bbas lom\u0101s un iestud\u0113jumos<\/p>\n<p>Maija Doveika sa\u0146\u0113musi gada aktrises balvu par Blan\u0161as lomu izr\u0101d\u0113 \u201cIlgu tramvajs\u201d, ko iestud\u0113jis Latvijas Nacion\u0101lais te\u0101tris. Savuk\u0101rt Artis Jan\u010devskis atzin\u012bbu ieguvis par Hansa Kastorpa atveidojumu Valmieras te\u0101tra izr\u0101d\u0113 \u201cBurvju kalns\u201d. \u0160ie pan\u0101kumi apliecina abu aktieru talantu un ilggad\u0113jo darbu skatuves m\u0101ksl\u0101.<\/p>\n<p>Noz\u012bm\u012bg\u0101kie Gada balvu laure\u0101ti<\/p>\n<p>Par gada liel\u0101s formas izr\u0101di atz\u012bta Dailes te\u0101tra izr\u0101de \u201cDzen savu arklu p\u0101r miru\u0161o kauliem\u201d, bet par gada maz\u0101s formas izr\u0101di \u2013 \u201cAlfas\u201d no Dirty Deal Teatro. Valters S\u012blis sa\u0146\u0113mis gada re\u017eisora titulu par izr\u0101di \u201cAlfas\u201d. Balvas par m\u016b\u017ea ieguld\u012bjumu skatuves m\u0101ksl\u0101 pasniegtas Liep\u0101jas te\u0101tra aktrisei Aina Karelei un Mihaila \u010cehova R\u012bgas Krievu te\u0101tra aktierim Jakovam Rafa\u013csonam.<\/p>\n<p>Ceremonijas norise un trad\u012bcijas<\/p>\n<p>\u201cSp\u0113lma\u0146u nakts\u201d balvu pasnieg\u0161anas ceremonija, kas \u0161ogad norisin\u0101j\u0101s 23. novembr\u012b, ir noz\u012bm\u012bgs notikums Latvijas te\u0101tra dz\u012bv\u0113, kas stiprina te\u0101tra kopienu un populariz\u0113 jaunus talantus. Pas\u0101kumu vad\u012bja aktieris Gerds Lapo\u0161ka, un to atbalst\u012bja Kult\u016bras ministrija un citi sabiedr\u012bbas un pa\u0161vald\u012bbu partneri. Ceremonija turpina trad\u012bciju godin\u0101t Eduarda Smi\u013c\u0123a dzim\u0161anas dienu.<\/p>\n","protected":false},"excerpt":{"rendered":"Gada aktieri \u2013 Maija Doveika un Artis Jan\u010devskis \u0160\u012b gada te\u0101tra balvas \u201cSp\u0113lma\u0146u nakts\u201d pasnieg\u0161anas ceremonij\u0101, kas norisin\u0101j\u0101s&hellip;\n","protected":false},"author":2,"featured_media":88708,"comment_status":"","ping_status":"","sticky":false,"template":"","format":"standard","meta":{"footnotes":""},"categories":[19],"tags":[15564,89,90,35,39,38,36,37,34,882,40,6568,6020,6851],"class_list":{"0":"post-90594","1":"post","2":"type-post","3":"status-publish","4":"format-standard","5":"has-post-thumbnail","7":"category-izklaide","8":"tag-artis-jancevskis","9":"tag-entertainment","10":"tag-izklaide","11":"tag-latvia","12":"tag-latvian","13":"tag-latviesu","14":"tag-latviesu-valoda","15":"tag-latviesuvaloda","16":"tag-latvija","17":"tag-latvijas-teatris","18":"tag-lv","19":"tag-maija-doveika","20":"tag-spelmanu-nakts","21":"tag-teatra-balvas"},"share_on_mastodon":{"url":"https:\/\/pubeurope.com\/@lv\/115812776195476239","error":""},"_links":{"self":[{"href":"https:\/\/www.europesays.com\/lv\/wp-json\/wp\/v2\/posts\/90594","targetHints":{"allow":["GET"]}}],"collection":[{"href":"https:\/\/www.europesays.com\/lv\/wp-json\/wp\/v2\/posts"}],"about":[{"href":"https:\/\/www.europesays.com\/lv\/wp-json\/wp\/v2\/types\/post"}],"author":[{"embeddable":true,"href":"https:\/\/www.europesays.com\/lv\/wp-json\/wp\/v2\/users\/2"}],"replies":[{"embeddable":true,"href":"https:\/\/www.europesays.com\/lv\/wp-json\/wp\/v2\/comments?post=90594"}],"version-history":[{"count":0,"href":"https:\/\/www.europesays.com\/lv\/wp-json\/wp\/v2\/posts\/90594\/revisions"}],"wp:featuredmedia":[{"embeddable":true,"href":"https:\/\/www.europesays.com\/lv\/wp-json\/wp\/v2\/media\/88708"}],"wp:attachment":[{"href":"https:\/\/www.europesays.com\/lv\/wp-json\/wp\/v2\/media?parent=90594"}],"wp:term":[{"taxonomy":"category","embeddable":true,"href":"https:\/\/www.europesays.com\/lv\/wp-json\/wp\/v2\/categories?post=90594"},{"taxonomy":"post_tag","embeddable":true,"href":"https:\/\/www.europesays.com\/lv\/wp-json\/wp\/v2\/tags?post=90594"}],"curies":[{"name":"wp","href":"https:\/\/api.w.org\/{rel}","templated":true}]}}