{"id":90606,"date":"2025-12-31T06:52:07","date_gmt":"2025-12-31T06:52:07","guid":{"rendered":"https:\/\/www.europesays.com\/lv\/90606\/"},"modified":"2025-12-31T06:52:07","modified_gmt":"2025-12-31T06:52:07","slug":"ka-zemgales-pilsetas-sagaidis-jauno-gadu-sejas-lv","status":"publish","type":"post","link":"https:\/\/www.europesays.com\/lv\/90606\/","title":{"rendered":"K\u0101 Zemgales pils\u0113t\u0101s sagaid\u012bs Jauno gadu? &#8211; Sejas.lv"},"content":{"rendered":"<ol>\n<li><a href=\"https:\/\/news.google.com\/rss\/articles\/CBMie0FVX3lxTE1ScmoyTElVVkRRd0h3by1yQUR0MXF5SkNaVFI3bHhyVko1cmRwTUZPWlB5b05TNXVNeGJlbXdvNlhsT2p5RUduenFiTzc0OW0yeVkyV3FDQjlDbmlzTzl3dFpCV3RreW1ZNkJxdXI2bkc4cnVfTElhVi1BUQ?oc=5\" target=\"_blank\" rel=\"nofollow noopener\">K\u0101 Zemgales pils\u0113t\u0101s sagaid\u012bs Jauno gadu?<\/a>&nbsp;&nbsp;Sejas.lv<\/li>\n<li><a href=\"https:\/\/news.google.com\/rss\/articles\/CBMilgFBVV95cUxQenBCU281Sk52cUJxbDIzVHNaelFMM2I3YldvcUdPUGZzeFVLWi1kZTJyaFUtdFFMUktOYzZrbExqS0U1RUtvVUxvTFFFaVptbEk5TUVuc2M1cHpRQmlfYVBncHU0eldWTmdoZmtiUm8yMUNWbWh5bU5malBGZ2RJbmFQTC1lWXJ0dFBFS01VRkRFYlhJb2c?oc=5\" target=\"_blank\" rel=\"nofollow noopener\">Uz sv\u0113tku ugu\u0146o\u0161anu kurs\u0113s papildus reiss<\/a>&nbsp;&nbsp;Ventas Balss<\/li>\n<li><a href=\"https:\/\/news.google.com\/rss\/articles\/CBMiuwFBVV95cUxOdjVEX2dvZEpwTHFreXlySTFKNlVMQjVrMTJtWkE0TE5IdUdGZjJseWw5THJsY1pkTEpfVmRHYV9sUG9SUGU1VGJQM0p6TGlxOE5oMW5QQVR3blZfUGUxcXd5UGc3d1BGLVg5VlNYX1RXc3VwZ1RuSUd2SXExNmFadFFOODVzdFlaVTRGbUFtOU9rRUxza1VEV1M2SWdETFROUFRwUkhheF9uOHJPbWdoM0R3NXoxczdqajBZ?oc=5\" target=\"_blank\" rel=\"nofollow noopener\">Ventspil\u012b Jauno, 2026. gadu sagaid\u012bs ar v\u0113rien\u012bgu koncertu un kr\u0101\u0161\u0146u ugu\u0146o\u0161anu<\/a>&nbsp;&nbsp;Lente.lv<\/li>\n<li><a href=\"https:\/\/news.google.com\/rss\/articles\/CBMikwFBVV95cUxOZzMtVzV5SnhiWkQ4N2JlTWgzdHpVcjRxYnlfWWlNSmR1NEplQTRJak1ZMmJlUmt3Q3lkVG5sa29DNGVmdEZ3MDJxRFJjTUthWm16M1dKNnlSS2RVb01uZzBxTVAzaktZWWE3VlJYVlpLdzJXbmVUb05aQ2ZJbDlTZWdGRzJ1UGtOTzBtc0JqaU1DX1k?oc=5\" target=\"_blank\" rel=\"nofollow noopener\">Jelgav\u0101 Jauno gadu sagaid\u012bs Hercoga J\u0113kaba laukum\u0101<\/a>&nbsp;&nbsp;tv3.lv<\/li>\n<li><a href=\"https:\/\/news.google.com\/rss\/articles\/CBMipgFBVV95cUxPYW4wOG80ZHNMMEVYblhkaU80U191TW9vTkhCSi16SFRKS0xmaUNmSm1VVHpMOVc4ek42NFFyelJub1pxVER1VExwSzMzV2ZUUlhYOGY4UXkycWtZZU9CTm5TaDJqSTlla29HejNNV0pSOGNOWE5wX0ZiSnlHbVNXWTJjYjFWRTVtVVFoWVRLQTZDWS1qSTVCdkliU2g0Z0wwNE9SZlJB?oc=5\" target=\"_blank\" rel=\"nofollow noopener\">Ventspil\u012b Jauno gadu sagaid\u012bs ar koncertu un kr\u0101\u0161\u0146u ugu\u0146o\u0161anu<\/a>&nbsp;&nbsp;Ventspils<\/li>\n<\/ol>\n","protected":false},"excerpt":{"rendered":"K\u0101 Zemgales pils\u0113t\u0101s sagaid\u012bs Jauno gadu?&nbsp;&nbsp;Sejas.lv Uz sv\u0113tku ugu\u0146o\u0161anu kurs\u0113s papildus reiss&nbsp;&nbsp;Ventas Balss Ventspil\u012b Jauno, 2026. gadu sagaid\u012bs&hellip;\n","protected":false},"author":2,"featured_media":90607,"comment_status":"","ping_status":"","sticky":false,"template":"","format":"standard","meta":{"footnotes":""},"categories":[12],"tags":[23,28,29,32,33,22,18259,30,31,35,39,38,36,37,34,40,20,26,27,24,25,17226,21],"class_list":{"0":"post-90606","1":"post","2":"type-post","3":"status-publish","4":"format-standard","5":"has-post-thumbnail","7":"category-latvija","8":"tag-aktualitates","9":"tag-breaking-news","10":"tag-breakingnews","11":"tag-featured-news","12":"tag-featurednews","13":"tag-headlines","14":"tag-jaunais-gads","15":"tag-latest-news","16":"tag-latestnews","17":"tag-latvia","18":"tag-latvian","19":"tag-latviesu","20":"tag-latviesu-valoda","21":"tag-latviesuvaloda","22":"tag-latvija","23":"tag-lv","24":"tag-news","25":"tag-popularakas-zinas","26":"tag-popularakaszinas","27":"tag-top-stories","28":"tag-topstories","29":"tag-zemgale","30":"tag-zinas"},"share_on_mastodon":{"url":"https:\/\/pubeurope.com\/@lv\/115812862673298190","error":""},"_links":{"self":[{"href":"https:\/\/www.europesays.com\/lv\/wp-json\/wp\/v2\/posts\/90606","targetHints":{"allow":["GET"]}}],"collection":[{"href":"https:\/\/www.europesays.com\/lv\/wp-json\/wp\/v2\/posts"}],"about":[{"href":"https:\/\/www.europesays.com\/lv\/wp-json\/wp\/v2\/types\/post"}],"author":[{"embeddable":true,"href":"https:\/\/www.europesays.com\/lv\/wp-json\/wp\/v2\/users\/2"}],"replies":[{"embeddable":true,"href":"https:\/\/www.europesays.com\/lv\/wp-json\/wp\/v2\/comments?post=90606"}],"version-history":[{"count":0,"href":"https:\/\/www.europesays.com\/lv\/wp-json\/wp\/v2\/posts\/90606\/revisions"}],"wp:featuredmedia":[{"embeddable":true,"href":"https:\/\/www.europesays.com\/lv\/wp-json\/wp\/v2\/media\/90607"}],"wp:attachment":[{"href":"https:\/\/www.europesays.com\/lv\/wp-json\/wp\/v2\/media?parent=90606"}],"wp:term":[{"taxonomy":"category","embeddable":true,"href":"https:\/\/www.europesays.com\/lv\/wp-json\/wp\/v2\/categories?post=90606"},{"taxonomy":"post_tag","embeddable":true,"href":"https:\/\/www.europesays.com\/lv\/wp-json\/wp\/v2\/tags?post=90606"}],"curies":[{"name":"wp","href":"https:\/\/api.w.org\/{rel}","templated":true}]}}