{"id":90612,"date":"2025-12-31T07:00:11","date_gmt":"2025-12-31T07:00:11","guid":{"rendered":"https:\/\/www.europesays.com\/lv\/90612\/"},"modified":"2025-12-31T07:00:11","modified_gmt":"2025-12-31T07:00:11","slug":"izdoti-liepajas-simfoniska-orkestra-ieskanotie-sopena-klavierkoncerti","status":"publish","type":"post","link":"https:\/\/www.europesays.com\/lv\/90612\/","title":{"rendered":"Izdoti Liep\u0101jas Simfonisk\u0101 or\u0137estra ieska\u0146otie \u0160op\u0113na klavierkoncerti"},"content":{"rendered":"<p>K\u0101 st\u0101sta izpild\u012bt\u0101js, \u0160op\u0113na koncerti vi\u0146a repertu\u0101r\u0101 ir jau vair\u0101k nek\u0101 divas desmitgades \u2013 vi\u0146\u0161 pie \u0161iem darbiem past\u0101v\u012bgi atgriezies, izpildot tos ar da\u017e\u0101diem or\u0137estriem un diri\u0123entiem. &#8220;\u0160is ir jaun\u0101 \u0160op\u0113na darbs, kur\u0101 sl\u0113pjas br\u012bv\u012bba, risks un spontanit\u0101te. Es jutu, ka ir pien\u0101cis \u012bstais br\u012bdis, lai \u0161os darbus iem\u016b\u017ein\u0101tu ierakst\u0101. Man bija svar\u012bgi, lai tie skan\u0113tu dz\u012bvaj\u0101 izpild\u012bjum\u0101 \u2013 vien\u0101 koncert\u0101, vien\u0101 elpas vilcien\u0101, ar visu mirk\u013ca spriedzi un ener\u0123iju,&#8221; saka pianists.<\/p>\n","protected":false},"excerpt":{"rendered":"K\u0101 st\u0101sta izpild\u012bt\u0101js, \u0160op\u0113na koncerti vi\u0146a repertu\u0101r\u0101 ir jau vair\u0101k nek\u0101 divas desmitgades \u2013 vi\u0146\u0161 pie \u0161iem darbiem&hellip;\n","protected":false},"author":2,"featured_media":90613,"comment_status":"","ping_status":"","sticky":false,"template":"","format":"standard","meta":{"footnotes":""},"categories":[19],"tags":[89,90,35,39,38,36,37,34,40],"class_list":{"0":"post-90612","1":"post","2":"type-post","3":"status-publish","4":"format-standard","5":"has-post-thumbnail","7":"category-izklaide","8":"tag-entertainment","9":"tag-izklaide","10":"tag-latvia","11":"tag-latvian","12":"tag-latviesu","13":"tag-latviesu-valoda","14":"tag-latviesuvaloda","15":"tag-latvija","16":"tag-lv"},"share_on_mastodon":{"url":"https:\/\/pubeurope.com\/@lv\/115812894070219906","error":""},"_links":{"self":[{"href":"https:\/\/www.europesays.com\/lv\/wp-json\/wp\/v2\/posts\/90612","targetHints":{"allow":["GET"]}}],"collection":[{"href":"https:\/\/www.europesays.com\/lv\/wp-json\/wp\/v2\/posts"}],"about":[{"href":"https:\/\/www.europesays.com\/lv\/wp-json\/wp\/v2\/types\/post"}],"author":[{"embeddable":true,"href":"https:\/\/www.europesays.com\/lv\/wp-json\/wp\/v2\/users\/2"}],"replies":[{"embeddable":true,"href":"https:\/\/www.europesays.com\/lv\/wp-json\/wp\/v2\/comments?post=90612"}],"version-history":[{"count":0,"href":"https:\/\/www.europesays.com\/lv\/wp-json\/wp\/v2\/posts\/90612\/revisions"}],"wp:featuredmedia":[{"embeddable":true,"href":"https:\/\/www.europesays.com\/lv\/wp-json\/wp\/v2\/media\/90613"}],"wp:attachment":[{"href":"https:\/\/www.europesays.com\/lv\/wp-json\/wp\/v2\/media?parent=90612"}],"wp:term":[{"taxonomy":"category","embeddable":true,"href":"https:\/\/www.europesays.com\/lv\/wp-json\/wp\/v2\/categories?post=90612"},{"taxonomy":"post_tag","embeddable":true,"href":"https:\/\/www.europesays.com\/lv\/wp-json\/wp\/v2\/tags?post=90612"}],"curies":[{"name":"wp","href":"https:\/\/api.w.org\/{rel}","templated":true}]}}