{"id":90615,"date":"2025-12-31T07:04:10","date_gmt":"2025-12-31T07:04:10","guid":{"rendered":"https:\/\/www.europesays.com\/lv\/90615\/"},"modified":"2025-12-31T07:04:10","modified_gmt":"2025-12-31T07:04:10","slug":"apvienojas-rotko-muzejs-un-daugavpils-novadpetniecibas-un-makslas-muzejs","status":"publish","type":"post","link":"https:\/\/www.europesays.com\/lv\/90615\/","title":{"rendered":"Apvienojas Rotko muzejs un Daugavpils Novadp\u0113tniec\u012bbas un m\u0101kslas muzejs"},"content":{"rendered":"<p>No 2026. gada janv\u0101ra <a rel=\"noopener nofollow\" target=\"_blank\" href=\"https:\/\/www.delfi.lv\/temas\/56426113\/rotko-muzejs\" tag-id=\"56426113\">Rotko muzejs<\/a> un <a rel=\"noopener nofollow\" target=\"_blank\" href=\"https:\/\/www.delfi.lv\/temas\/35212353\/daugavpils-0\" tag-id=\"35212353\">Daugavpils<\/a> Novadp\u0113tniec\u012bbas un m\u0101kslas muzejs apvienojas vienot\u0101, m\u016bsdien\u012bg\u0101 kult\u016bras instit\u016bcij\u0101, veidojot jaunu pils\u0113tas m\u0101kslas un kult\u016brv\u0113sturisk\u0101 mantojuma centru, port\u0101lu &#8220;Delfi&#8221; inform\u0113 Daugavpils pa\u0161vald\u012bbas p\u0101rst\u0101vji.<\/p>\n<p>Rotko muzeja izdevumu apjoms n\u0101kamgad sast\u0101d\u012bs 1 527 827 eiro, no kuriem 1 040 487 eiro tiks segti no pa\u0161vald\u012bbas ie\u0146\u0113mumiem, savuk\u0101rt 487 340 eiro \u2013 no iest\u0101des maksas pakalpojumu un projektu ie\u0146\u0113mumiem. K\u0101 uzsver pa\u0161vald\u012bba, 2026. gada bud\u017eets veidots k\u0101 izsv\u0113rts, ta\u010du joproj\u0101m kr\u012bzes apst\u0101k\u013cos past\u0101vo\u0161s finan\u0161u ietvars, kas nodro\u0161ina muzeja pamatfunkciju nep\u0101rtraukt\u012bbu un \u013cauj \u012bstenot strat\u0113\u0123iski noz\u012bm\u012bg\u0101kos att\u012bst\u012bbas darbus un infrastrukt\u016bras pilnveidi, \u012bpa\u0161i Daugavpils muzej\u0101. Vienlaikus tas nodro\u0161in\u0101s daudzveid\u012bgu m\u0101kslas programmu \u2013 vair\u0101k nek\u0101 30 re\u0123ion\u0101la, valsts un starptautiska m\u0113roga individu\u0101l\u0101s un grupu izst\u0101des, reziden\u010du projektus, m\u0101kslinieku mobilit\u0101tes un regul\u0101ros starptautiskos simpozijus.<\/p>\n<p>Rotko muzeja vad\u012bt\u0101js <a rel=\"noopener nofollow\" target=\"_blank\" href=\"https:\/\/www.delfi.lv\/temas\/54042050\/maris-cacka\" tag-id=\"54042050\">M\u0101ris \u010ca\u010dka<\/a> saka: &#8220;Muzeja profesion\u0101l\u0101 komanda devi\u0146\u0101s fizisk\u0101s adres\u0113s koncentr\u0113s darbu pie jauno strukt\u016brvien\u012bbu att\u012bst\u012bbas un nostiprin\u0101\u0161anas, tostarp kr\u0101juma, p\u0113tniec\u012bbas, izgl\u012bt\u012bbas, satura un komunik\u0101cijas jomu pilnveides, k\u0101 ar\u012b pie kvalitat\u012bvu, m\u016bsdienu standartiem atbilsto\u0161u pakalpojumu nodro\u0161in\u0101\u0161anas, turpinot l\u012bdz\u0161in\u0113jo muzeja profesion\u0101l\u0101s darb\u012bbas praksi. N\u0101kam\u0101 gada bud\u017eeta ietvaros \u012bpa\u0161s uzsvars likts uz muzeja programmas \u012bsteno\u0161anu, tostarp, ar VKKF projektu finans\u0113jumu, kr\u0101juma dro\u0161\u012bbu un digitaliz\u0101ciju, infrastrukt\u016bras pieejam\u012bbu, k\u0101 ar\u012b starptautisk\u0101s sadarb\u012bbas un profesion\u0101l\u0101s kapacit\u0101tes stiprin\u0101\u0161anu, jau otro gadu ievie\u0161ot ERASMUS+ darbinieku mobilit\u0101tes projektu.Vienlaikus publisk\u0101 finans\u0113juma apjoms tie\u0161i ietekm\u0113 muzeja ilgtermi\u0146a konkur\u0113tsp\u0113ju, neskatoties uz akt\u012bvi piesaist\u012bto projektu finans\u0113jumu un stabilajiem pa\u0161u ie\u0146\u0113mumiem.&#8221;<\/p>\n<p class=\"m-0\">Seko &#8220;Delfi&#8221; ar\u012b  <a target=\"_blank\" href=\"https:\/\/www.instagram.com\/delfi.lv\/\" rel=\"nofollow noopener\">Instagram<\/a>  un <a target=\"_blank\" href=\"https:\/\/www.youtube.com\/channel\/UCw5foWtcJvAbUm64rv7jwUQ\" rel=\"nofollow noopener\">YouTube<\/a>  profil\u0101 \u2013 pievienojies, lai uzzin\u0101tu svar\u012bg\u0101ko un interesant\u0101ko pirmais!<\/p>\n<p>Publik\u0101cijas saturs vai t\u0101s jebk\u0101da apjoma da\u013ca ir aizsarg\u0101ts autorties\u012bbu objekts Autorties\u012bbu likuma izpratn\u0113, un t\u0101 izmanto\u0161ana bez izdev\u0113ja at\u013caujas ir aizliegta. Vair\u0101k lasi  <a target=\"_blank\" href=\"https:\/\/www.delfi.lv\/noteikumi#autortiesibas\" rel=\"nofollow noopener\">\u0161eit<\/a><script async src=\"\/\/www.instagram.com\/embed.js\"><\/script><\/p>\n","protected":false},"excerpt":{"rendered":"No 2026. gada janv\u0101ra Rotko muzejs un Daugavpils Novadp\u0113tniec\u012bbas un m\u0101kslas muzejs apvienojas vienot\u0101, m\u016bsdien\u012bg\u0101 kult\u016bras instit\u016bcij\u0101, veidojot&hellip;\n","protected":false},"author":2,"featured_media":90616,"comment_status":"","ping_status":"","sticky":false,"template":"","format":"standard","meta":{"footnotes":""},"categories":[12],"tags":[23,28,29,168,32,33,22,30,31,35,39,38,36,37,34,40,22884,20,26,27,7096,24,25,21],"class_list":{"0":"post-90615","1":"post","2":"type-post","3":"status-publish","4":"format-standard","5":"has-post-thumbnail","7":"category-latvija","8":"tag-aktualitates","9":"tag-breaking-news","10":"tag-breakingnews","11":"tag-daugavpils","12":"tag-featured-news","13":"tag-featurednews","14":"tag-headlines","15":"tag-latest-news","16":"tag-latestnews","17":"tag-latvia","18":"tag-latvian","19":"tag-latviesu","20":"tag-latviesu-valoda","21":"tag-latviesuvaloda","22":"tag-latvija","23":"tag-lv","24":"tag-maris-cacka","25":"tag-news","26":"tag-popularakas-zinas","27":"tag-popularakaszinas","28":"tag-rotko-muzejs","29":"tag-top-stories","30":"tag-topstories","31":"tag-zinas"},"share_on_mastodon":{"url":"https:\/\/pubeurope.com\/@lv\/115812909893265138","error":""},"_links":{"self":[{"href":"https:\/\/www.europesays.com\/lv\/wp-json\/wp\/v2\/posts\/90615","targetHints":{"allow":["GET"]}}],"collection":[{"href":"https:\/\/www.europesays.com\/lv\/wp-json\/wp\/v2\/posts"}],"about":[{"href":"https:\/\/www.europesays.com\/lv\/wp-json\/wp\/v2\/types\/post"}],"author":[{"embeddable":true,"href":"https:\/\/www.europesays.com\/lv\/wp-json\/wp\/v2\/users\/2"}],"replies":[{"embeddable":true,"href":"https:\/\/www.europesays.com\/lv\/wp-json\/wp\/v2\/comments?post=90615"}],"version-history":[{"count":0,"href":"https:\/\/www.europesays.com\/lv\/wp-json\/wp\/v2\/posts\/90615\/revisions"}],"wp:featuredmedia":[{"embeddable":true,"href":"https:\/\/www.europesays.com\/lv\/wp-json\/wp\/v2\/media\/90616"}],"wp:attachment":[{"href":"https:\/\/www.europesays.com\/lv\/wp-json\/wp\/v2\/media?parent=90615"}],"wp:term":[{"taxonomy":"category","embeddable":true,"href":"https:\/\/www.europesays.com\/lv\/wp-json\/wp\/v2\/categories?post=90615"},{"taxonomy":"post_tag","embeddable":true,"href":"https:\/\/www.europesays.com\/lv\/wp-json\/wp\/v2\/tags?post=90615"}],"curies":[{"name":"wp","href":"https:\/\/api.w.org\/{rel}","templated":true}]}}