{"id":90617,"date":"2025-12-31T07:09:10","date_gmt":"2025-12-31T07:09:10","guid":{"rendered":"https:\/\/www.europesays.com\/lv\/90617\/"},"modified":"2025-12-31T07:09:10","modified_gmt":"2025-12-31T07:09:10","slug":"kazahstanas-prezidents-paraksta-likumu-par-lgbt-propagandas-aizliegsanu-jauns-lv","status":"publish","type":"post","link":"https:\/\/www.europesays.com\/lv\/90617\/","title":{"rendered":"Kazahst\u0101nas prezidents paraksta likumu par &quot;LGBT propagandas&quot; aizlieg\u0161anu &#8211; Jauns.lv"},"content":{"rendered":"<ol>\n<li><a href=\"https:\/\/news.google.com\/rss\/articles\/CBMirwFBVV95cUxQZDhRVEZMWWtRbm9IWE9DYjNFWkJnaFNhcVVfb3FlTjNOa0RhZUw0RWNOUjdhOHBELXZXTnBVdUNuZXdtQVJWUmFmWEJkdUFjSmdCaUJnZjZZMm50WUZiZ3M2dGM5dWJ5TWxmZjJNOW5BejlXbTY3bk1HV1ZhTFJiOWYwSDdsMXBVVTRXcDNLaDAzV19mVHg4SUNLdHpYa0tTc2RMdlRZZVhoblFydzl3?oc=5\" target=\"_blank\" rel=\"nofollow noopener\">Kazahst\u0101nas prezidents paraksta likumu par &#8220;LGBT propagandas&#8221; aizlieg\u0161anu<\/a>&nbsp;&nbsp;Jauns.lv<\/li>\n<li><a href=\"https:\/\/news.google.com\/rss\/articles\/CBMimwFBVV95cUxOaDRpNkxWN0x0Tm9UdnJXZU9WdVR0M2lJWnAyZEM0WTl0RzhyRmQyRWdsbC1PMHdRVlk1QnpzeEpMMm1ieEwta3RvVFBTOXJVdjlxX0p0YTdmT2stVUFORUE2YUdKUjRXWm1HMU1lRUdQQ2IyMW5RZEJnd0kyNUtLX1VrTUpxZUpXSzNZS2dIOWVQSWprbVNsODZtWQ?oc=5\" target=\"_blank\" rel=\"nofollow noopener\">Kazahst\u0101nas prezidents aizliedz LGBT propagandu<\/a>&nbsp;&nbsp;Delfi<\/li>\n<li><a href=\"https:\/\/news.google.com\/rss\/articles\/CBMizgFBVV95cUxNbWc0bmp0Ym5oZHRhX1JxWEVTNmNWNlVzSF91OHl5THJVaFlLMHZVZTFUZ0Z0RC1NT3BBbEhBNFIwaEczT1hldVhZci1Zdl9TUzhSVjFKanNLU21uX3E4Rl8temRBb1lBYVVUTU5GZ0o4UXNseFJPdVJxUUlQMExHQnV2YWhfX1FIX1dwS0QyY1ZxOVBCR3ZBR1Nfa013YW9rTUxjWFNiNWJDczJiRlBzWllpS2FqWllDNHIwcm4xSW1fUjJvZWtsMTlpbVBtUQ?oc=5\" target=\"_blank\" rel=\"nofollow noopener\">LGBT akt\u012bvisti R\u012bg\u0101 pie Kazahst\u0101nas v\u0113stniec\u012bbas aizst\u0101v seksu\u0101lo minorit\u0101\u0161u ties\u012bbas. FOTO. VIDEO<\/a>&nbsp;&nbsp;Jauns.lv<\/li>\n<li><a href=\"https:\/\/news.google.com\/rss\/articles\/CBMiekFVX3lxTE1jSENIVUlTMkprVDRjRVRkTHIzVVI2d044Y3FwbjNPd0VqYm1CVEpFT0c3aTd1anF5TlQtQUZ3Mk8yZGlXV3dvVE5xa3hyVElMaEhpN1dPR0JWTDIyTUJ4bVFLcllSQVNwcjlERHEtaVZibWJyVzZzM1ln?oc=5\" target=\"_blank\" rel=\"nofollow noopener\">Kazahst\u0101n\u0101 aizliedz \u201cLGBTQ propagandu&#8221;<\/a>&nbsp;&nbsp;1188.lv<\/li>\n<\/ol>\n","protected":false},"excerpt":{"rendered":"Kazahst\u0101nas prezidents paraksta likumu par &#8220;LGBT propagandas&#8221; aizlieg\u0161anu&nbsp;&nbsp;Jauns.lv Kazahst\u0101nas prezidents aizliedz LGBT propagandu&nbsp;&nbsp;Delfi LGBT akt\u012bvisti R\u012bg\u0101 pie Kazahst\u0101nas&hellip;\n","protected":false},"author":2,"featured_media":90618,"comment_status":"","ping_status":"","sticky":false,"template":"","format":"standard","meta":{"footnotes":""},"categories":[14],"tags":[23,57,28,29,32,33,22,30,31,35,39,38,36,37,34,40,20,26,27,24,25,54,55,56,21,58],"class_list":{"0":"post-90617","1":"post","2":"type-post","3":"status-publish","4":"format-standard","5":"has-post-thumbnail","7":"category-zinas-no-arvalstim","8":"tag-aktualitates","9":"tag-arvalstim","10":"tag-breaking-news","11":"tag-breakingnews","12":"tag-featured-news","13":"tag-featurednews","14":"tag-headlines","15":"tag-latest-news","16":"tag-latestnews","17":"tag-latvia","18":"tag-latvian","19":"tag-latviesu","20":"tag-latviesu-valoda","21":"tag-latviesuvaloda","22":"tag-latvija","23":"tag-lv","24":"tag-news","25":"tag-popularakas-zinas","26":"tag-popularakaszinas","27":"tag-top-stories","28":"tag-topstories","29":"tag-world","30":"tag-world-news","31":"tag-worldnews","32":"tag-zinas","33":"tag-zinas-no-arvalstim"},"share_on_mastodon":{"url":"https:\/\/pubeurope.com\/@lv\/115812929630734290","error":""},"_links":{"self":[{"href":"https:\/\/www.europesays.com\/lv\/wp-json\/wp\/v2\/posts\/90617","targetHints":{"allow":["GET"]}}],"collection":[{"href":"https:\/\/www.europesays.com\/lv\/wp-json\/wp\/v2\/posts"}],"about":[{"href":"https:\/\/www.europesays.com\/lv\/wp-json\/wp\/v2\/types\/post"}],"author":[{"embeddable":true,"href":"https:\/\/www.europesays.com\/lv\/wp-json\/wp\/v2\/users\/2"}],"replies":[{"embeddable":true,"href":"https:\/\/www.europesays.com\/lv\/wp-json\/wp\/v2\/comments?post=90617"}],"version-history":[{"count":0,"href":"https:\/\/www.europesays.com\/lv\/wp-json\/wp\/v2\/posts\/90617\/revisions"}],"wp:featuredmedia":[{"embeddable":true,"href":"https:\/\/www.europesays.com\/lv\/wp-json\/wp\/v2\/media\/90618"}],"wp:attachment":[{"href":"https:\/\/www.europesays.com\/lv\/wp-json\/wp\/v2\/media?parent=90617"}],"wp:term":[{"taxonomy":"category","embeddable":true,"href":"https:\/\/www.europesays.com\/lv\/wp-json\/wp\/v2\/categories?post=90617"},{"taxonomy":"post_tag","embeddable":true,"href":"https:\/\/www.europesays.com\/lv\/wp-json\/wp\/v2\/tags?post=90617"}],"curies":[{"name":"wp","href":"https:\/\/api.w.org\/{rel}","templated":true}]}}