{"id":90622,"date":"2025-12-31T07:16:07","date_gmt":"2025-12-31T07:16:07","guid":{"rendered":"https:\/\/www.europesays.com\/lv\/90622\/"},"modified":"2025-12-31T07:16:07","modified_gmt":"2025-12-31T07:16:07","slug":"nem-vera-jauna-gada-sagaidisana-vecriga-bus-satiksmes-ierobezojumi","status":"publish","type":"post","link":"https:\/\/www.europesays.com\/lv\/90622\/","title":{"rendered":"\u0145em v\u0113r\u0101! Jaun\u0101 gada sagaid\u012b\u0161ana Vecr\u012bg\u0101: b\u016bs satiksmes ierobe\u017eojumi"},"content":{"rendered":"<p>Jaun\u0101 2026. gada sagaid\u012b\u0161anas svin\u012bbas R\u012bg\u0101 norisin\u0101sies R\u0101tslaukum\u0101, L\u012bvu laukum\u0101, Pils laukum\u0101, laukum\u0101 pie Pulvertor\u0146a, Ka\u013c\u0137u ielas posm\u0101 no Va\u013c\u0146u ielas l\u012bdz Aspazijas bulv\u0101rim un 11. novembra krastmalas paral\u0113laj\u0101 iel\u0101, posm\u0101 no Po\u013cu g\u0101tes l\u012bdz B\u012bskapa g\u0101tei. Saist\u012bb\u0101 ar pas\u0101kumu norisi da\u017eviet Vecr\u012bg\u0101 ierobe\u017eos satiksmi.<\/p>\n<p>Sl\u0113gta transportl\u012bdzek\u013cu, velosip\u0113du un elektroskrejrite\u0146u satiksme Pils laukum\u0101 un 11. novembra krastmalai paral\u0113laj\u0101 iel\u0101, posm\u0101 no Po\u013cu g\u0101tes l\u012bdz B\u012bskapa g\u0101tei.<\/p>\n<p>L\u012bdz ceturtdienas plkst. 2 nepiecie\u0161am\u012bbas gad\u012bjum\u0101 ierobe\u017eos vai sl\u0113gs transportl\u012bdzek\u013cu satiksmi Smil\u0161u ielas posm\u0101 no Zigfr\u012bda Annas Meierovica bulv\u0101ra l\u012bdz Va\u013c\u0146u ielai.<\/p>\n<p>Pils laukum\u0101 un 11. novembra krastmalai paral\u0113laj\u0101 iel\u0101, posm\u0101 no Po\u013cu g\u0101tes l\u012bdz B\u012bskapa g\u0101tei, aizliegta transportl\u012bdzek\u013cu apst\u0101\u0161an\u0101s un st\u0101v\u0113\u0161ana, k\u0101 ar\u012b nepiecie\u0161am\u012bbas gad\u012bjum\u0101 atst\u0101tos transportl\u012bdzek\u013cus p\u0101rvietos uz citu st\u0101v\u0113\u0161anai at\u013cauto vietu.<\/p>\n<p>T\u0101pat l\u012bdz ceturtdienas plkst. 23 sl\u0113gta mikromobilit\u0101tes r\u012bku novieto\u0161anas zona Va\u013c\u0146u ielas un Ka\u013c\u0137u ielas krustojum\u0101.<\/p>\n","protected":false},"excerpt":{"rendered":"Jaun\u0101 2026. gada sagaid\u012b\u0161anas svin\u012bbas R\u012bg\u0101 norisin\u0101sies R\u0101tslaukum\u0101, L\u012bvu laukum\u0101, Pils laukum\u0101, laukum\u0101 pie Pulvertor\u0146a, Ka\u013c\u0137u ielas posm\u0101&hellip;\n","protected":false},"author":2,"featured_media":90623,"comment_status":"","ping_status":"","sticky":false,"template":"","format":"standard","meta":{"footnotes":""},"categories":[12],"tags":[23,28,29,32,33,22,18259,30,31,35,39,38,36,37,34,40,20,26,27,24,25,21],"class_list":{"0":"post-90622","1":"post","2":"type-post","3":"status-publish","4":"format-standard","5":"has-post-thumbnail","7":"category-latvija","8":"tag-aktualitates","9":"tag-breaking-news","10":"tag-breakingnews","11":"tag-featured-news","12":"tag-featurednews","13":"tag-headlines","14":"tag-jaunais-gads","15":"tag-latest-news","16":"tag-latestnews","17":"tag-latvia","18":"tag-latvian","19":"tag-latviesu","20":"tag-latviesu-valoda","21":"tag-latviesuvaloda","22":"tag-latvija","23":"tag-lv","24":"tag-news","25":"tag-popularakas-zinas","26":"tag-popularakaszinas","27":"tag-top-stories","28":"tag-topstories","29":"tag-zinas"},"share_on_mastodon":{"url":"https:\/\/pubeurope.com\/@lv\/115812957066837830","error":""},"_links":{"self":[{"href":"https:\/\/www.europesays.com\/lv\/wp-json\/wp\/v2\/posts\/90622","targetHints":{"allow":["GET"]}}],"collection":[{"href":"https:\/\/www.europesays.com\/lv\/wp-json\/wp\/v2\/posts"}],"about":[{"href":"https:\/\/www.europesays.com\/lv\/wp-json\/wp\/v2\/types\/post"}],"author":[{"embeddable":true,"href":"https:\/\/www.europesays.com\/lv\/wp-json\/wp\/v2\/users\/2"}],"replies":[{"embeddable":true,"href":"https:\/\/www.europesays.com\/lv\/wp-json\/wp\/v2\/comments?post=90622"}],"version-history":[{"count":0,"href":"https:\/\/www.europesays.com\/lv\/wp-json\/wp\/v2\/posts\/90622\/revisions"}],"wp:featuredmedia":[{"embeddable":true,"href":"https:\/\/www.europesays.com\/lv\/wp-json\/wp\/v2\/media\/90623"}],"wp:attachment":[{"href":"https:\/\/www.europesays.com\/lv\/wp-json\/wp\/v2\/media?parent=90622"}],"wp:term":[{"taxonomy":"category","embeddable":true,"href":"https:\/\/www.europesays.com\/lv\/wp-json\/wp\/v2\/categories?post=90622"},{"taxonomy":"post_tag","embeddable":true,"href":"https:\/\/www.europesays.com\/lv\/wp-json\/wp\/v2\/tags?post=90622"}],"curies":[{"name":"wp","href":"https:\/\/api.w.org\/{rel}","templated":true}]}}