{"id":90626,"date":"2025-12-31T07:21:07","date_gmt":"2025-12-31T07:21:07","guid":{"rendered":"https:\/\/www.europesays.com\/lv\/90626\/"},"modified":"2025-12-31T07:21:07","modified_gmt":"2025-12-31T07:21:07","slug":"izraela-aptures-vairaku-palidzibas-organizaciju-darbibu-gazas-josla","status":"publish","type":"post","link":"https:\/\/www.europesays.com\/lv\/90626\/","title":{"rendered":"Izra\u0113la aptur\u0113s vair\u0101ku pal\u012bdz\u012bbas organiz\u0101ciju darb\u012bbu Gazas josl\u0101"},"content":{"rendered":"<p>Diasporas lietu un antisem\u012btisma apkaro\u0161anas ministrija pazi\u0146oja, ka \u0161is solis ir da\u013ca no Izra\u0113las l\u0113muma &#8220;pastiprin\u0101t un atjaunin\u0101t&#8221; noteikumus, kas regul\u0113 starptautisko nevalstisko organiz\u0101ciju (NVO) darb\u012bbas \u0161aj\u0101 palest\u012bnie\u0161u teritorij\u0101.<\/p>\n<p>&#8220;Hum\u0101n\u0101s pal\u012bdz\u012bbas organiz\u0101cij\u0101m, kuras neatbilst dro\u0161\u012bbas un caurskat\u0101m\u012bbas pras\u012bb\u0101m, tiks aptur\u0113tas licences,&#8221; pazi\u0146oja ministrija.<\/p>\n<p>T\u0101 piebilda, ka organiz\u0101cijas, kuras &#8220;nesadarboj\u0101s un atteic\u0101s iesniegt savu palest\u012bnie\u0161u darbinieku sarakstu, lai izsl\u0113gtu jebk\u0101du saist\u012bbu ar terorismu&#8221;, ir sa\u0146\u0113mu\u0161as ofici\u0101lu pazi\u0146ojumu, ka to licences tiks atceltas no 1. janv\u0101ra.<\/p>\n<p>Attiec\u012bgaj\u0101m organiz\u0101cij\u0101m, kuru nosaukumi netika izpausti, tika dots r\u012bkojums izbeigt visas darb\u012bbas l\u012bdz 1. martam.<\/p>\n<p>Ministrija infrorm\u0113ja, ka \u0161\u012bm organiz\u0101cij\u0101m bija doti 10 m\u0113ne\u0161i pras\u012bt\u0101s inform\u0101cijas iesnieg\u0161anai, bet t\u0101s &#8220;tom\u0113r neizpild\u012bja pras\u012bbas&#8221;.<\/p>\n<p>Ministrija \u0161om\u0113nes bija pav\u0113st\u012bjusi zi\u0146u a\u0123ent\u016brai AFP, ka l\u012bdz 25. novembrim tika iesniegti aptuveni 100 re\u0123istr\u0101cijas pieteikumi, no kuriem tikai 14 noraid\u012bti. &#8220;P\u0101r\u0113jie ir apstiprin\u0101ti vai pa\u0161laik tiek izskat\u012bti,&#8221; ministrija piebilda.<\/p>\n","protected":false},"excerpt":{"rendered":"Diasporas lietu un antisem\u012btisma apkaro\u0161anas ministrija pazi\u0146oja, ka \u0161is solis ir da\u013ca no Izra\u0113las l\u0113muma &#8220;pastiprin\u0101t un atjaunin\u0101t&#8221;&hellip;\n","protected":false},"author":2,"featured_media":90627,"comment_status":"","ping_status":"","sticky":false,"template":"","format":"standard","meta":{"footnotes":""},"categories":[14],"tags":[23,57,28,29,32,33,1274,22,493,503,30,31,35,39,38,36,37,34,40,20,26,27,24,25,54,55,56,21,58],"class_list":{"0":"post-90626","1":"post","2":"type-post","3":"status-publish","4":"format-standard","5":"has-post-thumbnail","7":"category-zinas-no-arvalstim","8":"tag-aktualitates","9":"tag-arvalstim","10":"tag-breaking-news","11":"tag-breakingnews","12":"tag-featured-news","13":"tag-featurednews","14":"tag-gazas-josla","15":"tag-headlines","16":"tag-izraela","17":"tag-izraelas-palestiniesu-konflikts","18":"tag-latest-news","19":"tag-latestnews","20":"tag-latvia","21":"tag-latvian","22":"tag-latviesu","23":"tag-latviesu-valoda","24":"tag-latviesuvaloda","25":"tag-latvija","26":"tag-lv","27":"tag-news","28":"tag-popularakas-zinas","29":"tag-popularakaszinas","30":"tag-top-stories","31":"tag-topstories","32":"tag-world","33":"tag-world-news","34":"tag-worldnews","35":"tag-zinas","36":"tag-zinas-no-arvalstim"},"share_on_mastodon":{"url":"https:\/\/pubeurope.com\/@lv\/115812976773879064","error":""},"_links":{"self":[{"href":"https:\/\/www.europesays.com\/lv\/wp-json\/wp\/v2\/posts\/90626","targetHints":{"allow":["GET"]}}],"collection":[{"href":"https:\/\/www.europesays.com\/lv\/wp-json\/wp\/v2\/posts"}],"about":[{"href":"https:\/\/www.europesays.com\/lv\/wp-json\/wp\/v2\/types\/post"}],"author":[{"embeddable":true,"href":"https:\/\/www.europesays.com\/lv\/wp-json\/wp\/v2\/users\/2"}],"replies":[{"embeddable":true,"href":"https:\/\/www.europesays.com\/lv\/wp-json\/wp\/v2\/comments?post=90626"}],"version-history":[{"count":0,"href":"https:\/\/www.europesays.com\/lv\/wp-json\/wp\/v2\/posts\/90626\/revisions"}],"wp:featuredmedia":[{"embeddable":true,"href":"https:\/\/www.europesays.com\/lv\/wp-json\/wp\/v2\/media\/90627"}],"wp:attachment":[{"href":"https:\/\/www.europesays.com\/lv\/wp-json\/wp\/v2\/media?parent=90626"}],"wp:term":[{"taxonomy":"category","embeddable":true,"href":"https:\/\/www.europesays.com\/lv\/wp-json\/wp\/v2\/categories?post=90626"},{"taxonomy":"post_tag","embeddable":true,"href":"https:\/\/www.europesays.com\/lv\/wp-json\/wp\/v2\/tags?post=90626"}],"curies":[{"name":"wp","href":"https:\/\/api.w.org\/{rel}","templated":true}]}}