{"id":90630,"date":"2025-12-31T07:24:07","date_gmt":"2025-12-31T07:24:07","guid":{"rendered":"https:\/\/www.europesays.com\/lv\/90630\/"},"modified":"2025-12-31T07:24:07","modified_gmt":"2025-12-31T07:24:07","slug":"bija-pazudis-bet-atgriezas-muzika-detlefa-dzives-likloci-santa","status":"publish","type":"post","link":"https:\/\/www.europesays.com\/lv\/90630\/","title":{"rendered":"Bija pazudis, bet atgriez\u0101s. M\u016bzi\u0137a Detlefa dz\u012bves l\u012bklo\u010di \u2014 Santa"},"content":{"rendered":"<p>Piedaloties \u0161ov\u0101 Talantu fabrika, Detlefs izc\u0113l\u0101s ne tikai ar muzik\u0101lo talantu, bet ar\u012b ekstravagantu uzved\u012bbu. Ta\u010du Uldis Dirn\u0113ns, kuram prognoz\u0113ja spo\u017eu karjeru m\u016bzik\u0101, \u0101tri vien nozuda no Latvijas \u0161ovbiznesa skatuves. Uldis kop\u0101 ar m\u012b\u013coto sievieti\u00a0aizlaid\u0101s uz Ameriku. K\u0101 \u0161ogad apr\u012bl\u012b intervij\u0101 izdevumam Diena atkl\u0101ja m\u0101kslinieks, liel\u0101 m\u0113r\u0101 tas notika 2008. gada di\u017ekr\u012bzes iespaid\u0101. M\u016bzi\u0137is mekl\u0113ja sevi\u00a0da\u017e\u0101d\u0101s nodarb\u0113s un da\u017e\u0101dos arodos gan London\u0101, gan \u0145ujork\u0101 un\u00a0citviet, ta\u010du p\u0113c\u00a0sve\u0161um\u0101 pavad\u012btiem gadiem nol\u0113ma atgriezties m\u0101j\u0101s.<\/p>\n<p>Par \u0161o atgrie\u0161anos 2018. gad\u0101 v\u0113st\u012bja \u017eurn\u0101ls Priv\u0101t\u0101 Dz\u012bve.\u00a0\u00abKad k\u0101ds jaut\u0101, k\u0101 man kl\u0101jas, k\u0101 un kur es dz\u012bvoju, v\u0113l \u012bsti neesmu gatava atbild\u0113t,\u00bb\u00a0toreiz izteic\u0101s Detlefa sieva Dace Paula-Dirn\u0113na, kuru Uldis apprec\u0113ja Lasvegas\u0101 2013. gad\u0101.\u00a0<\/p>\n<p>\u00abIlg\u0101ku laiku bij\u0101m prom, un nu esam atkal Latvij\u0101. Patlaban aukl\u0113ju m\u016bsu d\u0113lu Kurtu, un tas ir mans galvenais uzdevums un prieks. Kad cilv\u0113ka dz\u012bv\u0113 ien\u0101k b\u0113rns, svar\u012bgas k\u013c\u016bst pavisam citas v\u0113rt\u012bbas. Man nekas nav svar\u012bg\u0101ks par to, lai izaudzin\u0101tu p\u0113c iesp\u0113jas harmonisk\u0101ku b\u0113rni\u0146u,\u00bb teica\u00a0Dace. Jau \u0161ogad intervij\u0101 Dienai Uldis apstiprina, k\u0101 p\u0101rbrauk\u0161anas iemesls tie\u0161\u0101m biju\u0161i b\u0113rni: \u00abT\u0101du t\u012b\u0146a dz\u012bvi jau m\u016b\u017e\u012bgi nevar dz\u012bvot. Ir j\u0101dom\u0101 par b\u0113rniem. Bet ar\u012b mor\u0101li jau pietika. Tr\u012bs gadi \u0145ujork\u0101 ir pietiekams laiks, lai to visu izdz\u012bvotu, un \u013coti organiski non\u0101c\u0101m pie domas par atgrie\u0161anos,\u00bb\u00a0vi\u0146\u0161 pauda.<\/p>\n<p>2023. gad\u0101 pa\u0161m\u0101ju m\u016bzikas ar\u0113nu burtiski satricin\u0101ja Detlefa atgrie\u0161an\u0101s koncerts &#8211;\u00a0 Palladium koncertz\u0101le bija st\u0101vgr\u016bd\u0101m pilna! Kop\u0161 t\u0101 br\u012b\u017ea m\u0101kslinieka rado\u0161\u0101 dz\u012bve g\u0101jusi tikai aug\u0161up, bi\u013cetes uz Ulda koncertiem tiek iz\u0137ertas. Vi\u0146\u0161 ir apliecin\u0101jums tam, ka ne vienm\u0113r Fabrikas rada vienas dienas zvaigzn\u012btes; Detlefa lielais uzr\u0101viens s\u0101cies 20 gadus p\u0113c \u0161ova.<\/p>\n<p>\u00a0<\/p>\n","protected":false},"excerpt":{"rendered":"Piedaloties \u0161ov\u0101 Talantu fabrika, Detlefs izc\u0113l\u0101s ne tikai ar muzik\u0101lo talantu, bet ar\u012b ekstravagantu uzved\u012bbu. Ta\u010du Uldis Dirn\u0113ns,&hellip;\n","protected":false},"author":2,"featured_media":90631,"comment_status":"","ping_status":"","sticky":false,"template":"","format":"standard","meta":{"footnotes":""},"categories":[19],"tags":[89,90,35,39,38,36,37,34,40],"class_list":{"0":"post-90630","1":"post","2":"type-post","3":"status-publish","4":"format-standard","5":"has-post-thumbnail","7":"category-izklaide","8":"tag-entertainment","9":"tag-izklaide","10":"tag-latvia","11":"tag-latvian","12":"tag-latviesu","13":"tag-latviesu-valoda","14":"tag-latviesuvaloda","15":"tag-latvija","16":"tag-lv"},"share_on_mastodon":{"url":"https:\/\/pubeurope.com\/@lv\/115812988516636030","error":""},"_links":{"self":[{"href":"https:\/\/www.europesays.com\/lv\/wp-json\/wp\/v2\/posts\/90630","targetHints":{"allow":["GET"]}}],"collection":[{"href":"https:\/\/www.europesays.com\/lv\/wp-json\/wp\/v2\/posts"}],"about":[{"href":"https:\/\/www.europesays.com\/lv\/wp-json\/wp\/v2\/types\/post"}],"author":[{"embeddable":true,"href":"https:\/\/www.europesays.com\/lv\/wp-json\/wp\/v2\/users\/2"}],"replies":[{"embeddable":true,"href":"https:\/\/www.europesays.com\/lv\/wp-json\/wp\/v2\/comments?post=90630"}],"version-history":[{"count":0,"href":"https:\/\/www.europesays.com\/lv\/wp-json\/wp\/v2\/posts\/90630\/revisions"}],"wp:featuredmedia":[{"embeddable":true,"href":"https:\/\/www.europesays.com\/lv\/wp-json\/wp\/v2\/media\/90631"}],"wp:attachment":[{"href":"https:\/\/www.europesays.com\/lv\/wp-json\/wp\/v2\/media?parent=90630"}],"wp:term":[{"taxonomy":"category","embeddable":true,"href":"https:\/\/www.europesays.com\/lv\/wp-json\/wp\/v2\/categories?post=90630"},{"taxonomy":"post_tag","embeddable":true,"href":"https:\/\/www.europesays.com\/lv\/wp-json\/wp\/v2\/tags?post=90630"}],"curies":[{"name":"wp","href":"https:\/\/api.w.org\/{rel}","templated":true}]}}