{"id":90638,"date":"2025-12-31T07:29:06","date_gmt":"2025-12-31T07:29:06","guid":{"rendered":"https:\/\/www.europesays.com\/lv\/90638\/"},"modified":"2025-12-31T07:29:06","modified_gmt":"2025-12-31T07:29:06","slug":"toms-bricis-prognoze-rekordzemu-temperaturu-jaungada-nakti","status":"publish","type":"post","link":"https:\/\/www.europesays.com\/lv\/90638\/","title":{"rendered":"Toms Bricis prognoz\u0113 rekordzemu temperat\u016bru Jaungada nakt\u012b"},"content":{"rendered":"<p class=\"descr\">Ja Ziemassv\u0113tki reti kur Latvij\u0101 bija skaisti un balti, tad par sniega tr\u016bkmu gadu mij\u0101 nevar\u0113s s\u016bdz\u0113ties neviens, jo, k\u0101 apgalvo Toms Bricis, sniega pietik\u0161ot visiem.<\/p>\n<p>Latvijas telev\u012bzijas &#8220;R\u012bta Panor\u0101m\u0101&#8221; sinopti\u0137is Toms Bricis prognoz\u0113, ka Jaunagada nakts b\u016bs balta vis\u0101 Latvij\u0101 &#8211; da\u017eviet maz\u0101k, da\u017eviet <a href=\"https:\/\/nra.lv\/latvija\/510157-gaidama-balta-gadumija-latvija.htm\" data-item-link=\"true\" data-item-id=\"510157\" rel=\"nofollow noopener\" target=\"_blank\">vair\u0101k sniega<\/a>, ta\u010du b\u016bs pa sniega k\u0101rtai vis\u0101 valsts teritorij\u0101.<\/p>\n<p>Ar\u012b gaisa temperat\u016bra b\u016bs sen nepiedz\u012bvota &#8211; pat l\u012bdz m\u012bnuss 15 gr\u0101diem!<\/p>\n<p>Tom\u0113r par notur\u012bgu \u0161o salu nevarot d\u0113v\u0113t, jo jau 2. janv\u0101r\u012b Latviju p\u0101r\u0146em\u0161ot neliels atkusnis, p\u0113c kura atkal uzsnig\u0161ot. Janv\u0101ra pirmo pusi Bricis raksturo k\u0101 ziem\u012bgu &#8211; ik pa mirklim nedaudz atkus\u012b\u0161ot sniegs, ta\u010d jau atkal uzsnig\u0161ot.<\/p>\n<p>Pilno video noskaties \u0161eit:<\/p>\n<p>\t\t\t\t\t\tinfo<\/p>\n<p>Uzzini pirmais<br \/>kas interesants noticis Latvij\u0101 un pasaul\u0113,<br \/>pievienojoties mums <a href=\"https:\/\/t.me\/neatkariga\" rel=\"nofollow\">Telegram<\/a> vai <a href=\"https:\/\/whatsapp.com\/channel\/0029VaMLFUH5K3zLU5s4wm3y\" rel=\"nofollow noopener\" target=\"_blank\">Whatsapp<\/a> kan\u0101l\u0101<\/p>\n","protected":false},"excerpt":{"rendered":"Ja Ziemassv\u0113tki reti kur Latvij\u0101 bija skaisti un balti, tad par sniega tr\u016bkmu gadu mij\u0101 nevar\u0113s s\u016bdz\u0113ties neviens,&hellip;\n","protected":false},"author":2,"featured_media":90639,"comment_status":"","ping_status":"","sticky":false,"template":"","format":"standard","meta":{"footnotes":""},"categories":[5],"tags":[23,28,29,32,33,22,30,31,35,39,38,36,37,34,40,20,26,27,24,25,21],"class_list":{"0":"post-90638","1":"post","2":"type-post","3":"status-publish","4":"format-standard","5":"has-post-thumbnail","7":"category-aktualitates","8":"tag-aktualitates","9":"tag-breaking-news","10":"tag-breakingnews","11":"tag-featured-news","12":"tag-featurednews","13":"tag-headlines","14":"tag-latest-news","15":"tag-latestnews","16":"tag-latvia","17":"tag-latvian","18":"tag-latviesu","19":"tag-latviesu-valoda","20":"tag-latviesuvaloda","21":"tag-latvija","22":"tag-lv","23":"tag-news","24":"tag-popularakas-zinas","25":"tag-popularakaszinas","26":"tag-top-stories","27":"tag-topstories","28":"tag-zinas"},"share_on_mastodon":{"url":"https:\/\/pubeurope.com\/@lv\/115813008181737267","error":""},"_links":{"self":[{"href":"https:\/\/www.europesays.com\/lv\/wp-json\/wp\/v2\/posts\/90638","targetHints":{"allow":["GET"]}}],"collection":[{"href":"https:\/\/www.europesays.com\/lv\/wp-json\/wp\/v2\/posts"}],"about":[{"href":"https:\/\/www.europesays.com\/lv\/wp-json\/wp\/v2\/types\/post"}],"author":[{"embeddable":true,"href":"https:\/\/www.europesays.com\/lv\/wp-json\/wp\/v2\/users\/2"}],"replies":[{"embeddable":true,"href":"https:\/\/www.europesays.com\/lv\/wp-json\/wp\/v2\/comments?post=90638"}],"version-history":[{"count":0,"href":"https:\/\/www.europesays.com\/lv\/wp-json\/wp\/v2\/posts\/90638\/revisions"}],"wp:featuredmedia":[{"embeddable":true,"href":"https:\/\/www.europesays.com\/lv\/wp-json\/wp\/v2\/media\/90639"}],"wp:attachment":[{"href":"https:\/\/www.europesays.com\/lv\/wp-json\/wp\/v2\/media?parent=90638"}],"wp:term":[{"taxonomy":"category","embeddable":true,"href":"https:\/\/www.europesays.com\/lv\/wp-json\/wp\/v2\/categories?post=90638"},{"taxonomy":"post_tag","embeddable":true,"href":"https:\/\/www.europesays.com\/lv\/wp-json\/wp\/v2\/tags?post=90638"}],"curies":[{"name":"wp","href":"https:\/\/api.w.org\/{rel}","templated":true}]}}