{"id":90644,"date":"2025-12-31T07:35:11","date_gmt":"2025-12-31T07:35:11","guid":{"rendered":"https:\/\/www.europesays.com\/lv\/90644\/"},"modified":"2025-12-31T07:35:11","modified_gmt":"2025-12-31T07:35:11","slug":"ka-vecgada-diena-un-1-janvari-stradas-lielakie-partikas-veikali-un-tirdzniecibas-centri","status":"publish","type":"post","link":"https:\/\/www.europesays.com\/lv\/90644\/","title":{"rendered":"K\u0101 Vecgada dien\u0101 un 1. janv\u0101r\u012b str\u0101d\u0101s liel\u0101kie p\u0101rtikas veikali un tirdzniec\u012bbas centri"},"content":{"rendered":"<p>Liel\u0101kie mazumtirgot\u0101ji un tirdzniec\u012bbas centri Latvij\u0101 Vecgada dien\u0101, 31. decembr\u012b un 1. janv\u0101r\u012b str\u0101d\u0101s sa\u012bsin\u0101tu darba laiku, turkl\u0101t atsevi\u0161\u0137u tirgot\u0101ju veikali 1. janv\u0101r\u012b b\u016bs piln\u012bb\u0101 sl\u0113gti. <\/p>\n<p>K\u0101 str\u0101d\u0101s mazumtirgot\u0101ji<\/p>\n<p>&#8220;Lidl&#8221; veikalos Vecgada dien\u0101, 31. decembr\u012b, b\u016bs sa\u012bsin\u0101ts darba laiks.<\/p>\n<p>&#8220;Lidl&#8221; jau tre\u0161o gadu p\u0113c k\u0101rtas sniegs iesp\u0113ju visai uz\u0146\u0113muma komandai atp\u016bsties un nosvin\u0113t Jaun\u0101 gada atn\u0101k\u0161anu kop\u0101 ar \u0123imeni un tuv\u0101kajiem cilv\u0113kiem, t\u0101d\u0113\u013c visi &#8220;Lidl&#8221; veikali ar\u012b 2026. gada 1. janv\u0101r\u012b b\u016bs sl\u0113gti, past\u0101st\u012bja uz\u0146\u0113mum\u0101.<\/p>\n<p>Mazumtirgot\u0101ja &#8220;Rimi&#8221; veikali Vecgada vakar\u0101 un 1. janv\u0101r\u012b str\u0101d\u0101s sa\u012bsin\u0101tu darba laiku, sac\u012bja uz\u0146\u0113muma p\u0101rst\u0101ve Inga Bite.<\/p>\n<p>\u0160\u0101ds l\u0113mums pie\u0146emts, jo da\u013ca darbinieku nov\u0113rt\u0113 iesp\u0113ju sv\u0113tku laik\u0101 sa\u0146emt augst\u0101ku atalgojumu.<\/p>\n<p>&#8220;Maxima&#8221; veikali sv\u0113tku dien\u0101s str\u0101d\u0101s sa\u012bsin\u0101tu darba laiku. Liel\u0101k\u0101 da\u013ca veikalu 31. decembr\u012b str\u0101d\u0101s no plkst.8 l\u012bdz plkst. 20.<\/p>\n<p>Papildus jau iedibin\u0101tajai trad\u012bcijai sa\u012bsin\u0101t veikalu darba laiku pirmssv\u0113tku dien\u0101s, 2026. gada 1. janv\u0101r\u012b visi &#8220;Maxima&#8221; veikali Latvij\u0101 b\u016bs sl\u0113gti, inform\u0113 mazumtirgot\u0101js.<\/p>\n<p>T\u0101d\u0113\u013c uz\u0146\u0113mums aicina klientus savlaic\u012bgi par\u016bp\u0113ties par nepiecie\u0161amo sv\u0113tku malt\u012bt\u0113m, lai gadumijas laik\u0101 var\u0113tu nesteidz\u012bgi baud\u012bt sv\u0113tkus.<\/p>\n<p>&#8220;Jau ierasti sv\u0113tku un pirmssv\u0113tku dien\u0101s veikalu darba laiks tiek b\u016btiski sa\u012bsin\u0101ts. \u0145emot v\u0113r\u0101 pozit\u012bvo atgriezenisko saiti no kol\u0113\u0123iem pag\u0101ju\u0161aj\u0101 gad\u0101, ar\u012b \u0161ogad esam pie\u0146\u0113mu\u0161i l\u0113mumu sl\u0113gt visus veikalus 1. janv\u0101r\u012b,&#8221; st\u0101sta &#8220;Maxima Latvija&#8221; tirdzniec\u012bbas direktore Arta Timermane.<\/p>\n<p>Atsevi\u0161\u0137i veikali &#8220;top!&#8221; ar\u012b b\u016bs sl\u0113gti 1. janv\u0101r\u012b, bet ne visi, nor\u0101d\u012bja uz\u0146\u0113mum\u0101.<\/p>\n<p>K\u0101 str\u0101d\u0101s tirdzniec\u012bbas centri<\/p>\n<p>Sv\u0113tku dien\u0101s tiks main\u012bts tirdzniec\u012bbas centra &#8220;Origo&#8221; kop\u0113jais darba laiks, bet da\u013ca nomnieku str\u0101d\u0101s p\u0113c individu\u0101li saska\u0146ota grafika. 31. decembr\u012b darbalaiks b\u016bs sa\u012bsin\u0101ts par stundu \u2013 t\/c &#8220;Origo&#8221; b\u016bs atv\u0113rts no plkst.10 l\u012bdz 20; 1. janv\u0101r\u012b, t\/c &#8220;Origo&#8221; b\u016bs da\u013c\u0113ji sl\u0113gts, bet darbosies tikai atsevi\u0161\u0137u kategoriju veikali un pakalpojumu sniedz\u0113ji.<\/p>\n<p>Iepirk\u0161an\u0101s centru &#8220;Akropole Alfa&#8221; un &#8220;Akropole R\u012bga&#8221; veikali un pakalpojumu snieg\u0161anas vietas 31. decembr\u012b str\u0101d\u0101s no plkst.10 l\u012bdz 20; 1. janv\u0101r\u012b iepirk\u0161an\u0101s centri b\u016bs da\u013c\u0113ji sl\u0113gti un darbosies tikai atsevi\u0161\u0137u kategoriju veikali un pakalpojumu snieg\u0161anas vietas.<\/p>\n<p>Tirdzniec\u012bbas centrs &#8220;Riga Plaza&#8221; 31. decembr\u012b tas str\u0101d\u0101s no plkst.10 l\u012bdz 19. 1. janv\u0101r\u012b tirdzniec\u012bbas centrs b\u016bs sl\u0113gts.<\/p>\n<p>Tirdzniec\u012bbas centra &#8220;Stockmann&#8221; kosm\u0113tikas, modes un m\u0101jas noda\u013cas 31. decembr\u012b str\u0101d\u0101s no plkst.10 l\u012bdz 20, bet &#8220;Delikatess&#8221; noda\u013ca darbosies no plkst.9 l\u012bdz 20. 1. janv\u0101r\u012b veikals b\u016bs sl\u0113gts.<\/p>\n<p>Iepirk\u0161an\u0101s centrs &#8220;Olimpia&#8221; 31. decembr\u012b str\u0101d\u0101s no plkst.10 l\u012bdz 18, savuk\u0101rt 1. janv\u0101r\u012b iepirk\u0161an\u0101s centrs b\u016bs sl\u0113gts.<\/p>\n<p>Modes un dz\u012bvesstila tirdzniec\u012bbas centrs &#8220;Spice&#8221; 31. decembr\u012b str\u0101d\u0101s no plkst.10 l\u012bdz 18, bet 1. janv\u0101r\u012b b\u016bs sl\u0113gts.<\/p>\n<p>S\u012bk\u0101ku inform\u0101ciju par veikalu darba laikiem uz\u0146\u0113mumu p\u0101rst\u0101vji iesaka mekl\u0113t to m\u0101jaslap\u0101.<\/p>\n<p class=\"m-0\">Seko &#8220;Delfi&#8221; ar\u012b  <a target=\"_blank\" href=\"https:\/\/www.instagram.com\/delfi.lv\/\" rel=\"nofollow noopener\">Instagram<\/a>  un <a target=\"_blank\" href=\"https:\/\/www.youtube.com\/channel\/UCw5foWtcJvAbUm64rv7jwUQ\" rel=\"nofollow noopener\">YouTube<\/a>  profil\u0101 \u2013 pievienojies, lai uzzin\u0101tu svar\u012bg\u0101ko un interesant\u0101ko pirmais!<\/p>\n<p>Publik\u0101cijas saturs vai t\u0101s jebk\u0101da apjoma da\u013ca ir aizsarg\u0101ts autorties\u012bbu objekts Autorties\u012bbu likuma izpratn\u0113, un t\u0101 izmanto\u0161ana bez izdev\u0113ja at\u013caujas ir aizliegta. Vair\u0101k lasi  <a target=\"_blank\" href=\"https:\/\/www.delfi.lv\/noteikumi#autortiesibas\" rel=\"nofollow noopener\">\u0161eit<\/a><script async src=\"\/\/www.instagram.com\/embed.js\"><\/script><\/p>\n","protected":false},"excerpt":{"rendered":"Liel\u0101kie mazumtirgot\u0101ji un tirdzniec\u012bbas centri Latvij\u0101 Vecgada dien\u0101, 31. decembr\u012b un 1. janv\u0101r\u012b str\u0101d\u0101s sa\u012bsin\u0101tu darba laiku, turkl\u0101t&hellip;\n","protected":false},"author":2,"featured_media":90645,"comment_status":"","ping_status":"","sticky":false,"template":"","format":"standard","meta":{"footnotes":""},"categories":[5],"tags":[23,28,29,32,33,22,30,31,35,39,38,36,37,34,40,20,26,27,24,25,21],"class_list":{"0":"post-90644","1":"post","2":"type-post","3":"status-publish","4":"format-standard","5":"has-post-thumbnail","7":"category-aktualitates","8":"tag-aktualitates","9":"tag-breaking-news","10":"tag-breakingnews","11":"tag-featured-news","12":"tag-featurednews","13":"tag-headlines","14":"tag-latest-news","15":"tag-latestnews","16":"tag-latvia","17":"tag-latvian","18":"tag-latviesu","19":"tag-latviesu-valoda","20":"tag-latviesuvaloda","21":"tag-latvija","22":"tag-lv","23":"tag-news","24":"tag-popularakas-zinas","25":"tag-popularakaszinas","26":"tag-top-stories","27":"tag-topstories","28":"tag-zinas"},"share_on_mastodon":{"url":"https:\/\/pubeurope.com\/@lv\/115813031795855227","error":""},"_links":{"self":[{"href":"https:\/\/www.europesays.com\/lv\/wp-json\/wp\/v2\/posts\/90644","targetHints":{"allow":["GET"]}}],"collection":[{"href":"https:\/\/www.europesays.com\/lv\/wp-json\/wp\/v2\/posts"}],"about":[{"href":"https:\/\/www.europesays.com\/lv\/wp-json\/wp\/v2\/types\/post"}],"author":[{"embeddable":true,"href":"https:\/\/www.europesays.com\/lv\/wp-json\/wp\/v2\/users\/2"}],"replies":[{"embeddable":true,"href":"https:\/\/www.europesays.com\/lv\/wp-json\/wp\/v2\/comments?post=90644"}],"version-history":[{"count":0,"href":"https:\/\/www.europesays.com\/lv\/wp-json\/wp\/v2\/posts\/90644\/revisions"}],"wp:featuredmedia":[{"embeddable":true,"href":"https:\/\/www.europesays.com\/lv\/wp-json\/wp\/v2\/media\/90645"}],"wp:attachment":[{"href":"https:\/\/www.europesays.com\/lv\/wp-json\/wp\/v2\/media?parent=90644"}],"wp:term":[{"taxonomy":"category","embeddable":true,"href":"https:\/\/www.europesays.com\/lv\/wp-json\/wp\/v2\/categories?post=90644"},{"taxonomy":"post_tag","embeddable":true,"href":"https:\/\/www.europesays.com\/lv\/wp-json\/wp\/v2\/tags?post=90644"}],"curies":[{"name":"wp","href":"https:\/\/api.w.org\/{rel}","templated":true}]}}