{"id":90654,"date":"2025-12-31T07:43:07","date_gmt":"2025-12-31T07:43:07","guid":{"rendered":"https:\/\/www.europesays.com\/lv\/90654\/"},"modified":"2025-12-31T07:43:07","modified_gmt":"2025-12-31T07:43:07","slug":"tas-iespejams-ari-izskira-speli-danijas-kapteinis-skaidro-zaudejumu-latvijai","status":"publish","type":"post","link":"https:\/\/www.europesays.com\/lv\/90654\/","title":{"rendered":"&#8220;Tas, iesp\u0113jams, ar\u012b iz\u0161\u0137\u012bra sp\u0113li&#8221; &#8211; D\u0101nijas kapteinis skaidro zaud\u0113jumu Latvijai"},"content":{"rendered":"<p>                                <img decoding=\"async\" src=\"https:\/\/www.europesays.com\/lv\/wp-content\/uploads\/2025\/12\/antons-linde-sportazinas-com-750x450.jpeg\"   alt=\"Antons Linde\" class=\"post-featured-image\"\/><\/p>\n<p>Antons Linde | Foto: Tim Austen\/IIHF<\/p>\n<p><a href=\"https:\/\/www.sportazinas.com\/atsl%C4%93gv%C4%81rdi\/danijas-u20-hokeja-izlase\/\" rel=\"nofollow noopener\" target=\"_blank\">D\u0101nijas U20 hokeja izlases<\/a> kapteinis Antons Linde p\u0113c piedz\u012bvot\u0101 zaud\u0113juma pret Latviju<a href=\"https:\/\/www.iihf.com\/en\/events\/2026\/wm20\/gamecenter\/recap\/68813\/16-lat-vs-den\" rel=\"nofollow noopener\" target=\"_blank\"> dal\u012bjies iespaidos par sp\u0113li<\/a>.<\/p>\n<p>Jau v\u0113st\u012bts, ka Latvijas U20 valstsvien\u012bba aizvad\u012btaj\u0101 nakt\u012b pasaules junioru \u010dempion\u0101ta grupas tre\u0161aj\u0101 sp\u0113l\u0113 ar 6:3 pieveica D\u0101niju un garant\u0113ja vietu ceturtda\u013cfin\u0101l\u0101. Tikm\u0113r D\u0101nijai, kas grupu turn\u012bru nosl\u0113dza bez uzvar\u0101m, turpin\u0101jum\u0101 n\u0101ksies c\u012bn\u012bties par vietas saglab\u0101\u0161anu elit\u0113.<\/p>\n<p>\u201cT\u0101 bija gr\u016bta sp\u0113le,\u201d sarun\u0101 ar IIHF preses dienestu teica Linde. \u201cM\u0113s abas esam smagi str\u0101d\u0101jo\u0161as komandas, bet vi\u0146i izmantoja savas iesp\u0113jas, kam\u0113r m\u0113s ne.\u201d<\/p>\n<p>\u201cPirmais periods bija \u013coti labs \u2013 ab\u0101m komand\u0101m bija momenti un latvie\u0161i bija vad\u012bb\u0101 tikai ar 1:0. Ta\u010du otraj\u0101 period\u0101 vi\u0146i izn\u0101ca laukum\u0101 ar lielu \u0101trumu un jaudu, un da\u017eos br\u012b\u017eos m\u0113s vienk\u0101r\u0161i st\u0101v\u0113j\u0101m. Tas, iesp\u0113jams, ar\u012b iz\u0161\u0137\u012bra sp\u0113li,\u201d atzina d\u0101\u0146u uzbruc\u0113js.<\/p>\n","protected":false},"excerpt":{"rendered":"Antons Linde | Foto: Tim Austen\/IIHF D\u0101nijas U20 hokeja izlases kapteinis Antons Linde p\u0113c piedz\u012bvot\u0101 zaud\u0113juma pret Latviju&hellip;\n","protected":false},"author":2,"featured_media":90655,"comment_status":"","ping_status":"","sticky":false,"template":"","format":"standard","meta":{"footnotes":""},"categories":[17],"tags":[35,39,38,36,37,34,40,67],"class_list":{"0":"post-90654","1":"post","2":"type-post","3":"status-publish","4":"format-standard","5":"has-post-thumbnail","7":"category-sports","8":"tag-latvia","9":"tag-latvian","10":"tag-latviesu","11":"tag-latviesu-valoda","12":"tag-latviesuvaloda","13":"tag-latvija","14":"tag-lv","15":"tag-sports"},"share_on_mastodon":{"url":"https:\/\/pubeurope.com\/@lv\/115813063257371598","error":""},"_links":{"self":[{"href":"https:\/\/www.europesays.com\/lv\/wp-json\/wp\/v2\/posts\/90654","targetHints":{"allow":["GET"]}}],"collection":[{"href":"https:\/\/www.europesays.com\/lv\/wp-json\/wp\/v2\/posts"}],"about":[{"href":"https:\/\/www.europesays.com\/lv\/wp-json\/wp\/v2\/types\/post"}],"author":[{"embeddable":true,"href":"https:\/\/www.europesays.com\/lv\/wp-json\/wp\/v2\/users\/2"}],"replies":[{"embeddable":true,"href":"https:\/\/www.europesays.com\/lv\/wp-json\/wp\/v2\/comments?post=90654"}],"version-history":[{"count":0,"href":"https:\/\/www.europesays.com\/lv\/wp-json\/wp\/v2\/posts\/90654\/revisions"}],"wp:featuredmedia":[{"embeddable":true,"href":"https:\/\/www.europesays.com\/lv\/wp-json\/wp\/v2\/media\/90655"}],"wp:attachment":[{"href":"https:\/\/www.europesays.com\/lv\/wp-json\/wp\/v2\/media?parent=90654"}],"wp:term":[{"taxonomy":"category","embeddable":true,"href":"https:\/\/www.europesays.com\/lv\/wp-json\/wp\/v2\/categories?post=90654"},{"taxonomy":"post_tag","embeddable":true,"href":"https:\/\/www.europesays.com\/lv\/wp-json\/wp\/v2\/tags?post=90654"}],"curies":[{"name":"wp","href":"https:\/\/api.w.org\/{rel}","templated":true}]}}