{"id":90662,"date":"2025-12-31T07:53:12","date_gmt":"2025-12-31T07:53:12","guid":{"rendered":"https:\/\/www.europesays.com\/lv\/90662\/"},"modified":"2025-12-31T07:53:12","modified_gmt":"2025-12-31T07:53:12","slug":"putins-neapstasies-lidz-bijusais-asv-pulkvedis-atklaj-ka-tramps-var-panakt-mieru-ukraina","status":"publish","type":"post","link":"https:\/\/www.europesays.com\/lv\/90662\/","title":{"rendered":"\u201cPutins neapst\u0101sies, l\u012bdz\u2026\u201d Biju\u0161ais ASV pulkvedis atkl\u0101j, k\u0101 Tramps var pan\u0101kt mieru Ukrain\u0101"},"content":{"rendered":"<p>    <img decoding=\"async\" src=\"https:\/\/www.europesays.com\/lv\/wp-content\/uploads\/2025\/12\/afp_aa6ok-1024x681.jpg\" alt=\"&#10;Donalds Tramps&#10;\"\/><\/p>\n<p>Donalds Tramps<\/p>\n<p>Foto. Scanpix\/LETA\/AFP PHOTO \/ TIMOTHY A. CLARY\n<\/p>\n<p>21:52, 30. decembris 2025<\/p>\n<p>Pension\u0113ts ASV pulkvedis uzsver, ka Trampam ir ietekmes sviras, kas var virz\u012bt mieru Ukrain\u0101. Tik\u0161an\u0101s starp ASV prezidentu Donaldu Trampu un Ukrainas prezidentu Volodimiru Zelenski, kas notika sv\u0113tdien, 28. decembr\u012b, neizrais\u012bja ne sensacion\u0101lus pazi\u0146ojumus, ne ska\u013cas deklar\u0101cijas, ne miera l\u012bguma parakst\u012b\u0161anu. Turkl\u0101t amerik\u0101\u0146u l\u012bderis p\u0113c tik\u0161an\u0101s run\u0101ja pietic\u012bg\u0101 ton\u012b un ar\u012b pazi\u0146oja par \u013coti labu telefonsarunu ar Krievijas diktatoru Vladimiru Putinu.<\/p>\n<p>        Las\u012bt\u0101kie<br \/>\n        <a data-imagesrc=\"{&quot;300&quot;:&quot;https:\\\/\\\/lastatic.ams3.cdn.digitaloceanspaces.com\\\/2025\\\/03\\\/pexels-rakicevic-nenad-233369-769525-300x249.jpg&quot;,&quot;1024&quot;:&quot;https:\\\/\\\/lastatic.ams3.cdn.digitaloceanspaces.com\\\/2025\\\/03\\\/pexels-rakicevic-nenad-233369-769525-1024x851.jpg&quot;,&quot;768&quot;:&quot;https:\\\/\\\/lastatic.ams3.cdn.digitaloceanspaces.com\\\/2025\\\/03\\\/pexels-rakicevic-nenad-233369-769525-768x638.jpg&quot;,&quot;1536&quot;:&quot;https:\\\/\\\/lastatic.ams3.cdn.digitaloceanspaces.com\\\/2025\\\/03\\\/pexels-rakicevic-nenad-233369-769525-1536x1276.jpg&quot;,&quot;2048&quot;:&quot;https:\\\/\\\/lastatic.ams3.cdn.digitaloceanspaces.com\\\/2025\\\/03\\\/pexels-rakicevic-nenad-233369-769525-2048x1701.jpg&quot;,&quot;200&quot;:&quot;https:\\\/\\\/lastatic.ams3.cdn.digitaloceanspaces.com\\\/2025\\\/03\\\/pexels-rakicevic-nenad-233369-769525-200x166.jpg&quot;,&quot;400&quot;:&quot;https:\\\/\\\/lastatic.ams3.cdn.digitaloceanspaces.com\\\/2025\\\/03\\\/pexels-rakicevic-nenad-233369-769525-400x332.jpg&quot;,&quot;500&quot;:&quot;https:\\\/\\\/lastatic.ams3.cdn.digitaloceanspaces.com\\\/2025\\\/03\\\/pexels-rakicevic-nenad-233369-769525-500x415.jpg&quot;,&quot;800&quot;:&quot;https:\\\/\\\/lastatic.ams3.cdn.digitaloceanspaces.com\\\/2025\\\/03\\\/pexels-rakicevic-nenad-233369-769525-800x665.jpg&quot;,&quot;1000&quot;:&quot;https:\\\/\\\/lastatic.ams3.cdn.digitaloceanspaces.com\\\/2025\\\/03\\\/pexels-rakicevic-nenad-233369-769525-1000x831.jpg&quot;,&quot;2560&quot;:&quot;https:\\\/\\\/lastatic.ams3.cdn.digitaloceanspaces.com\\\/2025\\\/03\\\/pexels-rakicevic-nenad-233369-769525-scaled.jpg&quot;}\" data-focuspoint=\"&quot;&quot;\" data-p=\"2470324\" href=\"https:\/\/www.la.lv\/ko-vilkt-jaungada-nakti-astrologi-sniedz-precizas-norades-katrai-zodiaka-zimei\" class=\"content-item lazy-load\" wp_automatic_readability=\"26\" rel=\"nofollow noopener\" target=\"_blank\"><\/p>\n<p>                                <img decoding=\"async\" src=\"\" alt=\"\" style=\"\" data-imageid=\"\"\/><\/p>\n<p>                                Kokteilis<\/p>\n<p>\n                                                Ko vilkt Jaungada nakt\u012b? Astrologi sniedz prec\u012bzas nor\u0101des katrai zodiaka z\u012bmei\n                            <\/p>\n<p><\/a><a data-imagesrc=\"{&quot;300&quot;:&quot;https:\\\/\\\/lastatic.ams3.cdn.digitaloceanspaces.com\\\/2017\\\/12\\\/jaunais-300x200.jpg&quot;,&quot;768&quot;:&quot;https:\\\/\\\/lastatic.ams3.cdn.digitaloceanspaces.com\\\/2017\\\/12\\\/jaunais-768x512.jpg&quot;,&quot;80&quot;:&quot;https:\\\/\\\/lastatic.ams3.cdn.digitaloceanspaces.com\\\/2017\\\/12\\\/jaunais-80x48.jpg&quot;,&quot;112&quot;:&quot;https:\\\/\\\/lastatic.ams3.cdn.digitaloceanspaces.com\\\/2017\\\/12\\\/jaunais-112x64.jpg&quot;,&quot;664&quot;:&quot;https:\\\/\\\/lastatic.ams3.cdn.digitaloceanspaces.com\\\/2017\\\/12\\\/jaunais-664x443.jpg&quot;,&quot;240&quot;:&quot;https:\\\/\\\/lastatic.ams3.cdn.digitaloceanspaces.com\\\/2017\\\/12\\\/jaunais-240x160.jpg&quot;,&quot;263&quot;:&quot;https:\\\/\\\/lastatic.ams3.cdn.digitaloceanspaces.com\\\/2017\\\/12\\\/jaunais-263x175.jpg&quot;,&quot;507&quot;:&quot;https:\\\/\\\/lastatic.ams3.cdn.digitaloceanspaces.com\\\/2017\\\/12\\\/jaunais-507x338.jpg&quot;,&quot;118&quot;:&quot;https:\\\/\\\/lastatic.ams3.cdn.digitaloceanspaces.com\\\/2017\\\/12\\\/jaunais-118x70.jpg&quot;,&quot;348&quot;:&quot;https:\\\/\\\/lastatic.ams3.cdn.digitaloceanspaces.com\\\/2017\\\/12\\\/jaunais-348x225.jpg&quot;,&quot;640&quot;:&quot;https:\\\/\\\/lastatic.ams3.cdn.digitaloceanspaces.com\\\/2017\\\/12\\\/jaunais-640x640.jpg&quot;,&quot;90&quot;:&quot;https:\\\/\\\/lastatic.ams3.cdn.digitaloceanspaces.com\\\/2017\\\/12\\\/jaunais-90x58.jpg&quot;,&quot;960&quot;:&quot;https:\\\/\\\/lastatic.ams3.cdn.digitaloceanspaces.com\\\/2017\\\/12\\\/jaunais.jpg&quot;}\" data-focuspoint=\"&quot;&quot;\" data-p=\"2477013\" href=\"https:\/\/www.la.lv\/ko-vilkt-mugura-sagaidot-uguniga-zirga-gadu-padomi-katrai-zodiaka-zimei-lai-piesaistitu-veiksmi-un-harmoniju\" class=\"content-item lazy-load\" wp_automatic_readability=\"27.5\" rel=\"nofollow noopener\" target=\"_blank\"><\/p>\n<p>                                <img decoding=\"async\" src=\"\" alt=\"\" style=\"\" data-imageid=\"\"\/><\/p>\n<p>                                Kokteilis<\/p>\n<p>\n                                                Ko vilkt mugur\u0101, sagaidot Ugun\u012bg\u0101 Zirga gadu? Padomi katrai zodiaka z\u012bmei, lai piesaist\u012btu veiksmi un harmoniju\n                            <\/p>\n<p><\/a><a data-imagesrc=\"{&quot;300&quot;:&quot;https:\\\/\\\/lastatic.ams3.cdn.digitaloceanspaces.com\\\/2022\\\/10\\\/kaimins_seta-300x193.jpg&quot;,&quot;1024&quot;:&quot;https:\\\/\\\/lastatic.ams3.cdn.digitaloceanspaces.com\\\/2022\\\/10\\\/kaimins_seta-1024x660.jpg&quot;,&quot;768&quot;:&quot;https:\\\/\\\/lastatic.ams3.cdn.digitaloceanspaces.com\\\/2022\\\/10\\\/kaimins_seta-768x495.jpg&quot;,&quot;200&quot;:&quot;https:\\\/\\\/lastatic.ams3.cdn.digitaloceanspaces.com\\\/2022\\\/10\\\/kaimins_seta-200x129.jpg&quot;,&quot;400&quot;:&quot;https:\\\/\\\/lastatic.ams3.cdn.digitaloceanspaces.com\\\/2022\\\/10\\\/kaimins_seta-400x258.jpg&quot;,&quot;500&quot;:&quot;https:\\\/\\\/lastatic.ams3.cdn.digitaloceanspaces.com\\\/2022\\\/10\\\/kaimins_seta-500x322.jpg&quot;,&quot;800&quot;:&quot;https:\\\/\\\/lastatic.ams3.cdn.digitaloceanspaces.com\\\/2022\\\/10\\\/kaimins_seta-800x516.jpg&quot;,&quot;1000&quot;:&quot;https:\\\/\\\/lastatic.ams3.cdn.digitaloceanspaces.com\\\/2022\\\/10\\\/kaimins_seta-1000x645.jpg&quot;,&quot;1444&quot;:&quot;https:\\\/\\\/lastatic.ams3.cdn.digitaloceanspaces.com\\\/2022\\\/10\\\/kaimins_seta.jpg&quot;}\" data-focuspoint=\"&quot;&quot;\" data-p=\"2291359\" href=\"https:\/\/www.la.lv\/10-zelta-frazes-kuras-verts-atcereties-tas-laus-izbeigt-teju-katru-stridu\" class=\"content-item lazy-load\" wp_automatic_readability=\"26.5\" rel=\"nofollow noopener\" target=\"_blank\"><\/p>\n<p>                                <img decoding=\"async\" src=\"\" alt=\"\" style=\"\" data-imageid=\"\"\/><\/p>\n<p>                                Kokteilis<\/p>\n<p>\n                                                10 zelta fr\u0101zes, kuras v\u0113rts atcer\u0113ties \u2013 t\u0101s \u013caus izbeigt teju katru str\u012bdu\n                            <\/p>\n<p><\/a><br \/>\n        <a class=\"read-more\" href=\"https:\/\/www.la.lv\/top\" rel=\"nofollow noopener\" target=\"_blank\">Las\u012bt citas zi\u0146as<\/a><\/p>\n<p>Biju\u0161ais ASV pulkvedis Roberts Maginniss \u201cFox News\u201d materi\u0101l\u0101 raksta, ka Zelenska tik\u0161an\u0101s ar Trampu nebija velt\u012bga. Tom\u0113r vi\u0146\u0161 uzskata, ka Va\u0161ingtonai j\u0101p\u0101rtrauc akli tic\u0113t Putina pazi\u0146ojumiem, lai pan\u0101ktu ilgsto\u0161u mieru Ukrain\u0101, zi\u0146o \u201cUnian\u201d.<\/p>\n<p>Zelenska un Trampa tik\u0161an\u0101s m\u0113r\u0137is<\/p>\n<p>Maginniss nor\u0101da, ka Trampa un Zelenska sarunu m\u0113r\u0137is nebija pan\u0101kt mieru, bet nov\u0113rst plaisas miera pl\u0101n\u0101, pirms ASV prezidents s\u0101ks sarunas ar Krem\u013ca vad\u012bt\u0101ju. Vi\u0146\u0161 uzsver, ka visjut\u012bg\u0101kie jaut\u0101jumi \u2014 teritorijas un Zapori\u017ejas AES \u2014 joproj\u0101m ir \u0161\u0137\u0113rslis mieram, ko Kijivai un Maskavai b\u016bs j\u0101nov\u0113r\u0161. Autors uzskata, ka diplom\u0101tija ir ieviesusi nopietn\u0101ku f\u0101zi: Ukraina un Krievija turpina ciest milz\u012bgus zaud\u0113jumus, Eiropa piedz\u012bvo ekonomisku spiedienu, bet ASV saskaras ar glob\u0101lu nestabilit\u0101ti.<\/p>\n<p>    CITI \u0160OBR\u012aD LASA<\/p>\n<p>\u201cGalvenais jaut\u0101jums sv\u0113tdienas tik\u0161an\u0101s laik\u0101 nav, vai past\u0101v vieno\u0161an\u0101s pamats \u2014 tas past\u0101v \u2014 bet vai tas balst\u0101s uz nepareizu pie\u0146\u0113mumu, kas joproj\u0101m domin\u0113 Rietumu dom\u0101s: ka Vladimirs Putins ir racion\u0101ls sp\u0113l\u0113t\u0101js, kuru var apmierin\u0101t ar da\u013c\u0113jiem kompromisiem. Fakti liecina par pret\u0113jo,\u201d uzsv\u0113ra Maginniss.<\/p>\n<p>Putins nav gatavs mieram<\/p>\n<p>Biju\u0161ais pulkvedis atg\u0101dina, ka kop\u0161 pilna m\u0113roga iebrukuma Ukrain\u0101 s\u0101kuma Putins uz kompromisiem rea\u0123\u0113jis ar eskal\u0101ciju, bet uz sarun\u0101m \u2014 ar milz\u012bgiem uzbrukumiem Ukrainai. Lai gan miera centieni \u0161oned\u0113\u013c ir pa\u0101trin\u0101ju\u0161ies, Krievija turpin\u0101ja uzbrukumus. Maginniss uzskata, ka Krievijas uzbrukumi nav tikai sign\u0101li Ukrainai, bet ar\u012b Rietumiem, demonstr\u0113jot, ka Putins vai nu turpin\u0101s karu, vai v\u0113las ieg\u016bt izdev\u012bg\u0101ku poz\u012bciju n\u0101kotnes sarun\u0101s.<\/p>\n<p>\u201cSecin\u0101jums ir skaidrs: Putins neapst\u0101sies, l\u012bdz vi\u0146u nepiespied\u012bs apst\u0101ties \u2014 vai l\u012bdz vi\u0146am netiks dota visa piepras\u012bt\u0101,\u201d uzsv\u0113ra Maginniss.<\/p>\n<p>Ko var dar\u012bt Tramps<\/p>\n<p>Maginniss uzskata, ka Trampam ir ietekmes sviras, kas var tuvin\u0101t mieram Ukrain\u0101. Vi\u0146\u0161 nor\u0101da, ka ASV var pastiprin\u0101t sankcijas pret Krieviju, at\u0146emot tai liel\u0101ko da\u013cu ie\u0146\u0113mumu un iesp\u0113ju apiet ierobe\u017eojumus.<\/p>\n<p>Turkl\u0101t milit\u0101r\u0101s pal\u012bdz\u012bbas turpin\u0101\u0161ana Ukrainai stiprin\u0101s t\u0101s armiju un palielin\u0101s spiedienu uz krieviem, k\u0101 ar\u012b iev\u0113rojami apgr\u016btin\u0101s Krievijas jaunos uzbrukumus. \u201cUn vi\u0146\u0161 (Tramps) var pied\u0101v\u0101t nosac\u012btu izl\u012bgumu \u2014 ekonomisko pal\u012bdz\u012bbu vai diplom\u0101tisko attiec\u012bbu atjauno\u0161anu \u2014 tikai p\u0113c vieno\u0161an\u0101s izpildes apstiprin\u0101\u0161anas,\u201d piebilda pension\u0113tais pulkvedis.<\/p>\n<p>Maginniss skaidroja, ka m\u0113r\u0137is nav p\u0101rliecin\u0101t Putinu par Rietumu labv\u0113l\u012bbu, bet main\u012bt vi\u0146a apr\u0113\u0137inu par kara turpin\u0101\u0161anas izmaks\u0101m.<\/p>\n<p>Vi\u0146\u0161 uzskata, ka miers joproj\u0101m ir iesp\u0113jams, ta\u010du, lai to pan\u0101ktu, ASV j\u0101atsak\u0101s no il\u016bzij\u0101m, ka Putins kompromit\u0113s Ukrain\u0101.<\/p>\n<p>Tik\u0161an\u0101s bija ar\u012b izdev\u012bga Putinam<\/p>\n<p>\u201cCNN\u201d zi\u0146oja, ka Zelenska un Trampa tik\u0161an\u0101s 28. decembr\u012b norit\u0113ja labi, tom\u0113r Trampa retorika r\u0101da, ka vi\u0146a galven\u0101 poz\u012bcija sarun\u0101s joproj\u0101m ir spiediena uz Kijivu saglab\u0101\u0161ana un Maskavas nomierin\u0101\u0161ana.<\/p>\n<p>V\u0113l jo vair\u0101k, Tramps apgalvo, ka Ukraina esot zaud\u0113jusi kaujas lauk\u0101, t\u0101d\u0113\u013c tai vajadz\u0113tu nosl\u0113gt miera l\u012bgumu p\u0113c iesp\u0113jas \u0101tr\u0101k, kas arvien vair\u0101k atg\u0101dina Maskavas retoriku.<\/p>\n<p>T\u0113mas<\/p>\n<p>    SAIST\u012aTIE RAKSTI<\/p>\n","protected":false},"excerpt":{"rendered":"Donalds Tramps Foto. Scanpix\/LETA\/AFP PHOTO \/ TIMOTHY A. CLARY 21:52, 30. decembris 2025 Pension\u0113ts ASV pulkvedis uzsver, ka&hellip;\n","protected":false},"author":2,"featured_media":66455,"comment_status":"","ping_status":"","sticky":false,"template":"","format":"standard","meta":{"footnotes":""},"categories":[5],"tags":[23,28,29,32,33,22,30,31,35,39,38,36,37,34,40,20,26,27,24,25,21],"class_list":{"0":"post-90662","1":"post","2":"type-post","3":"status-publish","4":"format-standard","5":"has-post-thumbnail","7":"category-aktualitates","8":"tag-aktualitates","9":"tag-breaking-news","10":"tag-breakingnews","11":"tag-featured-news","12":"tag-featurednews","13":"tag-headlines","14":"tag-latest-news","15":"tag-latestnews","16":"tag-latvia","17":"tag-latvian","18":"tag-latviesu","19":"tag-latviesu-valoda","20":"tag-latviesuvaloda","21":"tag-latvija","22":"tag-lv","23":"tag-news","24":"tag-popularakas-zinas","25":"tag-popularakaszinas","26":"tag-top-stories","27":"tag-topstories","28":"tag-zinas"},"share_on_mastodon":{"url":"https:\/\/pubeurope.com\/@lv\/115813102588108500","error":""},"_links":{"self":[{"href":"https:\/\/www.europesays.com\/lv\/wp-json\/wp\/v2\/posts\/90662","targetHints":{"allow":["GET"]}}],"collection":[{"href":"https:\/\/www.europesays.com\/lv\/wp-json\/wp\/v2\/posts"}],"about":[{"href":"https:\/\/www.europesays.com\/lv\/wp-json\/wp\/v2\/types\/post"}],"author":[{"embeddable":true,"href":"https:\/\/www.europesays.com\/lv\/wp-json\/wp\/v2\/users\/2"}],"replies":[{"embeddable":true,"href":"https:\/\/www.europesays.com\/lv\/wp-json\/wp\/v2\/comments?post=90662"}],"version-history":[{"count":0,"href":"https:\/\/www.europesays.com\/lv\/wp-json\/wp\/v2\/posts\/90662\/revisions"}],"wp:featuredmedia":[{"embeddable":true,"href":"https:\/\/www.europesays.com\/lv\/wp-json\/wp\/v2\/media\/66455"}],"wp:attachment":[{"href":"https:\/\/www.europesays.com\/lv\/wp-json\/wp\/v2\/media?parent=90662"}],"wp:term":[{"taxonomy":"category","embeddable":true,"href":"https:\/\/www.europesays.com\/lv\/wp-json\/wp\/v2\/categories?post=90662"},{"taxonomy":"post_tag","embeddable":true,"href":"https:\/\/www.europesays.com\/lv\/wp-json\/wp\/v2\/tags?post=90662"}],"curies":[{"name":"wp","href":"https:\/\/api.w.org\/{rel}","templated":true}]}}