{"id":90678,"date":"2025-12-31T08:09:07","date_gmt":"2025-12-31T08:09:07","guid":{"rendered":"https:\/\/www.europesays.com\/lv\/90678\/"},"modified":"2025-12-31T08:09:07","modified_gmt":"2025-12-31T08:09:07","slug":"pie-macupikcu-notikusi-vilcienu-sadursme","status":"publish","type":"post","link":"https:\/\/www.europesays.com\/lv\/90678\/","title":{"rendered":"Pie Ma\u010dupik\u010du notikusi vilcienu sadursme"},"content":{"rendered":"<p>Boj\u0101g\u0101ju\u0161ais bija viena sadursm\u0113 iesaist\u012bt\u0101 vilciena konduktors, zi\u0146oja prokurat\u016bra Kusko, kas ir tuv\u0101k\u0101 pils\u0113ta slavenajai inku citadelei.<\/p>\n<p>Amatpersonas pazi\u0146oja, ka cen\u0161as identific\u0113t ievainotos pasa\u017eierus, no kuriem daudzi ir \u0101rzemju t\u016bristi un liel\u0101k\u0101 da\u013ca ir nopietni ievainoti.<\/p>\n<p>Vilcieni sad\u016br\u0101s, braucot pret\u012b viens otram. Av\u0101rijas c\u0113lonis v\u0113l nav zin\u0101ms.<\/p>\n<p>Dzelzce\u013ca a\u0123ent\u016bra &#8220;Ferrocarril Transandino&#8221; inform\u0113ja, ka uz\u0146\u0113muma &#8220;PeruRail&#8221; vilciens sad\u016br\u0101s ar komp\u0101nijai &#8220;Inca Rail&#8221; piedero\u0161u vilcienu uz slie\u017eu ce\u013ca, kas savieno Oljantaitambo pils\u0113tu ar Ma\u010dupik\u010du.<\/p>\n<p>Ma\u010dupik\u010du citadele ir UNESCO Pasaules mantojuma objekts no 1983. gada. To apmekl\u0113 vid\u0113ji 4500 cilv\u0113ku dien\u0101, no kuriem daudzi ir \u0101rzemnieki, liecina <a href=\"https:\/\/www.tvnet.lv\/term\/374154\/peru\" class=\"topicLink\" target=\"_blank\" rel=\"nofollow noopener\">Peru<\/a> T\u016brisma ministrijas dati.<\/p>\n<p>Liel\u0101k\u0101 da\u013ca t\u016bristu izmanto vilcienu un autobusu, lai sasniegtu v\u0113sturisko cietoksni augstu Andu kalnos.<\/p>\n<p>Ma\u010dupik\u010du tika uzcelta 15. gadsimt\u0101 aptuveni 2500 metru augstum\u0101 p\u0113c inku valdnieka Pa\u010dakuteka r\u012bkojuma. T\u0101 tiek uzskat\u012bta par arhitekt\u016bras un in\u017eenierijas br\u012bnumu.<\/p>\n","protected":false},"excerpt":{"rendered":"Boj\u0101g\u0101ju\u0161ais bija viena sadursm\u0113 iesaist\u012bt\u0101 vilciena konduktors, zi\u0146oja prokurat\u016bra Kusko, kas ir tuv\u0101k\u0101 pils\u0113ta slavenajai inku citadelei. Amatpersonas&hellip;\n","protected":false},"author":2,"featured_media":90679,"comment_status":"","ping_status":"","sticky":false,"template":"","format":"standard","meta":{"footnotes":""},"categories":[14],"tags":[23,57,2849,28,29,32,33,22,30,31,35,39,38,36,37,34,40,20,8578,26,27,24,25,54,55,56,21,58],"class_list":{"0":"post-90678","1":"post","2":"type-post","3":"status-publish","4":"format-standard","5":"has-post-thumbnail","7":"category-zinas-no-arvalstim","8":"tag-aktualitates","9":"tag-arvalstim","10":"tag-avarija","11":"tag-breaking-news","12":"tag-breakingnews","13":"tag-featured-news","14":"tag-featurednews","15":"tag-headlines","16":"tag-latest-news","17":"tag-latestnews","18":"tag-latvia","19":"tag-latvian","20":"tag-latviesu","21":"tag-latviesu-valoda","22":"tag-latviesuvaloda","23":"tag-latvija","24":"tag-lv","25":"tag-news","26":"tag-peru","27":"tag-popularakas-zinas","28":"tag-popularakaszinas","29":"tag-top-stories","30":"tag-topstories","31":"tag-world","32":"tag-world-news","33":"tag-worldnews","34":"tag-zinas","35":"tag-zinas-no-arvalstim"},"share_on_mastodon":{"url":"https:\/\/pubeurope.com\/@lv\/115813165515086806","error":""},"_links":{"self":[{"href":"https:\/\/www.europesays.com\/lv\/wp-json\/wp\/v2\/posts\/90678","targetHints":{"allow":["GET"]}}],"collection":[{"href":"https:\/\/www.europesays.com\/lv\/wp-json\/wp\/v2\/posts"}],"about":[{"href":"https:\/\/www.europesays.com\/lv\/wp-json\/wp\/v2\/types\/post"}],"author":[{"embeddable":true,"href":"https:\/\/www.europesays.com\/lv\/wp-json\/wp\/v2\/users\/2"}],"replies":[{"embeddable":true,"href":"https:\/\/www.europesays.com\/lv\/wp-json\/wp\/v2\/comments?post=90678"}],"version-history":[{"count":0,"href":"https:\/\/www.europesays.com\/lv\/wp-json\/wp\/v2\/posts\/90678\/revisions"}],"wp:featuredmedia":[{"embeddable":true,"href":"https:\/\/www.europesays.com\/lv\/wp-json\/wp\/v2\/media\/90679"}],"wp:attachment":[{"href":"https:\/\/www.europesays.com\/lv\/wp-json\/wp\/v2\/media?parent=90678"}],"wp:term":[{"taxonomy":"category","embeddable":true,"href":"https:\/\/www.europesays.com\/lv\/wp-json\/wp\/v2\/categories?post=90678"},{"taxonomy":"post_tag","embeddable":true,"href":"https:\/\/www.europesays.com\/lv\/wp-json\/wp\/v2\/tags?post=90678"}],"curies":[{"name":"wp","href":"https:\/\/api.w.org\/{rel}","templated":true}]}}