{"id":90697,"date":"2025-12-31T08:27:07","date_gmt":"2025-12-31T08:27:07","guid":{"rendered":"https:\/\/www.europesays.com\/lv\/90697\/"},"modified":"2025-12-31T08:27:07","modified_gmt":"2025-12-31T08:27:07","slug":"nogrimusais-krievijas-kugis-ursa-mayor-iespejams-veda-kodolreaktorus-ziemelkorejai-lente-lv","status":"publish","type":"post","link":"https:\/\/www.europesays.com\/lv\/90697\/","title":{"rendered":"Nogrimu\u0161ais Krievijas ku\u0123is &#8220;Ursa Mayor&#8221; iesp\u0113jams, veda kodolreaktorus Zieme\u013ckorejai\u00a0\u2014\u00a0Lente.lv"},"content":{"rendered":"<p>Ku\u0123a &#8220;Ursa Mayor&#8221; nosl\u0113pumainais nogrim\u0161anas incidents<\/p>\n<p>Krievijas t\u0101 d\u0113v\u0113t\u0101s &#8220;\u0113nu flotes&#8221; ku\u0123is &#8220;Ursa Mayor&#8221;, kas pag\u0101ju\u0161\u0101 gada beig\u0101s nogrima Vidusj\u016br\u0101 pie Sp\u0101nijas krastiem, iesp\u0113jams, bija rietumvalstu sp\u0113ku uzbrukuma m\u0113r\u0137is. Atsaucoties uz sp\u0101\u0146u izdevuma &#8220;La Verdad&#8221; un ofici\u0101l\u0101s izmekl\u0113\u0161anas datiem, tiek pie\u013cauts, ka ku\u0123im uzbruka, lai nepie\u013cautu divu kodolreaktoru pieg\u0101di Zieme\u013ckorejai. K\u0101 inform\u0113 port\u0101ls NRA.<\/p>\n<p>Incidents notika 24. decembra nakt\u012b, aptuveni 60 j\u016bras j\u016bdzes uz diennvidiem no Kartahenas, Sp\u0101nij\u0101. Ku\u0123is &#8220;Ursa Mayor&#8221; nogrima p\u0113c spr\u0101dziena ma\u0161\u012bntelp\u0101. Ku\u0123a \u012bpa\u0161nieks, Krievijas Aizsardz\u012bbas ministrijas meitasuz\u0146\u0113mums &#8220;Oboronlogistics&#8221;, s\u0101kotn\u0113ji apgalvoja, ka ku\u0123is p\u0101rvad\u0101ja tuk\u0161us konteinerus, ostas celt\u0146us un ledlau\u017eu l\u016bku v\u0101kus, un uzbrukumu nod\u0113v\u0113ja par terorismu. Tom\u0113r ofici\u0101l\u0101s izmekl\u0113\u0161anas deta\u013cas nor\u0101da uz cita notikumu att\u012bst\u012bbas gaitu.<\/p>\n<p>Kravas izcelsme un aizdomas par kodoliero\u010du komponentu p\u0101rvad\u0101\u0161anu<\/p>\n<p>Sp\u0101nijas varas iest\u0101des piev\u0113rsa uzman\u012bbu diviem ziliem konteineriem, kas atrad\u0101s ku\u0123a paka\u013cgal\u0101 un neatbilda kaptei\u0146a Igora A\u0146isimova deklar\u0113tajam kravas aprakstam. Izmekl\u0113t\u0101ji uzskata, ka \u0161ajos konteineros tika transport\u0113ti divi VM-4SG kodolzem\u016bde\u0146u reaktori. S\u0101kotn\u0113jais pl\u0101ns paredz\u0113ja \u0161o kravu nog\u0101d\u0101t no Sanktp\u0113terburgas uz Zieme\u013ckorejas ostu Rasonu, kas atrodas net\u0101lu no Vladivostokas, kas bija ku\u0123a ofici\u0101lais galam\u0113r\u0137is.<\/p>\n<p>Tiek zi\u0146ots, ka caurums ku\u0123a &#8220;Ursa Mayor&#8221; labaj\u0101 bort\u0101 p\u0113c izm\u0113ra un \u012bpa\u0161\u012bb\u0101m atbilst boj\u0101jumiem, ko rad\u012bjusi superkavit\u0113jo\u0161a torp\u0113da ar 500 mm kaujas galvi\u0146u. \u0160\u0101da veida torp\u0113das ir izplat\u012btas Krievij\u0101, \u0136\u012bn\u0101 un vair\u0101k\u0101s NATO valst\u012bs, liekot dom\u0101t par iesp\u0113jamu milit\u0101ru iejauk\u0161anos.<\/p>\n<p>Krievijas milit\u0101r\u0101 kl\u0101tb\u016btne un incidents pirms nogrim\u0161anas<\/p>\n<p>Interesanti, ka neilgi pirms &#8220;Ursa Mayor&#8221; nogrim\u0161anas, taj\u0101 pa\u0161\u0101 apgabal\u0101 atrad\u0101s Krievijas desanta ku\u0123is &#8220;Ivan Gren&#8221;. Tas m\u0113\u0123in\u0101ja iejaukties Sp\u0101nijas gl\u0101b\u0161anas oper\u0101cij\u0101, raidot gais\u0101 sarkanas sign\u0101lra\u0137etes, kas ap\u017eilbin\u0101ja izl\u016bko\u0161anas satel\u012btu infrasarkanos sensorus, un pieprasot Sp\u0101nijas patru\u013cku\u0123iem atk\u0101pties. \u0160\u0101da r\u012bc\u012bba pastiprina aizdomas par koordin\u0113tu Krievijas milit\u0101ro kl\u0101tb\u016btni un iesp\u0113jamu m\u0113\u0123in\u0101jumu sl\u0113pt notiku\u0161o.<\/p>\n<p>Spr\u0101dziena br\u012bd\u012b iek\u0101rtas fiks\u0113ja vi\u013c\u0146us, kas atbilda 20-50 kg trotila spr\u0101dzienam, v\u0113l vair\u0101k nor\u0101dot uz sp\u0113c\u012bgu \u0101r\u0113ju ietekmi, nevis parastu ku\u0123a av\u0101riju.<\/p>\n<p>Starptautisk\u0101s sankcijas un Zieme\u013ckorejas kodolprogramma<\/p>\n<p>\u0160is incidents notiek laik\u0101, kad Zieme\u013ckoreja ir pastiprin\u0101ti pak\u013cauta starptautisk\u0101m sankcij\u0101m, ko noteiku\u0161as ANO un Eiropas Savien\u012bba, galvenok\u0101rt saist\u012bb\u0101 ar t\u0101s ballistisko ra\u0137e\u0161u un kodoliero\u010du programmu. Sankcijas v\u0113rstas pret Zieme\u013ckorejas galvenajiem eksporta veidiem, finan\u0161u sist\u0113mu un sp\u0113ju g\u016bt ien\u0101kumus. \u0160\u0101du reaktoru pieg\u0101de Zieme\u013ckorejai b\u016btu nopietns dro\u0161\u012bbas drauds un p\u0101rk\u0101pums starptautiskaj\u0101m norm\u0101m.<\/p>\n<p>Ku\u0123is &#8220;Ursa Mayor&#8221;, kas pieder Krievijas Aizsardz\u012bbas ministrijas uz\u0146\u0113mumam &#8220;Oboronlogistics&#8221;, iepriek\u0161 bijis saist\u012bts ar milit\u0101ro kravu p\u0101rvad\u0101\u0161anu, tostarp uz S\u012briju. T\u0101 nodegums un iesp\u0113jam\u0101 kodoliero\u010du komponentu p\u0101rvad\u0101\u0161ana uz Zieme\u013ckoreju rada nopietnus jaut\u0101jumus par starptautisko dro\u0161\u012bbu un Krievijas lomu pasaules m\u0113rog\u0101.<\/p>\n<p>Izgl\u0101bto un pazudu\u0161o apkalpes locek\u013cu liktenis<\/p>\n<p>Negad\u012bjum\u0101 tika izgl\u0101bti 14 no 16 apkalpes locek\u013ciem, kuri tika nog\u0101d\u0101ti Kartahenas ost\u0101. Diem\u017e\u0113l divi j\u016brnieki tika uzskat\u012bti par pazudu\u0161iem bez v\u0113sts un nav atrasti, neskatoties uz gl\u0101b\u0161anas oper\u0101cij\u0101m, kur\u0101s piedal\u012bj\u0101s uz\u0146\u0113mums &#8220;Helimer&#8221;. Ku\u0123is, lai gan tas v\u0113l joproj\u0101m tur\u0113j\u0101s virs \u016bdens, un ma\u0161\u012bntelpas durvis bija aizv\u0113rtas, nesp\u0113ja notur\u0113ties un galu gal\u0101 nogrima.<\/p>\n","protected":false},"excerpt":{"rendered":"Ku\u0123a &#8220;Ursa Mayor&#8221; nosl\u0113pumainais nogrim\u0161anas incidents Krievijas t\u0101 d\u0113v\u0113t\u0101s &#8220;\u0113nu flotes&#8221; ku\u0123is &#8220;Ursa Mayor&#8221;, kas pag\u0101ju\u0161\u0101 gada beig\u0101s&hellip;\n","protected":false},"author":2,"featured_media":90698,"comment_status":"","ping_status":"","sticky":false,"template":"","format":"standard","meta":{"footnotes":""},"categories":[14],"tags":[23,57,28,29,32,33,22,22896,21517,30,31,35,39,38,36,37,34,40,20,26,27,24,25,22895,20881,54,55,56,4214,21,58],"class_list":{"0":"post-90697","1":"post","2":"type-post","3":"status-publish","4":"format-standard","5":"has-post-thumbnail","7":"category-zinas-no-arvalstim","8":"tag-aktualitates","9":"tag-arvalstim","10":"tag-breaking-news","11":"tag-breakingnews","12":"tag-featured-news","13":"tag-featurednews","14":"tag-headlines","15":"tag-kodolreaktori","16":"tag-krievijas-kugis","17":"tag-latest-news","18":"tag-latestnews","19":"tag-latvia","20":"tag-latvian","21":"tag-latviesu","22":"tag-latviesu-valoda","23":"tag-latviesuvaloda","24":"tag-latvija","25":"tag-lv","26":"tag-news","27":"tag-popularakas-zinas","28":"tag-popularakaszinas","29":"tag-top-stories","30":"tag-topstories","31":"tag-ursa-mayor","32":"tag-vidusjura","33":"tag-world","34":"tag-world-news","35":"tag-worldnews","36":"tag-ziemelkoreja","37":"tag-zinas","38":"tag-zinas-no-arvalstim"},"share_on_mastodon":{"url":"https:\/\/pubeurope.com\/@lv\/115813236292559306","error":""},"_links":{"self":[{"href":"https:\/\/www.europesays.com\/lv\/wp-json\/wp\/v2\/posts\/90697","targetHints":{"allow":["GET"]}}],"collection":[{"href":"https:\/\/www.europesays.com\/lv\/wp-json\/wp\/v2\/posts"}],"about":[{"href":"https:\/\/www.europesays.com\/lv\/wp-json\/wp\/v2\/types\/post"}],"author":[{"embeddable":true,"href":"https:\/\/www.europesays.com\/lv\/wp-json\/wp\/v2\/users\/2"}],"replies":[{"embeddable":true,"href":"https:\/\/www.europesays.com\/lv\/wp-json\/wp\/v2\/comments?post=90697"}],"version-history":[{"count":0,"href":"https:\/\/www.europesays.com\/lv\/wp-json\/wp\/v2\/posts\/90697\/revisions"}],"wp:featuredmedia":[{"embeddable":true,"href":"https:\/\/www.europesays.com\/lv\/wp-json\/wp\/v2\/media\/90698"}],"wp:attachment":[{"href":"https:\/\/www.europesays.com\/lv\/wp-json\/wp\/v2\/media?parent=90697"}],"wp:term":[{"taxonomy":"category","embeddable":true,"href":"https:\/\/www.europesays.com\/lv\/wp-json\/wp\/v2\/categories?post=90697"},{"taxonomy":"post_tag","embeddable":true,"href":"https:\/\/www.europesays.com\/lv\/wp-json\/wp\/v2\/tags?post=90697"}],"curies":[{"name":"wp","href":"https:\/\/api.w.org\/{rel}","templated":true}]}}