{"id":90700,"date":"2025-12-31T08:33:03","date_gmt":"2025-12-31T08:33:03","guid":{"rendered":"https:\/\/www.europesays.com\/lv\/90700\/"},"modified":"2025-12-31T08:33:03","modified_gmt":"2025-12-31T08:33:03","slug":"asv-uznemums-desmit-stundas-izveidojis-3d-karti-kinas-militaras-bazes-ar-50-cm-izskirtspeju-lente-lv","status":"publish","type":"post","link":"https:\/\/www.europesays.com\/lv\/90700\/","title":{"rendered":"ASV uz\u0146\u0113mums desmit stund\u0101s izveidojis 3D karti \u0136\u012bnas milit\u0101r\u0101s b\u0101zes ar 50 cm iz\u0161\u0137irtsp\u0113ju\u00a0\u2014\u00a0Lente.lv"},"content":{"rendered":"<p>Jaun\u0101k\u0101s tehnolo\u0123ijas milit\u0101ro objektu izl\u016bko\u0161an\u0101<\/p>\n<p>ASV aizsardz\u012bbas tehnolo\u0123iju uz\u0146\u0113mums Vantor demonstr\u0113 savu sp\u0113ju \u0101tri un prec\u012bzi rad\u012bt tr\u012bsdimensiju (3D) kartes pat strat\u0113\u0123iski svar\u012bgiem milit\u0101rajiem objektiem. K\u0101 piem\u0113ru uz\u0146\u0113mums min\u0113jis \u0136\u012bnas J\u016bras kara flotes b\u0101zi Jui\u013ci\u0146\u0101, kuras detaliz\u0113tu 3D modeli izdevies izveidot vien 10 stundu laik\u0101 p\u0113c satel\u012bta p\u0101rlidojuma. Tas pan\u0101kts ar satel\u012btatt\u0113lu iz\u0161\u0137irtsp\u0113ju l\u012bdz pat 50 centimetriem uz pikseli.<\/p>\n<p>Saska\u0146\u0101 ar uz\u0146\u0113muma sniegto inform\u0101ciju, datus par Jui\u013ci\u0146as b\u0101zes apvidu ieg\u016bts 5. decembr\u012b plkst. 11:21 p\u0113c viet\u0113j\u0101 laika. P\u0113c tam \u0161ie dati tika apstr\u0101d\u0101ti, izveidojot detaliz\u0113tu 3D modeli. Att\u0113lu iz\u0161\u0137irtsp\u0113ja sasniedz 50 cm, bet telpisk\u0101 precizit\u0101te ir maz\u0101ka par 4 metriem.<\/p>\n<p>Strat\u0113\u0123iski svar\u012bg\u0101 b\u0101ze un t\u0101s atspogu\u013cojums<\/p>\n<p>Jui\u013ci\u0146as milit\u0101r\u0101 b\u0101ze, kas atrodas uz zieme\u013ciem no Dienvid\u0137\u012bnas j\u016bras, tiek uzskat\u012bta par vienu no vissvar\u012bg\u0101kajiem \u0136\u012bnas milit\u0101rajiem objektiem. Uz\u0146\u0113mums Vantor nor\u0101da, ka 3D att\u0113los ir iesp\u0113jams saskat\u012bt, piem\u0113ram, ost\u0101 nolaistu lidma\u0161\u012bnu b\u0101zes ku\u0123i klases \u201cFujian\u201d, k\u0101 ar\u012b patru\u013cku\u0123i. T\u0101pat redzami b\u016bvniec\u012bbas darbi pie saus\u0101 doka un vair\u0101k\u0101m jaun\u0101m piest\u0101tn\u0113m.<\/p>\n<p>Lai gan \u0161obr\u012bd Vantor tehnolo\u0123ija nenodro\u0161ina piln\u012bgi re\u0101llaika nov\u0113ro\u0161anu ar tik augstu precizit\u0101ti, 10 stundu apstr\u0101des laiks, radot tik kvalitat\u012bvu un detaliz\u0113tu 3D rekonstrukciju, tiek v\u0113rt\u0113ts k\u0101 iespaid\u012bgs sasniegums. Uz\u0146\u0113mums savu pan\u0101kumu skaidro ar patent\u0113tas programmat\u016bras platformas \u201cForge\u201d izmanto\u0161anu.<\/p>\n<blockquote>\n<p>\u201cM\u016bsu izveidotais Jui\u013ci\u0146as b\u0101zes 3D modelis ir pabeigts 10 stundu laik\u0101. Dati tika ieg\u016bti \u0161or\u012bt plkst. 11:21 p\u0113c viet\u0113j\u0101 laika no viena satel\u012bta p\u0101rlidojuma, nodro\u0161inot 50 cm iz\u0161\u0137irtsp\u0113ju un telpisko precizit\u0101ti maz\u0101ku par 4 metriem,\u201d inform\u0113 Vantor soci\u0101laj\u0101 t\u012bkl\u0101 X.<\/p>\n<\/blockquote>\n<p>Iepriek\u0161\u0113jie notikumi un tehnolo\u0123iju att\u012bst\u012bba<\/p>\n<p>\u0160is gad\u012bjums atg\u0101dina par strauji progres\u0113jo\u0161aj\u0101m tehnolo\u0123ij\u0101m milit\u0101raj\u0101 izl\u016bko\u0161an\u0101. Iepriek\u0161 tika zi\u0146ots par situ\u0101ciju Taiv\u0101n\u0101, kur tika model\u0113ta \u201cStarlink\u201d blo\u0137\u0113\u0161ana, izmantojot 1000 dronus, k\u0101 ar\u012b par Kan\u0101das radioamatieru, kur\u0161 uztv\u0113ra \u201cslepenu\u201d SpaceX milit\u0101r\u0101 satel\u012bta sign\u0101lu, kas darboj\u0101s aizliegt\u0101s frekvenc\u0113s. Latvijas las\u012bt\u0101jiem var\u0113tu b\u016bt aktu\u0101la ar\u012b inform\u0101cija par to, ka mobilo sakaru operators \u201cLMT\u201d jau ir nodro\u0161in\u0101jis \u201cStarlink\u201d satel\u012btsakaru pieejam\u012bbu vis\u0101 Ukrainas teritorij\u0101.<\/p>\n","protected":false},"excerpt":{"rendered":"Jaun\u0101k\u0101s tehnolo\u0123ijas milit\u0101ro objektu izl\u016bko\u0161an\u0101 ASV aizsardz\u012bbas tehnolo\u0123iju uz\u0146\u0113mums Vantor demonstr\u0113 savu sp\u0113ju \u0101tri un prec\u012bzi rad\u012bt tr\u012bsdimensiju&hellip;\n","protected":false},"author":2,"featured_media":90701,"comment_status":"","ping_status":"","sticky":false,"template":"","format":"standard","meta":{"footnotes":""},"categories":[14],"tags":[22897,23,57,28,29,32,33,22,4213,30,31,35,39,38,36,37,34,40,22898,20,26,27,22900,24,25,22899,54,55,56,21,58],"class_list":{"0":"post-90700","1":"post","2":"type-post","3":"status-publish","4":"format-standard","5":"has-post-thumbnail","7":"category-zinas-no-arvalstim","8":"tag-3d-karte","9":"tag-aktualitates","10":"tag-arvalstim","11":"tag-breaking-news","12":"tag-breakingnews","13":"tag-featured-news","14":"tag-featurednews","15":"tag-headlines","16":"tag-kina","17":"tag-latest-news","18":"tag-latestnews","19":"tag-latvia","20":"tag-latvian","21":"tag-latviesu","22":"tag-latviesu-valoda","23":"tag-latviesuvaloda","24":"tag-latvija","25":"tag-lv","26":"tag-militara-baze","27":"tag-news","28":"tag-popularakas-zinas","29":"tag-popularakaszinas","30":"tag-satelitatteli","31":"tag-top-stories","32":"tag-topstories","33":"tag-vantor","34":"tag-world","35":"tag-world-news","36":"tag-worldnews","37":"tag-zinas","38":"tag-zinas-no-arvalstim"},"share_on_mastodon":{"url":"https:\/\/pubeurope.com\/@lv\/115813259836280883","error":""},"_links":{"self":[{"href":"https:\/\/www.europesays.com\/lv\/wp-json\/wp\/v2\/posts\/90700","targetHints":{"allow":["GET"]}}],"collection":[{"href":"https:\/\/www.europesays.com\/lv\/wp-json\/wp\/v2\/posts"}],"about":[{"href":"https:\/\/www.europesays.com\/lv\/wp-json\/wp\/v2\/types\/post"}],"author":[{"embeddable":true,"href":"https:\/\/www.europesays.com\/lv\/wp-json\/wp\/v2\/users\/2"}],"replies":[{"embeddable":true,"href":"https:\/\/www.europesays.com\/lv\/wp-json\/wp\/v2\/comments?post=90700"}],"version-history":[{"count":0,"href":"https:\/\/www.europesays.com\/lv\/wp-json\/wp\/v2\/posts\/90700\/revisions"}],"wp:featuredmedia":[{"embeddable":true,"href":"https:\/\/www.europesays.com\/lv\/wp-json\/wp\/v2\/media\/90701"}],"wp:attachment":[{"href":"https:\/\/www.europesays.com\/lv\/wp-json\/wp\/v2\/media?parent=90700"}],"wp:term":[{"taxonomy":"category","embeddable":true,"href":"https:\/\/www.europesays.com\/lv\/wp-json\/wp\/v2\/categories?post=90700"},{"taxonomy":"post_tag","embeddable":true,"href":"https:\/\/www.europesays.com\/lv\/wp-json\/wp\/v2\/tags?post=90700"}],"curies":[{"name":"wp","href":"https:\/\/api.w.org\/{rel}","templated":true}]}}