{"id":90710,"date":"2025-12-31T08:51:07","date_gmt":"2025-12-31T08:51:07","guid":{"rendered":"https:\/\/www.europesays.com\/lv\/90710\/"},"modified":"2025-12-31T08:51:07","modified_gmt":"2025-12-31T08:51:07","slug":"nakama-teze-rikota-jauniesu-tiksanas-notiks-lodza-polija","status":"publish","type":"post","link":"https:\/\/www.europesays.com\/lv\/90710\/","title":{"rendered":"N\u0101kam\u0101 Tez\u0113 r\u012bkot\u0101 jaunie\u0161u tik\u0161an\u0101s notiks Lodz\u0101, Polij\u0101"},"content":{"rendered":"<p>N\u0101kam\u0101 gada Eiropas jaunie\u0161u tik\u0161an\u0101s notiks Polijas pils\u0113t\u0101 Lodz\u0101. \u0160\u0101ds pas\u0101kums tiek r\u012bkots katra gada beig\u0101s vien\u0101 no Vec\u0101 kontinenta pils\u0113t\u0101m. P\u0113d\u0113jo reizi Polija uz\u0146\u0113ma jaunos kristie\u0161us Vroclav\u0101 2019. un 2020. gadu mij\u0101.<\/p>\n<p style=\"text-align: justify;\">Silvija Krivte\u017ea &#8211; Vatik\u0101ns<\/p>\n<p style=\"text-align: justify;\">Par\u012bz\u0113 norisin\u0101s Tez\u0113 kopienas r\u012bkot\u0101 48. Eiropas jaunie\u0161u tik\u0161an\u0101s. Ekumeniskie pas\u0101kumi notiek &#8220;uztic\u012bbas sv\u0113tce\u013cojuma uz zemes&#8221; ietvaros. Tik\u0161an\u0101s pulc\u0113 desmitiem t\u016bksto\u0161u jauno kristie\u0161u, aicinot kop\u012bgi l\u016bgties, pavad\u012bt laiku klusum\u0101, p\u0101rdom\u0101t Dieva V\u0101rdu un izbaud\u012bt viet\u0113jo draud\u017eu un \u0123ime\u0146u viesm\u012bl\u012bbu. Francijas galvaspils\u0113t\u0101 ir ieradu\u0161ies ar\u012b vair\u0101k nek\u0101 1000 jaunie\u0161u no Ukrainas.<\/p>\n<p style=\"text-align: justify;\">Polija piecas reizes ir bijusi \u0161o tik\u0161anos organiz\u0113t\u0101ja. T\u0101s ir notiku\u0161as Var\u0161av\u0101, Pozna\u0146\u0101 un tr\u012bs reizes Vroclav\u0101. Pazi\u0146ot\u0101 n\u0101kam\u0101s Eiropas jaunie\u0161u tik\u0161an\u0101s organiz\u0113\u0161ana Polij\u0101 iek\u013caujas \u0161aj\u0101 ilgaj\u0101 dialoga, miera un vienot\u012bbas veido\u0161anas trad\u012bcij\u0101 starp Vec\u0101 kontinenta kristie\u0161iem.<\/p>\n<p style=\"text-align: justify;\">Atg\u0101din\u0101m, ka pag\u0101ju\u0161\u0101 gada nogal\u0113 Eiropas jaunie\u0161i pulc\u0113j\u0101s Tallin\u0101. 48. Eiropas jaunie\u0161u tik\u0161an\u0101s nosl\u0113gsies 2026. gada 1. janv\u0101r\u012b.<\/p>\n<p>    <img decoding=\"async\" src=\"data:image\/gif;base64,R0lGODlhAQABAIAAAAAAAP\/\/\/yH5BAEAAAAALAAAAAABAAEAAAIBRAA7\" data-original=\"https:\/\/www.vaticannews.va\/content\/dam\/vaticannews\/multimedia\/2020\/01\/01\/2020.01.01-Incontro-Taize-a-Breslavia---cattedrale-greco-cattolica-01.jpg\/_jcr_content\/renditions\/cq5dam.thumbnail.cropped.750.422.jpeg\" alt=\"Tez\u0113 kopienas r\u012bkot\u0101 tik\u0161an\u0101s\" title=\"Tez\u0113 kopienas r\u012bkot\u0101 tik\u0161an\u0101s\"\/><\/p>\n<p>\n   Tez\u0113 kopienas r\u012bkot\u0101 tik\u0161an\u0101s\n  <\/p>\n","protected":false},"excerpt":{"rendered":"N\u0101kam\u0101 gada Eiropas jaunie\u0161u tik\u0161an\u0101s notiks Polijas pils\u0113t\u0101 Lodz\u0101. \u0160\u0101ds pas\u0101kums tiek r\u012bkots katra gada beig\u0101s vien\u0101 no&hellip;\n","protected":false},"author":2,"featured_media":90711,"comment_status":"","ping_status":"","sticky":false,"template":"","format":"standard","meta":{"footnotes":""},"categories":[14],"tags":[23,57,28,29,32,33,22,30,31,35,39,38,36,37,34,40,20,26,27,24,25,54,55,56,21,58],"class_list":{"0":"post-90710","1":"post","2":"type-post","3":"status-publish","4":"format-standard","5":"has-post-thumbnail","7":"category-zinas-no-arvalstim","8":"tag-aktualitates","9":"tag-arvalstim","10":"tag-breaking-news","11":"tag-breakingnews","12":"tag-featured-news","13":"tag-featurednews","14":"tag-headlines","15":"tag-latest-news","16":"tag-latestnews","17":"tag-latvia","18":"tag-latvian","19":"tag-latviesu","20":"tag-latviesu-valoda","21":"tag-latviesuvaloda","22":"tag-latvija","23":"tag-lv","24":"tag-news","25":"tag-popularakas-zinas","26":"tag-popularakaszinas","27":"tag-top-stories","28":"tag-topstories","29":"tag-world","30":"tag-world-news","31":"tag-worldnews","32":"tag-zinas","33":"tag-zinas-no-arvalstim"},"share_on_mastodon":{"url":"https:\/\/pubeurope.com\/@lv\/115813330619580705","error":""},"_links":{"self":[{"href":"https:\/\/www.europesays.com\/lv\/wp-json\/wp\/v2\/posts\/90710","targetHints":{"allow":["GET"]}}],"collection":[{"href":"https:\/\/www.europesays.com\/lv\/wp-json\/wp\/v2\/posts"}],"about":[{"href":"https:\/\/www.europesays.com\/lv\/wp-json\/wp\/v2\/types\/post"}],"author":[{"embeddable":true,"href":"https:\/\/www.europesays.com\/lv\/wp-json\/wp\/v2\/users\/2"}],"replies":[{"embeddable":true,"href":"https:\/\/www.europesays.com\/lv\/wp-json\/wp\/v2\/comments?post=90710"}],"version-history":[{"count":0,"href":"https:\/\/www.europesays.com\/lv\/wp-json\/wp\/v2\/posts\/90710\/revisions"}],"wp:featuredmedia":[{"embeddable":true,"href":"https:\/\/www.europesays.com\/lv\/wp-json\/wp\/v2\/media\/90711"}],"wp:attachment":[{"href":"https:\/\/www.europesays.com\/lv\/wp-json\/wp\/v2\/media?parent=90710"}],"wp:term":[{"taxonomy":"category","embeddable":true,"href":"https:\/\/www.europesays.com\/lv\/wp-json\/wp\/v2\/categories?post=90710"},{"taxonomy":"post_tag","embeddable":true,"href":"https:\/\/www.europesays.com\/lv\/wp-json\/wp\/v2\/tags?post=90710"}],"curies":[{"name":"wp","href":"https:\/\/api.w.org\/{rel}","templated":true}]}}