{"id":90725,"date":"2025-12-31T09:17:09","date_gmt":"2025-12-31T09:17:09","guid":{"rendered":"https:\/\/www.europesays.com\/lv\/90725\/"},"modified":"2025-12-31T09:17:09","modified_gmt":"2025-12-31T09:17:09","slug":"35-gadu-vecuma-muziba-devusies-dzona-f-kenedija-mazmeita","status":"publish","type":"post","link":"https:\/\/www.europesays.com\/lv\/90725\/","title":{"rendered":"35 gadu vecum\u0101 m\u016b\u017e\u012bb\u0101 devusies D\u017eona F. Kenedija mazmeita"},"content":{"rendered":"<p>35 gadu vecum\u0101 mirusi \u017eurn\u0101liste Tatjana \u0160losberga, Karol\u012bnas Kenedijas meita un 1963. gad\u0101 noslepkavot\u0101 prezidenta D\u017eona F. Kenedija mazmeita, v\u0113sta CNN.<\/p>\n<p>Esej\u0101 \u0160losberga aprakst\u012bja gan diagnozes br\u012bdi, gan smago \u0101rst\u0113\u0161anas procesu, atz\u012bstot, ka s\u0101kotn\u0113ji nesp\u0113jusi notic\u0113t, ka runa ir par vi\u0146u pa\u0161u. Vi\u0146a rakst\u012bja, ka v\u0113l gr\u016btniec\u012bbas beig\u0101s \u2013 neilgi pirms dzemd\u012bb\u0101m \u2013, bija devusies peld\u0113t, un jut\u0101s piln\u012bgi vesela.<\/p>\n<p>\u0160losberga atkl\u0101ti kritiz\u0113ja savu br\u0101l\u0113nu, ASV vesel\u012bbas sekret\u0101ru un vakc\u012bnu skepti\u0137i Robertu F. Kenediju. &#8220;Kam\u0113r arvien liel\u0101ku savas dz\u012bves da\u013cu pavad\u012bju \u0101rstu, m\u0101su un p\u0113tnieku apr\u016bp\u0113, kuri cent\u0101s uzlabot citu cilv\u0113ku dz\u012bvi, es redz\u0113ju, k\u0101 Bobijs samazin\u0101ja gandr\u012bz pusmiljardu dol\u0101ru finans\u0113juma mRNS vakc\u012bnu p\u0113t\u012bjumiem, tehnolo\u0123ijai, ko var\u0113tu izmantot ar\u012b noteiktu v\u0113\u017ea veidu \u0101rst\u0113\u0161an\u0101,&#8221; vi\u0146a rakst\u012bja esej\u0101.<\/p>\n<p class=\"m-0\">Seko &#8220;Delfi&#8221; ar\u012b  <a target=\"_blank\" href=\"https:\/\/www.instagram.com\/delfi.lv\/\" rel=\"nofollow noopener\">Instagram<\/a>  un <a target=\"_blank\" href=\"https:\/\/www.youtube.com\/channel\/UCw5foWtcJvAbUm64rv7jwUQ\" rel=\"nofollow noopener\">YouTube<\/a>  profil\u0101 \u2013 pievienojies, lai uzzin\u0101tu svar\u012bg\u0101ko un interesant\u0101ko pirmais!<\/p>\n<p>Publik\u0101cijas saturs vai t\u0101s jebk\u0101da apjoma da\u013ca ir aizsarg\u0101ts autorties\u012bbu objekts Autorties\u012bbu likuma izpratn\u0113, un t\u0101 izmanto\u0161ana bez izdev\u0113ja at\u013caujas ir aizliegta. Vair\u0101k lasi  <a target=\"_blank\" href=\"https:\/\/www.delfi.lv\/noteikumi#autortiesibas\" rel=\"nofollow noopener\">\u0161eit<\/a><script async src=\"\/\/www.instagram.com\/embed.js\"><\/script><\/p>\n","protected":false},"excerpt":{"rendered":"35 gadu vecum\u0101 mirusi \u017eurn\u0101liste Tatjana \u0160losberga, Karol\u012bnas Kenedijas meita un 1963. gad\u0101 noslepkavot\u0101 prezidenta D\u017eona F. Kenedija&hellip;\n","protected":false},"author":2,"featured_media":90726,"comment_status":"","ping_status":"","sticky":false,"template":"","format":"standard","meta":{"footnotes":""},"categories":[5],"tags":[23,28,29,22901,32,33,22,30,31,35,39,38,36,37,34,40,20,26,27,24,25,21],"class_list":{"0":"post-90725","1":"post","2":"type-post","3":"status-publish","4":"format-standard","5":"has-post-thumbnail","7":"category-aktualitates","8":"tag-aktualitates","9":"tag-breaking-news","10":"tag-breakingnews","11":"tag-dzons-f-kenedijs","12":"tag-featured-news","13":"tag-featurednews","14":"tag-headlines","15":"tag-latest-news","16":"tag-latestnews","17":"tag-latvia","18":"tag-latvian","19":"tag-latviesu","20":"tag-latviesu-valoda","21":"tag-latviesuvaloda","22":"tag-latvija","23":"tag-lv","24":"tag-news","25":"tag-popularakas-zinas","26":"tag-popularakaszinas","27":"tag-top-stories","28":"tag-topstories","29":"tag-zinas"},"share_on_mastodon":{"url":"https:\/\/pubeurope.com\/@lv\/115813432838786320","error":""},"_links":{"self":[{"href":"https:\/\/www.europesays.com\/lv\/wp-json\/wp\/v2\/posts\/90725","targetHints":{"allow":["GET"]}}],"collection":[{"href":"https:\/\/www.europesays.com\/lv\/wp-json\/wp\/v2\/posts"}],"about":[{"href":"https:\/\/www.europesays.com\/lv\/wp-json\/wp\/v2\/types\/post"}],"author":[{"embeddable":true,"href":"https:\/\/www.europesays.com\/lv\/wp-json\/wp\/v2\/users\/2"}],"replies":[{"embeddable":true,"href":"https:\/\/www.europesays.com\/lv\/wp-json\/wp\/v2\/comments?post=90725"}],"version-history":[{"count":0,"href":"https:\/\/www.europesays.com\/lv\/wp-json\/wp\/v2\/posts\/90725\/revisions"}],"wp:featuredmedia":[{"embeddable":true,"href":"https:\/\/www.europesays.com\/lv\/wp-json\/wp\/v2\/media\/90726"}],"wp:attachment":[{"href":"https:\/\/www.europesays.com\/lv\/wp-json\/wp\/v2\/media?parent=90725"}],"wp:term":[{"taxonomy":"category","embeddable":true,"href":"https:\/\/www.europesays.com\/lv\/wp-json\/wp\/v2\/categories?post=90725"},{"taxonomy":"post_tag","embeddable":true,"href":"https:\/\/www.europesays.com\/lv\/wp-json\/wp\/v2\/tags?post=90725"}],"curies":[{"name":"wp","href":"https:\/\/api.w.org\/{rel}","templated":true}]}}