{"id":90748,"date":"2025-12-31T10:02:09","date_gmt":"2025-12-31T10:02:09","guid":{"rendered":"https:\/\/www.europesays.com\/lv\/90748\/"},"modified":"2025-12-31T10:02:09","modified_gmt":"2025-12-31T10:02:09","slug":"latvija-ievies-pilna-5g-tikla-parklajumu-zinamas-prioritaras-zonas-lente-lv-2","status":"publish","type":"post","link":"https:\/\/www.europesays.com\/lv\/90748\/","title":{"rendered":"Latvij\u0101 ievie\u0161 pilna 5G t\u012bkla p\u0101rkl\u0101jumu: zin\u0101mas priorit\u0101r\u0101s zonas\u00a0\u2014\u00a0Lente.lv"},"content":{"rendered":"<p>Galvenie sasniegumi un n\u0101kotnes pl\u0101ni 5G ievie\u0161an\u0101<\/p>\n<p>\u0160obr\u012bd inform\u0101cijas un komunik\u0101cijas tehnolo\u0123iju (IKT) joma piedz\u012bvo m\u0101ksl\u012bg\u0101 intelekta (MI) att\u012bst\u012bbas vilni, ta\u010du paral\u0113li tam akt\u012bvi tiek turpin\u0101ta 5G t\u012bklu infrastrukt\u016bras izb\u016bve Latvij\u0101. K\u0101 nor\u0101da telekomunik\u0101ciju un tehnolo\u0123iju uz\u0146\u0113muma SIA &#8220;Tet&#8221; valdes priek\u0161s\u0113d\u0113t\u0101js Uldis Tatar\u010duks, \u0161obr\u012bd galvenais fokuss gan Latvij\u0101, gan pasaul\u0113 ir MI att\u012bst\u012bba, tom\u0113r tas nenoz\u012bm\u0113 5G ievie\u0161anas procesu aptur\u0113\u0161anu. &#8220;Tet&#8221; \u0161ogad liel\u0101k\u0101s invest\u012bcijas un uzsvars tiek likts uz iek\u0161\u0113jo procesu automatiz\u0101ciju un da\u017e\u0101du produktu integr\u0101ciju ar MI.  Vienlaikus tiek nor\u0101d\u012bts, ka nep\u0101rtraukti pieaug digit\u0101l\u0101s dro\u0161\u012bbas pras\u012bbas un vajadz\u012bbas, kam j\u0101velta arvien liel\u0101ki resursi. &#8220;Tet&#8221; \u0161aj\u0101 gad\u0101 s\u0101cis MI pal\u012bga risin\u0101juma un MI balss risin\u0101juma ievie\u0161anu medic\u012bn\u0101 un atbalsta infrastrukt\u016br\u0101, k\u0101 ar\u012b str\u0101d\u0101jis pie skait\u013co\u0161anas jaudas att\u012bst\u012bbas sadarb\u012bb\u0101 ar vesel\u012bbas apr\u016bpes nozares partneriem.<\/p>\n<p>Eiropas Komisijas (EK) pazi\u0146ojumi nosaka strat\u0113\u0123isko m\u0113r\u0137i l\u012bdz 2025. gadam nodro\u0161in\u0101t nep\u0101rtrauktu 5G mobilo sakaru p\u0101rkl\u0101jumu vis\u0101s pils\u0113tu teritorij\u0101s un gar visiem galvenajiem sauszemes transporta ce\u013ciem. Lai gan Latvija ir bijusi starp pirmaj\u0101m valst\u012bm, kas s\u0101ka att\u012bst\u012bt 5G tehnolo\u0123ijas, atsevi\u0161\u0137as citas valstis to ir apsteigu\u0161as \u0101truma zi\u0146\u0101. Tom\u0113r Latvijas mobilie operatori turpina invest\u0113t 5G t\u012bklu att\u012bst\u012bb\u0101, pied\u0101v\u0101jot konkur\u0113tsp\u0113j\u012bgus pakalpojumus gan iedz\u012bvot\u0101jiem, gan uz\u0146\u0113mumiem.<\/p>\n<p>Priorit\u0101r\u0101s 5G att\u012bst\u012bbas zonas un infrastrukt\u016bra<\/p>\n<p>Lai nodro\u0161in\u0101tu 5G t\u012bkla pilnv\u0113rt\u012bgu ievie\u0161anu, vald\u012bba ir apstiprin\u0101jusi informat\u012bvo zi\u0146ojumu \u201cCe\u013cvedis piekt\u0101s paaudzes (5G) publisko mobilo elektronisko sakaru t\u012bklu ievie\u0161anai Latvij\u0101\u201d. \u0160is ce\u013cvedis paredz nodro\u0161in\u0101t 5G p\u0101rkl\u0101jumu gar galvenajiem sauszemes transporta ce\u013ciem, \u012bpa\u0161i uzsverot &#8220;Via Baltica&#8221; (E67) ma\u0123istr\u0101li, k\u0101 ar\u012b pils\u0113tu teritorij\u0101s. Lai gan 5G t\u012bkla pilnv\u0113rt\u012bga ievie\u0161ana prasa invest\u012bcijas gan radiofrekven\u010du spektra nodro\u0161in\u0101\u0161an\u0101, gan infrastrukt\u016bras izb\u016bv\u0113, mobilo sakaru operatori, piem\u0113ram, &#8220;Tet&#8221;, &#8220;Tele2&#8221;, &#8220;Bite&#8221; un LMT, akt\u012bvi str\u0101d\u0101 pie t\u012bkla papla\u0161in\u0101\u0161anas. Tiek nor\u0101d\u012bts, ka 5G t\u012bkla izv\u0113r\u0161ana ir tehnolo\u0123iski pras\u012bga, jo katrai b\u0101zes stacijai nepiecie\u0161ama optisk\u0101 interneta piesl\u0113gums, kas noz\u012bm\u0113, ka bezvadu risin\u0101jums ir atkar\u012bgs no vado\u0146u infrastrukt\u016bras.<\/p>\n<p>Latvijas telekomunik\u0101ciju operatori, \u012bstenojot 5G t\u012bkla att\u012bst\u012bbu, piev\u0113r\u0161 uzman\u012bbu re\u0123ion\u0101lajam p\u0101rkl\u0101jumam, lai veicin\u0101tu digit\u0101lo vienl\u012bdz\u012bbu vis\u0101 valst\u012b. 700 MHz un 800 MHz frekven\u010du joslas tiek izmantotas, lai nodro\u0161in\u0101tu pla\u0161\u0101ku 5G p\u0101rkl\u0101jumu. Sabiedrisko pakalpojumu regul\u0113\u0161anas komisija (SPRK) uzrauga elektronisko sakaru tirgu un radiofrekven\u010du pie\u0161\u0137ir\u0161anu. Lai gan 5G sp\u0113j nodro\u0161in\u0101t iev\u0113rojami liel\u0101kus datu p\u0101rraides \u0101trumus nek\u0101 4G, tas ir atkar\u012bgs no vair\u0101kiem faktoriem, tostarp ier\u012bces atbalsta, \u0113kas sienu materi\u0101la un citiem vides apst\u0101k\u013ciem.<\/p>\n<p>Tehnolo\u0123isk\u0101s inov\u0101cijas un n\u0101kotnes perspekt\u012bvas<\/p>\n<p>Telekomunik\u0101ciju un tehnolo\u0123iju uz\u0146\u0113muma &#8220;Tet&#8221; valdes priek\u0161s\u0113d\u0113t\u0101js Uldis Tatar\u010duks uzsver, ka IKT jom\u0101 turpin\u0101sies fokuss uz m\u0101ksl\u012bg\u0101 intelekta att\u012bst\u012bbu, k\u0101 ar\u012b pieaugs piepras\u012bjums p\u0113c kiberdro\u0161\u012bbas, m\u0101ko\u0146pakalpojumu un augstas kvalit\u0101tes datu p\u0101rraides risin\u0101jumiem. &#8220;Tet&#8221; turpin\u0101s darbu pie saviem risin\u0101jumiem, piem\u0113ram, &#8220;Tet GPT&#8221;, &#8220;Tet Cloud&#8221; un &#8220;Tet Dro\u0161\u012bba&#8221;, k\u0101 ar\u012b risin\u0101s jaun\u0101 datu centra &#8220;DC7&#8221; izb\u016bves projektu Salaspil\u012b. Vi\u0146\u0161 ar\u012b nor\u0101da, ka kvantu tehnolo\u0123ijas integr\u0113jas arvien pla\u0161\u0101k da\u017e\u0101d\u0101s nozar\u0113s, radot jaunas att\u012bst\u012bbas iesp\u0113jas.<\/p>\n<p>Nacion\u0101la l\u012bme\u0146a kvantu komunik\u0101cijas infrastrukt\u016bras sist\u0113mu un t\u012bklu izveides projekt\u0101 tika veikti kvantu atsl\u0113gu p\u0101rraides testi finan\u0161u iest\u0101d\u0113s. Ar\u012b turpm\u0101kos gadus &#8220;Tet&#8221; str\u0101d\u0101s pie \u0161\u012bs tehnolo\u0123ijas att\u012bst\u012bbas un darbosies starptautisk\u0101 projekt\u0101. Paral\u0113li tam, projekt\u0101 &#8220;5G-Baltics&#8221; notiek darbs pie nep\u0101rtraukta 5G p\u0101rkl\u0101juma nodro\u0161in\u0101\u0161anas gar &#8220;Via Baltica&#8221; ma\u0123istr\u0101li Igaunijas, Latvijas un Lietuvas teritorij\u0101.<\/p>\n<p>5G ievie\u0161ana Latvij\u0101: izaicin\u0101jumi un ieguvumi<\/p>\n<p>Lai gan 5G ievie\u0161anas process pasaul\u0113 un Latvij\u0101 notiek l\u0113n\u0101k, nek\u0101 s\u0101kotn\u0113ji prognoz\u0113ts, tas dod laiku uz\u0146\u0113mumiem att\u012bst\u012bt jaunus produktus un saglab\u0101t konkur\u0113tsp\u0113ju starptautiskaj\u0101 tirg\u016b. Potenci\u0101lie ieguvumi no 5G ievie\u0161anas ir iev\u0113rojami, \u012bpa\u0161i r\u016bpniec\u012bbas nozar\u0113s, kur tie var sasniegt pat 113,1 miljardu eiro gad\u0101. Latvij\u0101 notiek sarunas ar transporta nozari, lai piel\u0101gotu publisko infrastrukt\u016bru elektronisko sakaru t\u012bklu izv\u0113r\u0161anai.<\/p>\n<p>Nodro\u0161inot 5G p\u0101rkl\u0101jumu, tiek iev\u0113roti gan Latvijas, gan Eiropas Savien\u012bbas m\u0113roga noteikumi par elektromagn\u0113tisko lauku (EML) darb\u012bbu. Ier\u012bkot\u0101s mobilo sakaru b\u0101zes stacijas tiek pie\u0146emtas ekspluat\u0101cij\u0101 tikai p\u0113c praktisko m\u0113r\u012bjumu veik\u0161anas un rezult\u0101tu atbilst\u012bbas izv\u0113rt\u0113\u0161anas. Vesel\u012bbas inspekcija nor\u0101da, ka EML starojuma iesp\u0113jamais l\u012bmenis ir apm\u0113ram 1000 rei\u017eu zem\u0101ks par pie\u013caujamo starojuma l\u012bmeni, un tas nevar ietekm\u0113t cilv\u0113ka \u0161\u016bnas un audus. Tiek uzsv\u0113rts, ka 5G nodro\u0161ina interneta \u0101trumu l\u012bdz pat vienam gigabitam sekund\u0113, kas ir desmit rei\u017eu vair\u0101k nek\u0101 4G t\u012bkl\u0101.<\/p>\n","protected":false},"excerpt":{"rendered":"Galvenie sasniegumi un n\u0101kotnes pl\u0101ni 5G ievie\u0161an\u0101 \u0160obr\u012bd inform\u0101cijas un komunik\u0101cijas tehnolo\u0123iju (IKT) joma piedz\u012bvo m\u0101ksl\u012bg\u0101 intelekta (MI)&hellip;\n","protected":false},"author":2,"featured_media":90562,"comment_status":"","ping_status":"","sticky":false,"template":"","format":"standard","meta":{"footnotes":""},"categories":[16],"tags":[18038,77,76,10006,35,39,38,36,37,34,40,12547,22870],"class_list":{"0":"post-90748","1":"post","2":"type-post","3":"status-publish","4":"format-standard","5":"has-post-thumbnail","7":"category-bizness","8":"tag-5g","9":"tag-bizness","10":"tag-business","11":"tag-ikt","12":"tag-latvia","13":"tag-latvian","14":"tag-latviesu","15":"tag-latviesu-valoda","16":"tag-latviesuvaloda","17":"tag-latvija","18":"tag-lv","19":"tag-tet","20":"tag-tikla-parklajums"},"share_on_mastodon":{"url":"https:\/\/pubeurope.com\/@lv\/115813610320141510","error":""},"_links":{"self":[{"href":"https:\/\/www.europesays.com\/lv\/wp-json\/wp\/v2\/posts\/90748","targetHints":{"allow":["GET"]}}],"collection":[{"href":"https:\/\/www.europesays.com\/lv\/wp-json\/wp\/v2\/posts"}],"about":[{"href":"https:\/\/www.europesays.com\/lv\/wp-json\/wp\/v2\/types\/post"}],"author":[{"embeddable":true,"href":"https:\/\/www.europesays.com\/lv\/wp-json\/wp\/v2\/users\/2"}],"replies":[{"embeddable":true,"href":"https:\/\/www.europesays.com\/lv\/wp-json\/wp\/v2\/comments?post=90748"}],"version-history":[{"count":0,"href":"https:\/\/www.europesays.com\/lv\/wp-json\/wp\/v2\/posts\/90748\/revisions"}],"wp:featuredmedia":[{"embeddable":true,"href":"https:\/\/www.europesays.com\/lv\/wp-json\/wp\/v2\/media\/90562"}],"wp:attachment":[{"href":"https:\/\/www.europesays.com\/lv\/wp-json\/wp\/v2\/media?parent=90748"}],"wp:term":[{"taxonomy":"category","embeddable":true,"href":"https:\/\/www.europesays.com\/lv\/wp-json\/wp\/v2\/categories?post=90748"},{"taxonomy":"post_tag","embeddable":true,"href":"https:\/\/www.europesays.com\/lv\/wp-json\/wp\/v2\/tags?post=90748"}],"curies":[{"name":"wp","href":"https:\/\/api.w.org\/{rel}","templated":true}]}}