{"id":90778,"date":"2025-12-31T10:33:07","date_gmt":"2025-12-31T10:33:07","guid":{"rendered":"https:\/\/www.europesays.com\/lv\/90778\/"},"modified":"2025-12-31T10:33:07","modified_gmt":"2025-12-31T10:33:07","slug":"vacija-uzvirmo-diskusijas-par-ugunosanas-nepieciesamibu-jaungada-svinibas-raksts","status":"publish","type":"post","link":"https:\/\/www.europesays.com\/lv\/90778\/","title":{"rendered":"V\u0101cij\u0101 uzvirmo diskusijas par ugu\u0146o\u0161anas nepiecie\u0161am\u012bbu Jaungada svin\u012bb\u0101s \/ Raksts"},"content":{"rendered":"<p>31. decembris ir p\u0113d\u0113j\u0101 diena, kad\u00a0V\u0101cij\u0101 ir at\u013cauta pirotehnikas ieg\u0101de. Pirotehniku\u00a0leg\u0101li p\u0101rdod\u00a0tikai gada p\u0113d\u0113j\u0101s tr\u012bs dien\u0101s, un nozares p\u0101rst\u0101vji sagaida, ka \u0161ogad p\u0101rdo\u0161anas apjoms pieaugs par 10\u201315%. Ar\u012b \u0161oreiz V\u0101cijas sabiedr\u012bb\u0101 aktualiz\u0113ju\u0161\u0101s ikgad\u0113j\u0101s diskusijas par Jaungada svin\u012bbu ugu\u0146o\u0161anas nepiecie\u0161am\u012bbu. Lai gan valsts m\u0113roga ugu\u0146o\u0161anas aizliegums v\u0113l nav pie\u0146emts, vald\u012bba risina sarunas ar feder\u0101laj\u0101m zem\u0113m.<\/p>\n<p><a id=\"1\" name=\"1\">Leg\u0101li pirotehniku var ieg\u0101d\u0101ties vien tr\u012bs dienas gad\u0101\u00a0<\/a><\/p>\n<p>Jaunais gads V\u0101cij\u0101 tradicion\u0101li s\u0101kas ar ugu\u0146o\u0161anu, kad miljoniem pilso\u0146u izmanto pirotehnikas izstr\u0101d\u0101jumus, bet liel\u0101kaj\u0101s pils\u0113t\u0101s notiek v\u0113rien\u012bgi ugu\u0146o\u0161anas \u0161ovi. Ta\u010du pirotehniku var ieg\u0101d\u0101ties vien katra gada p\u0113d\u0113j\u0101s tr\u012bs dien\u0101s. \u0160aj\u0101 laik\u0101 cilv\u0113ki pirotehniku ieg\u0101d\u0101jas ne vien Jaungada svin\u012bb\u0101m.\u00a0<\/p>\n<blockquote>\n<p>Pie k\u0101da v\u012brie\u0161a pagrab\u0101 Berl\u012bnes policija \u0161om\u0113nes konfisc\u0113ja ugu\u0146o\u0161anas ier\u012bces, kuru kopsvars bija 330 kilogrami. V\u012brietis par to bija liel\u012bjies internet\u0101 un da\u013cu no pirotehnikas ar\u012b tirgoja.\u00a0<\/p>\n<\/blockquote>\n<p>Savuk\u0101rt Rostokas policija izplat\u012bja inform\u0101ciju par zag\u013ciem, kas tr\u012bs viet\u0101s V\u0101cijas zieme\u013cos pirms Jaun\u0101 gada ir piek\u013cuvu\u0161i tr\u012bs kravas konteineriem, kur\u0101 atradusies lielveikaliem dom\u0101ta pirotehnika un to nozagu\u0161i.\u00a0<\/p>\n<p><a name=\"2\">Traumas g\u016bst simtiem cilv\u0113ku; \u012bpa\u0161umu boj\u0101jumi m\u0113r\u0101mi miljonos eiro\u00a0<\/a><\/p>\n<p>Ar\u012b \u0161ogad V\u0101cijas sabiedr\u012bb\u0101 aktualiz\u0113jusies diskusija par to, vai pirotehnikas lieto\u0161ana neb\u016btu j\u0101aizliedz. To atbalsta medic\u012bnas nozares p\u0101rst\u0101vji, policisti, V\u0101cijas B\u0113rnu fonds, vides un dz\u012bvnieku labtur\u012bbas grupas un citas organiz\u0101cijas.\u00a0<\/p>\n<p>Da\u017e\u0101di incidenti nodara kait\u0113jumu gan cilv\u0113ka vesel\u012bbai gan \u012bpa\u0161umam. R\u012bkojoties ar pirotehniku, personas regul\u0101ri g\u016bst nopietnas un da\u017ek\u0101rt pat let\u0101las traumas. Par \u012bpa\u0161i b\u012bstam\u0101m tiek uzskat\u012btas pa\u0161tais\u012btas spr\u0101dzienb\u012bstam\u0101s ier\u012bces un jaud\u012bgi neleg\u0101lie ugu\u0146o\u0161anas piederumi.\u00a0<\/p>\n<blockquote>\n<p>P\u0113rn Vecgada vakar\u0101, neuzman\u012bgi\u00a0izmantojot\u00a0pirotehniku, g\u0101ja boj\u0101 pieci cilv\u0113ki, bet v\u0113l vair\u0101ki simti guva ievainojumus.\u00a0<\/p>\n<\/blockquote>\n<p>Pag\u0101ju\u0161aj\u0101 gad\u0101 Berl\u012bn\u0113 Jaungada vakar\u0101 vismaz 15 policisti tika ievainoti, vair\u0101ki no vi\u0146iem tie\u0161i no ugu\u0146o\u0161anas ier\u012bc\u0113m. Policijas zi\u0146ojumi liecina, ka tika arest\u0113ti aptuveni 390 cilv\u0113ki.\u00a0<\/p>\n<p>L\u012bdz\u0101s tradicion\u0101laj\u0101m petard\u0113m t\u0101 saukt\u0101s &#8220;ugu\u0146o\u0161anas ier\u012bces&#8221; bija galvenais nopietnu traumu un post\u012bjumu c\u0113lonis galvaspils\u0113t\u0101.\u00a0<\/p>\n<p>&#8220;Ja j\u016bs ekstrapol\u0113jat skait\u013cus, tad m\u0113s run\u0101jam par vair\u0101kiem miljoniem eiro tikai \u012bpa\u0161uma boj\u0101jumos vien. Un tam kl\u0101t v\u0113l n\u0101k visi zaud\u0113jumi, kas ir saist\u012bti ar medic\u012bnas pakalpojumiem,&#8221; teica\u00a0apdro\u0161in\u0101t\u0101ju grupas &#8220;Signal Iduna&#8221;\u00a0p\u0101rst\u0101vis Edzards Benmans.\u00a0<\/p>\n<p>Aizlieguma atbalst\u012bt\u0101ji nor\u0101da ar\u012b uz to, ka ugu\u0146o\u0161ana var b\u016bt traumatiska dz\u012bvniekiem, k\u0101 ar\u012b cilv\u0113kiem, kas dz\u012bvoju\u0161i kara apst\u0101k\u013cos.\u00a0<\/p>\n<blockquote>\n<p>Vair\u0101k nek\u0101 2,4 miljoni cilv\u0113ku ir parakst\u012bju\u0161i Berl\u012bnes Policijas arodbiedr\u012bbas pet\u012bciju &#8220;Vis\u0101 valst\u012b aizliegt petardes!&#8221;.\u00a0<\/p>\n<\/blockquote>\n<p><a name=\"3\">Pirotehnikas nozare\u00a0nesaskata nepiecie\u0161am\u012bbu ieviest piln\u012bgu ugu\u0146o\u0161anas aizliegumu\u00a0<\/a><\/p>\n<p>Decembr\u012b Feder\u0101l\u0101 Iek\u0161lietu ministrija pazi\u0146oja, ka t\u0101 p\u0113ta veidus, k\u0101 ieviest stingr\u0101kus noteikumus priv\u0101tiem Jaungada ugu\u0146o\u0161anas pas\u0101kumiem, piem\u0113ram, grozot Spr\u0101gstvielu likumu vai saist\u012btus noteikumus. Lai gan valsts m\u0113roga ugu\u0146o\u0161anas aizliegums v\u0113l nav pie\u0146emts, vald\u012bba risina sarunas ar feder\u0101laj\u0101m zem\u0113m.\u00a0<\/p>\n<p>&#8220;M\u0113s visp\u0101r\u012bgu aizliegumu uzskat\u0101m par disproporcion\u0101lu. Tie, kas nav ieinteres\u0113ti pirotehnikas izstr\u0101d\u0101jumos, nav spiesti tos lietot. Savuk\u0101rt tie, kas izmanto pirotehnikas izstr\u0101d\u0101jumus \u2013 vismaz vair\u0101kums no vi\u0146iem \u2013 dara to pareizi un atbilsto\u0161i noteikumiem,&#8221; skaidroja\u00a0Pirotehnikas industrijas asoci\u0101cijas izpilddirektors Klauss Gocens.\u00a0<\/p>\n<blockquote>\n<p>Aptuveni 69 % v\u0101cie\u0161u uzskata Jaungada ugu\u0146o\u0161anu par b\u016btisku svin\u012bbu sast\u0101vda\u013cu, savuk\u0101rt da\u013ca iedz\u012bvot\u0101ju atbalsta ierobe\u017eojumus vai piln\u012bgus aizliegumus, liecina komp\u0101nijas &#8220;Ipsos&#8221;\u00a0p\u0113t\u012bjums.\u00a0<\/p>\n<\/blockquote>\n<p>Bet Berl\u012bnes sabiedrisk\u0101s raidorganiz\u0101cijas RBB pas\u016bt\u012bt\u0101 aptauja liecina, ka aptuveni tr\u012bs ceturtda\u013cas berl\u012bnie\u0161u v\u0113l\u0113tos, lai priv\u0101ta Jaungada ugu\u0146o\u0161ana tiktu aizliegta. Aptaujas ar\u012b liecina par skaidr\u0101m at\u0161\u0137ir\u012bb\u0101m starp vecuma grup\u0101m, proti, visvair\u0101k ugu\u0146o\u0161anu pa\u0161i v\u0113las r\u012bkot jaunie\u0161i, bet vismaz\u0101k \u2013 seniori.<\/p>\n<p>                    Valodas k\u013c\u016bda rakst\u0101?<\/p>\n<p class=\"d-none d-md-block\">Iez\u012bm\u0113jiet tekstu un spiediet Ctrl+Enter, lai nos\u016bt\u012btu labojamo teksta fragmentu redaktoram! Par faktu k\u013c\u016bd\u0101m l\u016bdzam zi\u0146ot e-past\u0101 <a href=\"https:\/\/www.lsm.lv\/cdn-cgi\/l\/email-protection\" class=\"__cf_email__\" data-cfemail=\"fa889f9e9b919993909bba968997d4968c\" rel=\"nofollow noopener\" target=\"_blank\">[email\u00a0protected]<\/a>.<\/p>\n<p class=\"d-md-none\">Iez\u012bm\u0113jiet tekstu un spiediet uz Zi\u0146ot par k\u013c\u016bdu pogas, lai nos\u016bt\u012btu labojamo teksta fragmentu redaktoram!<\/p>\n<p>\n                    Zi\u0146ot par k\u013c\u016bdu\n                <\/p>\n","protected":false},"excerpt":{"rendered":"31. decembris ir p\u0113d\u0113j\u0101 diena, kad\u00a0V\u0101cij\u0101 ir at\u013cauta pirotehnikas ieg\u0101de. Pirotehniku\u00a0leg\u0101li p\u0101rdod\u00a0tikai gada p\u0113d\u0113j\u0101s tr\u012bs dien\u0101s, un nozares&hellip;\n","protected":false},"author":2,"featured_media":90779,"comment_status":"","ping_status":"","sticky":false,"template":"","format":"standard","meta":{"footnotes":""},"categories":[14],"tags":[23,57,28,29,32,33,22,30,31,35,39,38,36,37,34,40,20,26,27,24,25,54,55,56,21,58],"class_list":{"0":"post-90778","1":"post","2":"type-post","3":"status-publish","4":"format-standard","5":"has-post-thumbnail","7":"category-zinas-no-arvalstim","8":"tag-aktualitates","9":"tag-arvalstim","10":"tag-breaking-news","11":"tag-breakingnews","12":"tag-featured-news","13":"tag-featurednews","14":"tag-headlines","15":"tag-latest-news","16":"tag-latestnews","17":"tag-latvia","18":"tag-latvian","19":"tag-latviesu","20":"tag-latviesu-valoda","21":"tag-latviesuvaloda","22":"tag-latvija","23":"tag-lv","24":"tag-news","25":"tag-popularakas-zinas","26":"tag-popularakaszinas","27":"tag-top-stories","28":"tag-topstories","29":"tag-world","30":"tag-world-news","31":"tag-worldnews","32":"tag-zinas","33":"tag-zinas-no-arvalstim"},"share_on_mastodon":{"url":"https:\/\/pubeurope.com\/@lv\/115813731754183466","error":""},"_links":{"self":[{"href":"https:\/\/www.europesays.com\/lv\/wp-json\/wp\/v2\/posts\/90778","targetHints":{"allow":["GET"]}}],"collection":[{"href":"https:\/\/www.europesays.com\/lv\/wp-json\/wp\/v2\/posts"}],"about":[{"href":"https:\/\/www.europesays.com\/lv\/wp-json\/wp\/v2\/types\/post"}],"author":[{"embeddable":true,"href":"https:\/\/www.europesays.com\/lv\/wp-json\/wp\/v2\/users\/2"}],"replies":[{"embeddable":true,"href":"https:\/\/www.europesays.com\/lv\/wp-json\/wp\/v2\/comments?post=90778"}],"version-history":[{"count":0,"href":"https:\/\/www.europesays.com\/lv\/wp-json\/wp\/v2\/posts\/90778\/revisions"}],"wp:featuredmedia":[{"embeddable":true,"href":"https:\/\/www.europesays.com\/lv\/wp-json\/wp\/v2\/media\/90779"}],"wp:attachment":[{"href":"https:\/\/www.europesays.com\/lv\/wp-json\/wp\/v2\/media?parent=90778"}],"wp:term":[{"taxonomy":"category","embeddable":true,"href":"https:\/\/www.europesays.com\/lv\/wp-json\/wp\/v2\/categories?post=90778"},{"taxonomy":"post_tag","embeddable":true,"href":"https:\/\/www.europesays.com\/lv\/wp-json\/wp\/v2\/tags?post=90778"}],"curies":[{"name":"wp","href":"https:\/\/api.w.org\/{rel}","templated":true}]}}