{"id":90788,"date":"2025-12-31T10:42:08","date_gmt":"2025-12-31T10:42:08","guid":{"rendered":"https:\/\/www.europesays.com\/lv\/90788\/"},"modified":"2025-12-31T10:42:08","modified_gmt":"2025-12-31T10:42:08","slug":"vina-bija-34-gadus-jaunaka-bet-mels-gibsons-izskiries-ar-sava-devita-berna-mati-santa","status":"publish","type":"post","link":"https:\/\/www.europesays.com\/lv\/90788\/","title":{"rendered":"Vi\u0146a bija 34 gadus jaun\u0101ka, bet\u2026 Mels Gibsons iz\u0161\u0137\u012bries ar sava dev\u012bt\u0101 b\u0113rna m\u0101ti \u2014 Santa"},"content":{"rendered":"<p>\u00abLai ar\u012b ir skumji aizv\u0113rt \u0161o m\u016bsu dz\u012bves lappusi, m\u0113s esam sv\u0113t\u012bti ar lielisku d\u0113lu un turpin\u0101sim vi\u0146am b\u016bt lab\u0101kie vec\u0101ki,\u00bb teikts p\u0101ra ofici\u0101laj\u0101 pazi\u0146ojum\u0101. Mels Gibsons un vi\u0146a d\u0113la m\u0101te Rozalinda nol\u0113ma izbeigt <a data-id=\"190\" href=\"https:\/\/www.santa.lv\/tema\/190\/attiecibas?utm_source=internal&amp;utm_medium=article&amp;utm_campaign=theme_link\" target=\"_blank\" rel=\"nofollow noopener\">attiec\u012bbas<\/a> jau pirms vair\u0101kiem m\u0113ne\u0161iem, un vi\u0146iem tas esot izdevies bez liek\u0101m domstarp\u012bb\u0101m un aizvainojuma vienam pret otru. \u00a0<\/p>\n<p>Gibsons un Rosa iepazin\u0101s, pateicoties kop\u0113jiem draugiem. Lai ar\u012b p\u0101rim bija liela vecuma at\u0161\u0137ir\u012bba \u2013 34 gadi, vi\u0146u rom\u0101ns s\u0101k\u0101s \u0101tri un att\u012bst\u012bj\u0101s strauji. 2017. gad\u0101 abi k\u013cuva par vec\u0101kiem d\u0113lam Larsam, kur\u0161\u00a0ir Gibsona dev\u012bt\u0101 atvase.<\/p>\n","protected":false},"excerpt":{"rendered":"\u00abLai ar\u012b ir skumji aizv\u0113rt \u0161o m\u016bsu dz\u012bves lappusi, m\u0113s esam sv\u0113t\u012bti ar lielisku d\u0113lu un turpin\u0101sim vi\u0146am&hellip;\n","protected":false},"author":2,"featured_media":90789,"comment_status":"","ping_status":"","sticky":false,"template":"","format":"standard","meta":{"footnotes":""},"categories":[19],"tags":[89,90,35,39,38,36,37,34,40],"class_list":{"0":"post-90788","1":"post","2":"type-post","3":"status-publish","4":"format-standard","5":"has-post-thumbnail","7":"category-izklaide","8":"tag-entertainment","9":"tag-izklaide","10":"tag-latvia","11":"tag-latvian","12":"tag-latviesu","13":"tag-latviesu-valoda","14":"tag-latviesuvaloda","15":"tag-latvija","16":"tag-lv"},"share_on_mastodon":{"url":"https:\/\/pubeurope.com\/@lv\/115813767054634475","error":""},"_links":{"self":[{"href":"https:\/\/www.europesays.com\/lv\/wp-json\/wp\/v2\/posts\/90788","targetHints":{"allow":["GET"]}}],"collection":[{"href":"https:\/\/www.europesays.com\/lv\/wp-json\/wp\/v2\/posts"}],"about":[{"href":"https:\/\/www.europesays.com\/lv\/wp-json\/wp\/v2\/types\/post"}],"author":[{"embeddable":true,"href":"https:\/\/www.europesays.com\/lv\/wp-json\/wp\/v2\/users\/2"}],"replies":[{"embeddable":true,"href":"https:\/\/www.europesays.com\/lv\/wp-json\/wp\/v2\/comments?post=90788"}],"version-history":[{"count":0,"href":"https:\/\/www.europesays.com\/lv\/wp-json\/wp\/v2\/posts\/90788\/revisions"}],"wp:featuredmedia":[{"embeddable":true,"href":"https:\/\/www.europesays.com\/lv\/wp-json\/wp\/v2\/media\/90789"}],"wp:attachment":[{"href":"https:\/\/www.europesays.com\/lv\/wp-json\/wp\/v2\/media?parent=90788"}],"wp:term":[{"taxonomy":"category","embeddable":true,"href":"https:\/\/www.europesays.com\/lv\/wp-json\/wp\/v2\/categories?post=90788"},{"taxonomy":"post_tag","embeddable":true,"href":"https:\/\/www.europesays.com\/lv\/wp-json\/wp\/v2\/tags?post=90788"}],"curies":[{"name":"wp","href":"https:\/\/api.w.org\/{rel}","templated":true}]}}