{"id":90790,"date":"2025-12-31T10:46:11","date_gmt":"2025-12-31T10:46:11","guid":{"rendered":"https:\/\/www.europesays.com\/lv\/90790\/"},"modified":"2025-12-31T10:46:11","modified_gmt":"2025-12-31T10:46:11","slug":"lai-silke-nepaliek-bez-kazoka-uzzini-cikos-sodien-veikali-versies-ciet","status":"publish","type":"post","link":"https:\/\/www.europesays.com\/lv\/90790\/","title":{"rendered":"Lai si\u013c\u0137e nepaliek bez ka\u017eoka: uzzini, cikos \u0161odien veikali v\u0113rsies ciet"},"content":{"rendered":"<p>    <img decoding=\"async\" src=\"https:\/\/www.europesays.com\/lv\/wp-content\/uploads\/2025\/12\/LET_24125544-1-1024x598.jpg\" alt=\"&#10;Foto: Ieva Leini\u0161a\/LETA&#10;\"\/><\/p>\n<p>Foto: Ieva Leini\u0161a\/LETA<\/p>\n<p>Ilustrat\u012bvs foto. T\/C \u201cDomina\u201d.\n<\/p>\n<p>Liel\u0101kie tirdzniec\u012bbas centri \u0161odien str\u0101d\u0101s sa\u012bsin\u0101tu darba laiku, noskaidroja a\u0123ent\u016bra LETA.<\/p>\n<p>        Las\u012bt\u0101kie<br \/>\n        <a data-imagesrc=\"{&quot;300&quot;:&quot;https:\\\/\\\/lastatic.ams3.cdn.digitaloceanspaces.com\\\/2025\\\/03\\\/pexels-rakicevic-nenad-233369-769525-300x249.jpg&quot;,&quot;1024&quot;:&quot;https:\\\/\\\/lastatic.ams3.cdn.digitaloceanspaces.com\\\/2025\\\/03\\\/pexels-rakicevic-nenad-233369-769525-1024x851.jpg&quot;,&quot;768&quot;:&quot;https:\\\/\\\/lastatic.ams3.cdn.digitaloceanspaces.com\\\/2025\\\/03\\\/pexels-rakicevic-nenad-233369-769525-768x638.jpg&quot;,&quot;1536&quot;:&quot;https:\\\/\\\/lastatic.ams3.cdn.digitaloceanspaces.com\\\/2025\\\/03\\\/pexels-rakicevic-nenad-233369-769525-1536x1276.jpg&quot;,&quot;2048&quot;:&quot;https:\\\/\\\/lastatic.ams3.cdn.digitaloceanspaces.com\\\/2025\\\/03\\\/pexels-rakicevic-nenad-233369-769525-2048x1701.jpg&quot;,&quot;200&quot;:&quot;https:\\\/\\\/lastatic.ams3.cdn.digitaloceanspaces.com\\\/2025\\\/03\\\/pexels-rakicevic-nenad-233369-769525-200x166.jpg&quot;,&quot;400&quot;:&quot;https:\\\/\\\/lastatic.ams3.cdn.digitaloceanspaces.com\\\/2025\\\/03\\\/pexels-rakicevic-nenad-233369-769525-400x332.jpg&quot;,&quot;500&quot;:&quot;https:\\\/\\\/lastatic.ams3.cdn.digitaloceanspaces.com\\\/2025\\\/03\\\/pexels-rakicevic-nenad-233369-769525-500x415.jpg&quot;,&quot;800&quot;:&quot;https:\\\/\\\/lastatic.ams3.cdn.digitaloceanspaces.com\\\/2025\\\/03\\\/pexels-rakicevic-nenad-233369-769525-800x665.jpg&quot;,&quot;1000&quot;:&quot;https:\\\/\\\/lastatic.ams3.cdn.digitaloceanspaces.com\\\/2025\\\/03\\\/pexels-rakicevic-nenad-233369-769525-1000x831.jpg&quot;,&quot;2560&quot;:&quot;https:\\\/\\\/lastatic.ams3.cdn.digitaloceanspaces.com\\\/2025\\\/03\\\/pexels-rakicevic-nenad-233369-769525-scaled.jpg&quot;}\" data-focuspoint=\"&quot;&quot;\" data-p=\"2470324\" href=\"https:\/\/www.la.lv\/ko-vilkt-jaungada-nakti-astrologi-sniedz-precizas-norades-katrai-zodiaka-zimei\" class=\"content-item lazy-load\" wp_automatic_readability=\"26\" rel=\"nofollow noopener\" target=\"_blank\"><\/p>\n<p>                                <img decoding=\"async\" src=\"\" alt=\"\" style=\"\" data-imageid=\"\"\/><\/p>\n<p>                                Kokteilis<\/p>\n<p>\n                                                Ko vilkt Jaungada nakt\u012b? Astrologi sniedz prec\u012bzas nor\u0101des katrai zodiaka z\u012bmei\n                            <\/p>\n<p><\/a><a data-imagesrc=\"{&quot;300&quot;:&quot;https:\\\/\\\/lastatic.ams3.cdn.digitaloceanspaces.com\\\/2017\\\/12\\\/jaunais-300x200.jpg&quot;,&quot;768&quot;:&quot;https:\\\/\\\/lastatic.ams3.cdn.digitaloceanspaces.com\\\/2017\\\/12\\\/jaunais-768x512.jpg&quot;,&quot;80&quot;:&quot;https:\\\/\\\/lastatic.ams3.cdn.digitaloceanspaces.com\\\/2017\\\/12\\\/jaunais-80x48.jpg&quot;,&quot;112&quot;:&quot;https:\\\/\\\/lastatic.ams3.cdn.digitaloceanspaces.com\\\/2017\\\/12\\\/jaunais-112x64.jpg&quot;,&quot;664&quot;:&quot;https:\\\/\\\/lastatic.ams3.cdn.digitaloceanspaces.com\\\/2017\\\/12\\\/jaunais-664x443.jpg&quot;,&quot;240&quot;:&quot;https:\\\/\\\/lastatic.ams3.cdn.digitaloceanspaces.com\\\/2017\\\/12\\\/jaunais-240x160.jpg&quot;,&quot;263&quot;:&quot;https:\\\/\\\/lastatic.ams3.cdn.digitaloceanspaces.com\\\/2017\\\/12\\\/jaunais-263x175.jpg&quot;,&quot;507&quot;:&quot;https:\\\/\\\/lastatic.ams3.cdn.digitaloceanspaces.com\\\/2017\\\/12\\\/jaunais-507x338.jpg&quot;,&quot;118&quot;:&quot;https:\\\/\\\/lastatic.ams3.cdn.digitaloceanspaces.com\\\/2017\\\/12\\\/jaunais-118x70.jpg&quot;,&quot;348&quot;:&quot;https:\\\/\\\/lastatic.ams3.cdn.digitaloceanspaces.com\\\/2017\\\/12\\\/jaunais-348x225.jpg&quot;,&quot;640&quot;:&quot;https:\\\/\\\/lastatic.ams3.cdn.digitaloceanspaces.com\\\/2017\\\/12\\\/jaunais-640x640.jpg&quot;,&quot;90&quot;:&quot;https:\\\/\\\/lastatic.ams3.cdn.digitaloceanspaces.com\\\/2017\\\/12\\\/jaunais-90x58.jpg&quot;,&quot;960&quot;:&quot;https:\\\/\\\/lastatic.ams3.cdn.digitaloceanspaces.com\\\/2017\\\/12\\\/jaunais.jpg&quot;}\" data-focuspoint=\"&quot;&quot;\" data-p=\"2477013\" href=\"https:\/\/www.la.lv\/ko-vilkt-mugura-sagaidot-uguniga-zirga-gadu-padomi-katrai-zodiaka-zimei-lai-piesaistitu-veiksmi-un-harmoniju\" class=\"content-item lazy-load\" wp_automatic_readability=\"27.5\" rel=\"nofollow noopener\" target=\"_blank\"><\/p>\n<p>                                <img decoding=\"async\" src=\"\" alt=\"\" style=\"\" data-imageid=\"\"\/><\/p>\n<p>                                Kokteilis<\/p>\n<p>\n                                                Ko vilkt mugur\u0101, sagaidot Ugun\u012bg\u0101 Zirga gadu? Padomi katrai zodiaka z\u012bmei, lai piesaist\u012btu veiksmi un harmoniju\n                            <\/p>\n<p><\/a><a data-imagesrc=\"{&quot;300&quot;:&quot;https:\\\/\\\/lastatic.ams3.cdn.digitaloceanspaces.com\\\/2021\\\/09\\\/autobuss-300x196.jpg&quot;,&quot;1024&quot;:&quot;https:\\\/\\\/lastatic.ams3.cdn.digitaloceanspaces.com\\\/2021\\\/09\\\/autobuss-1024x669.jpg&quot;,&quot;768&quot;:&quot;https:\\\/\\\/lastatic.ams3.cdn.digitaloceanspaces.com\\\/2021\\\/09\\\/autobuss-768x502.jpg&quot;,&quot;200&quot;:&quot;https:\\\/\\\/lastatic.ams3.cdn.digitaloceanspaces.com\\\/2021\\\/09\\\/autobuss-200x131.jpg&quot;,&quot;400&quot;:&quot;https:\\\/\\\/lastatic.ams3.cdn.digitaloceanspaces.com\\\/2021\\\/09\\\/autobuss-400x261.jpg&quot;,&quot;500&quot;:&quot;https:\\\/\\\/lastatic.ams3.cdn.digitaloceanspaces.com\\\/2021\\\/09\\\/autobuss-500x326.jpg&quot;,&quot;800&quot;:&quot;https:\\\/\\\/lastatic.ams3.cdn.digitaloceanspaces.com\\\/2021\\\/09\\\/autobuss-800x522.jpg&quot;,&quot;1000&quot;:&quot;https:\\\/\\\/lastatic.ams3.cdn.digitaloceanspaces.com\\\/2021\\\/09\\\/autobuss-1000x653.jpg&quot;,&quot;1268&quot;:&quot;https:\\\/\\\/lastatic.ams3.cdn.digitaloceanspaces.com\\\/2021\\\/09\\\/autobuss.jpg&quot;}\" data-focuspoint=\"&quot;&quot;\" data-p=\"2486940\" href=\"https:\/\/www.la.lv\/panika-iecava-piedzeries-pasazieris-sacis-saudities-autobusa\" class=\"content-item lazy-load\" wp_automatic_readability=\"26\" rel=\"nofollow noopener\" target=\"_blank\"><\/p>\n<p>                                <img decoding=\"async\" src=\"\" alt=\"\" style=\"\" data-imageid=\"\"\/><\/p>\n<p>                                Krimin\u0101ls<\/p>\n<p>\n                                                Panika Iecav\u0101: piedz\u0113ries pasa\u017eieris s\u0101cis \u0161aud\u012bties autobus\u0101\n                            <\/p>\n<p><\/a><br \/>\n        <a class=\"read-more\" href=\"https:\/\/www.la.lv\/top\" rel=\"nofollow noopener\" target=\"_blank\">Las\u012bt citas zi\u0146as<\/a><\/p>\n<p>Tirdzniec\u012bbas centru \u201cAkropole Alfa\u201d un \u201cAkropole R\u012bga\u201d veikali un pakalpojumu snieg\u0161anas vietas \u0161odien str\u0101d\u0101s no plkst. 10 l\u012bdz 20. Savuk\u0101rt 1. janv\u0101r\u012b iepirk\u0161an\u0101s centri b\u016bs da\u013c\u0113ji sl\u0113gti un darbosies tikai atsevi\u0161\u0137u kategoriju veikali un pakalpojumu snieg\u0161anas vietas.<\/p>\n<p>Veikals \u201cRimi\u201d, kas atrodas \u201cAkropole Alf\u0101\u201d, \u0161odien str\u0101d\u0101s no plkst. 8 l\u012bdz 21, bet 1. janv\u0101r\u012b \u2013 no plkst. 11 l\u012bdz 21.<\/p>\n<p>    CITI \u0160OBR\u012aD LASA<\/p>\n<p>Veikals \u201cMaxima XXX\u201d, kas atrodas \u201cAkropole R\u012bg\u0101\u201d, \u0161odien str\u0101d\u0101s no plkst. 8 l\u012bdz 21, bet 1. janv\u0101r\u012b veikals b\u016bs sl\u0113gts.<\/p>\n<p>\u201cOrigo\u201d darba laiks \u0161odien b\u016bs no plkst. 10 l\u012bdz 20, bet 1. janv\u0101r\u012b \u201cOrigo\u201d b\u016bs da\u013c\u0113ji sl\u0113gts un darbosies tikai atsevi\u0161\u0137u kategoriju veikali un pakalpojumu sniedz\u0113ji.<\/p>\n<p>Tostarp \u201cOrigo\u201d eso\u0161ais \u201cRimi Hyper\u201d \u0161odien str\u0101d\u0101s no plkst. 7 l\u012bdz 21, bet 1. janv\u0101r\u012b \u2013 no plkst. 11 l\u012bdz 22.<\/p>\n<p>Tirdzniec\u012bbas centrs \u201cSpice\u201d un \u201cSpice Home\u201d \u0161odien str\u0101d\u0101s no plkst. 10 l\u012bdz 18. Savuk\u0101rt 1. janv\u0101r\u012b tirdzniec\u012bbas centrs b\u016bs sl\u0113gts.<\/p>\n<p>\u201cRimi\u201d, kas atrodas \u201cSpic\u0113\u201d, darba laiks \u0161odien b\u016bs no plkst. 8 l\u012bdz 21, bet 1. janv\u0101r\u012b \u2013 no plkst. 11 l\u012bdz 21.<\/p>\n<p>\u201cDomina Shopping\u201d darba laiks \u0161odien b\u016bs no plkst. 10 l\u012bdz 19. Tirdzniec\u012bbas centrs 1. janv\u0101r\u012b b\u016bs sl\u0113gts.<\/p>\n<p>Savuk\u0101rt tirdzniec\u012bbas centr\u0101 eso\u0161\u0101 \u201cMaxima XXX\u201d \u0161odien str\u0101d\u0101s no plkst. 8 l\u012bdz 20, bet 1. janv\u0101r\u012b veikals b\u016bs sl\u0113gts.<\/p>\n<p>\u201cGalerija Centrs\u201d darba laiks \u0161odien b\u016bs no plkst. 10 l\u012bdz 19. \u201cGalerija Centrs\u201d 1. janv\u0101r\u012b b\u016bs sl\u0113gts.<\/p>\n<p>\u201cRimi\u201d, kas atrodas \u201cGalerij\u0101 Centrs\u201d, \u0161odien str\u0101d\u0101s no plkst. 8 l\u012bdz 21, bet 1. janv\u0101r\u012b \u2013 no plkst. 11 l\u012bdz 20.<\/p>\n<p>\u201cStockmann\u201d kosm\u0113tikas, modes un m\u0101jas noda\u013cas darba laiks \u0161odien b\u016bs no plkst. 10 l\u012bdz 20, bet delikate\u0161u noda\u013ca \u2013 no plkst. 9 l\u012bdz 20. \u201cStockmann\u201d 1. janv\u0101r\u012b b\u016bs sl\u0113gts.<\/p>\n<p>\u201cR\u012bga Plaza\u201d \u0161odien str\u0101d\u0101s no plkst. 10 l\u012bdz 19, bet 1. janv\u0101r\u012b tirdzniec\u012bbas centrs b\u016bs sl\u0113gts.<\/p>\n<p>\u201cMaxima XXX\u201d, kas atrodas \u201cR\u012bga Plaz\u0101\u201d, \u0161odien str\u0101d\u0101s no plkst. 8 l\u012bdz 20, savuk\u0101rt 1. janv\u0101r\u012b veikals b\u016bs sl\u0113gts.<\/p>\n<p>    SAIST\u012aTIE RAKSTI<\/p>\n","protected":false},"excerpt":{"rendered":"Foto: Ieva Leini\u0161a\/LETA Ilustrat\u012bvs foto. T\/C \u201cDomina\u201d. Liel\u0101kie tirdzniec\u012bbas centri \u0161odien str\u0101d\u0101s sa\u012bsin\u0101tu darba laiku, noskaidroja a\u0123ent\u016bra LETA.&hellip;\n","protected":false},"author":2,"featured_media":90791,"comment_status":"","ping_status":"","sticky":false,"template":"","format":"standard","meta":{"footnotes":""},"categories":[12],"tags":[23,28,29,32,33,22,30,31,35,39,38,36,37,34,40,20,26,27,24,25,21],"class_list":{"0":"post-90790","1":"post","2":"type-post","3":"status-publish","4":"format-standard","5":"has-post-thumbnail","7":"category-latvija","8":"tag-aktualitates","9":"tag-breaking-news","10":"tag-breakingnews","11":"tag-featured-news","12":"tag-featurednews","13":"tag-headlines","14":"tag-latest-news","15":"tag-latestnews","16":"tag-latvia","17":"tag-latvian","18":"tag-latviesu","19":"tag-latviesu-valoda","20":"tag-latviesuvaloda","21":"tag-latvija","22":"tag-lv","23":"tag-news","24":"tag-popularakas-zinas","25":"tag-popularakaszinas","26":"tag-top-stories","27":"tag-topstories","28":"tag-zinas"},"share_on_mastodon":{"url":"https:\/\/pubeurope.com\/@lv\/115813782828667433","error":""},"_links":{"self":[{"href":"https:\/\/www.europesays.com\/lv\/wp-json\/wp\/v2\/posts\/90790","targetHints":{"allow":["GET"]}}],"collection":[{"href":"https:\/\/www.europesays.com\/lv\/wp-json\/wp\/v2\/posts"}],"about":[{"href":"https:\/\/www.europesays.com\/lv\/wp-json\/wp\/v2\/types\/post"}],"author":[{"embeddable":true,"href":"https:\/\/www.europesays.com\/lv\/wp-json\/wp\/v2\/users\/2"}],"replies":[{"embeddable":true,"href":"https:\/\/www.europesays.com\/lv\/wp-json\/wp\/v2\/comments?post=90790"}],"version-history":[{"count":0,"href":"https:\/\/www.europesays.com\/lv\/wp-json\/wp\/v2\/posts\/90790\/revisions"}],"wp:featuredmedia":[{"embeddable":true,"href":"https:\/\/www.europesays.com\/lv\/wp-json\/wp\/v2\/media\/90791"}],"wp:attachment":[{"href":"https:\/\/www.europesays.com\/lv\/wp-json\/wp\/v2\/media?parent=90790"}],"wp:term":[{"taxonomy":"category","embeddable":true,"href":"https:\/\/www.europesays.com\/lv\/wp-json\/wp\/v2\/categories?post=90790"},{"taxonomy":"post_tag","embeddable":true,"href":"https:\/\/www.europesays.com\/lv\/wp-json\/wp\/v2\/tags?post=90790"}],"curies":[{"name":"wp","href":"https:\/\/api.w.org\/{rel}","templated":true}]}}